{"id":9965,"date":"2022-04-06T16:28:07","date_gmt":"2022-04-06T20:28:07","guid":{"rendered":"http:\/\/mincomercionacional.gob.ve\/?p=9965"},"modified":"2022-11-28T16:32:28","modified_gmt":"2022-11-28T20:32:28","slug":"sundde-supervisara-precios-fijados-del-pescado-para-la-temporada-de-semana-santa-2022","status":"publish","type":"post","link":"https:\/\/mincomercionacional.gob.ve\/?p=9965","title":{"rendered":"Sundde supervisar\u00e1 precios fijados del pescado para la temporada de Semana Santa 2022"},"content":{"rendered":"<p style=\"text-align: justify;\">El ministerio del Poder Popular de Comercio Nacional, supervisar\u00e1 los precios del rubro pescado que se comercializar\u00e1 en esta temporada de Semana Santa 2022, luego de las mesas de trabajo establecidas con el ministerio de Pesca y Acuicultura, ministerio de Alimentaci\u00f3n, productores nacionales y cadenas de comercializaci\u00f3n privadas.<\/p>\n<p style=\"text-align: justify;\">En tal sentido la Superintendencia Nacional para la Defensa de los Derechos Socioecon\u00f3micos (SUNDDE) se desplegar\u00e1 con m\u00e1s de 540 fiscales en mercados municipales, mayoristas y minoristas del territorio nacional, informando y posteriormente verificando el cumplimiento de este listado de precios.<\/p>\n<p style=\"text-align: justify;\">Los resultados de estas mesas de concertaci\u00f3n de precios, forma parte del primer v\u00e9rtice del Plan Estrat\u00e9gica de Reimpulso del Comercio Nacional, que Promueve la defensa de los derechos socio-econ\u00f3micos, la proyecci\u00f3n del ingreso de las familias venezolanas mediante la regulaci\u00f3n y supervisi\u00f3n de costos, precios , bienes y Servicios.<\/p>\n","protected":false},"excerpt":{"rendered":"<p>El ministerio del Poder Popular de Comercio Nacional, supervisar\u00e1 los precios del rubro pescado que se comercializar\u00e1 en esta temporada de Semana Santa 2022, luego de las mesas de trabajo establecidas con el ministerio de Pesca y Acuicultura, ministerio de Alimentaci\u00f3n, productores nacionales y cadenas de comercializaci\u00f3n privadas. En tal sentido la Superintendencia Nacional para &hellip;<\/p>\n","protected":false},"author":12,"featured_media":9966,"comment_status":"closed","ping_status":"open","sticky":false,"template":"","format":"standard","meta":{"footnotes":""},"categories":[79,1],"tags":[1045,932,322,59,398],"class_list":["post-9965","post","type-post","status-publish","format-standard","has-post-thumbnail","hentry","category-noticias","category-prensa","tag-pescado","tag-plan-estrategico-de-reimpulso-del-comercio-nacional","tag-precios-justos","tag-sundde","tag-supervision"],"jetpack_featured_media_url":"https:\/\/i0.wp.com\/mincomercionacional.gob.ve\/wp-content\/uploads\/2022\/04\/png-WhatsApp-Image-2022-04-06-at-4.23.49-PM-2.png?fit=1000%2C460&ssl=1","jetpack_shortlink":"https:\/\/wp.me\/pbvjg9-2AJ","_links":{"self":[{"href":"https:\/\/mincomercionacional.gob.ve\/index.php?rest_route=\/wp\/v2\/posts\/9965","targetHints":{"allow":["GET"]}}],"collection":[{"href":"https:\/\/mincomercionacional.gob.ve\/index.php?rest_route=\/wp\/v2\/posts"}],"about":[{"href":"https:\/\/mincomercionacional.gob.ve\/index.php?rest_route=\/wp\/v2\/types\/post"}],"author":[{"embeddable":true,"href":"https:\/\/mincomercionacional.gob.ve\/index.php?rest_route=\/wp\/v2\/users\/12"}],"replies":[{"embeddable":true,"href":"https:\/\/mincomercionacional.gob.ve\/index.php?rest_route=%2Fwp%2Fv2%2Fcomments&post=9965"}],"version-history":[{"count":1,"href":"https:\/\/mincomercionacional.gob.ve\/index.php?rest_route=\/wp\/v2\/posts\/9965\/revisions"}],"predecessor-version":[{"id":9967,"href":"https:\/\/mincomercionacional.gob.ve\/index.php?rest_route=\/wp\/v2\/posts\/9965\/revisions\/9967"}],"wp:featuredmedia":[{"embeddable":true,"href":"https:\/\/mincomercionacional.gob.ve\/index.php?rest_route=\/wp\/v2\/media\/9966"}],"wp:attachment":[{"href":"https:\/\/mincomercionacional.gob.ve\/index.php?rest_route=%2Fwp%2Fv2%2Fmedia&parent=9965"}],"wp:term":[{"taxonomy":"category","embeddable":true,"href":"https:\/\/mincomercionacional.gob.ve\/index.php?rest_route=%2Fwp%2Fv2%2Fcategories&post=9965"},{"taxonomy":"post_tag","embeddable":true,"href":"https:\/\/mincomercionacional.gob.ve\/index.php?rest_route=%2Fwp%2Fv2%2Ftags&post=9965"}],"curies":[{"name":"wp","href":"https:\/\/api.w.org\/{rel}","templated":true}]}}