{"id":9878,"date":"2022-04-01T09:31:05","date_gmt":"2022-04-01T13:31:05","guid":{"rendered":"http:\/\/mincomercionacional.gob.ve\/?p=9878"},"modified":"2022-04-01T09:31:05","modified_gmt":"2022-04-01T13:31:05","slug":"ompi-promueve-estrategias-para-fortalecer-el-derecho-de-autor-en-comunidades-indigenas","status":"publish","type":"post","link":"https:\/\/mincomercionacional.gob.ve\/?p=9878","title":{"rendered":"OMPI promueve estrategias para fortalecer el Derecho de Autor en comunidades ind\u00edgenas"},"content":{"rendered":"<p style=\"text-align: justify;\">La Organizaci\u00f3n Mundial de la Propiedad Intelectual ofreci\u00f3 el seminario web C\u00f3mo proteger y promover su cultura: Derecho de Autor, donde particip\u00f3 el Servicio Aut\u00f3nomo de la Propiedad Intelectual (SAPI), ente adscrito al Ministerio del Poder Popular de Comercio Nacional.<\/p>\n<p style=\"text-align: justify;\">En la actividad se dieron cita diversos pa\u00edses de la regi\u00f3n, entre los que destacan: Colombia, Per\u00fa y M\u00e9xico, quienes se\u00f1alaron que el objetivo es fortalecer la defensa de las expresiones culturales tradicionales.<\/p>\n<p style=\"text-align: justify;\">Previo a esta actividad el director general del SAPI, Ricardo Javier S\u00e1nchez, sostuvo un encuentro con la ministra del Poder Popular para los Pueblos Ind\u00edgenas, Clara Vidal, para establecer proyectos que fomenten el desarrollo econ\u00f3mico de los Pueblos Originarios en los \u00e1mbitos gastron\u00f3mico, artesanal, textil y calzado, tal como lo ha instruido la ministra de Comercio Nacional, Dheliz \u00c1lvarez.<\/p>\n","protected":false},"excerpt":{"rendered":"<p>La Organizaci\u00f3n Mundial de la Propiedad Intelectual ofreci\u00f3 el seminario web C\u00f3mo proteger y promover su cultura: Derecho de Autor, donde particip\u00f3 el Servicio Aut\u00f3nomo de la Propiedad Intelectual (SAPI), ente adscrito al Ministerio del Poder Popular de Comercio Nacional. En la actividad se dieron cita diversos pa\u00edses de la regi\u00f3n, entre los que destacan: &hellip;<\/p>\n","protected":false},"author":12,"featured_media":9879,"comment_status":"closed","ping_status":"open","sticky":false,"template":"","format":"standard","meta":{"footnotes":""},"categories":[79],"tags":[547,736,1043,34,1042,1041,263,75,39],"class_list":["post-9878","post","type-post","status-publish","format-standard","has-post-thumbnail","hentry","category-noticias","tag-derechos-de-autor","tag-dheliz-alvarez","tag-latinoamerica","tag-ministerio-de-comercio-nacional","tag-pueblos-indigenas","tag-pueblos-originarios","tag-ricardo-javier-sanchez","tag-sapi","tag-venezuela"],"jetpack_featured_media_url":"https:\/\/i0.wp.com\/mincomercionacional.gob.ve\/wp-content\/uploads\/2022\/04\/IMG-20220401-WA0009.jpg?fit=1080%2C720&ssl=1","jetpack_shortlink":"https:\/\/wp.me\/pbvjg9-2zk","_links":{"self":[{"href":"https:\/\/mincomercionacional.gob.ve\/index.php?rest_route=\/wp\/v2\/posts\/9878","targetHints":{"allow":["GET"]}}],"collection":[{"href":"https:\/\/mincomercionacional.gob.ve\/index.php?rest_route=\/wp\/v2\/posts"}],"about":[{"href":"https:\/\/mincomercionacional.gob.ve\/index.php?rest_route=\/wp\/v2\/types\/post"}],"author":[{"embeddable":true,"href":"https:\/\/mincomercionacional.gob.ve\/index.php?rest_route=\/wp\/v2\/users\/12"}],"replies":[{"embeddable":true,"href":"https:\/\/mincomercionacional.gob.ve\/index.php?rest_route=%2Fwp%2Fv2%2Fcomments&post=9878"}],"version-history":[{"count":1,"href":"https:\/\/mincomercionacional.gob.ve\/index.php?rest_route=\/wp\/v2\/posts\/9878\/revisions"}],"predecessor-version":[{"id":9880,"href":"https:\/\/mincomercionacional.gob.ve\/index.php?rest_route=\/wp\/v2\/posts\/9878\/revisions\/9880"}],"wp:featuredmedia":[{"embeddable":true,"href":"https:\/\/mincomercionacional.gob.ve\/index.php?rest_route=\/wp\/v2\/media\/9879"}],"wp:attachment":[{"href":"https:\/\/mincomercionacional.gob.ve\/index.php?rest_route=%2Fwp%2Fv2%2Fmedia&parent=9878"}],"wp:term":[{"taxonomy":"category","embeddable":true,"href":"https:\/\/mincomercionacional.gob.ve\/index.php?rest_route=%2Fwp%2Fv2%2Fcategories&post=9878"},{"taxonomy":"post_tag","embeddable":true,"href":"https:\/\/mincomercionacional.gob.ve\/index.php?rest_route=%2Fwp%2Fv2%2Ftags&post=9878"}],"curies":[{"name":"wp","href":"https:\/\/api.w.org\/{rel}","templated":true}]}}