{"id":9835,"date":"2022-03-28T08:16:45","date_gmt":"2022-03-28T12:16:45","guid":{"rendered":"http:\/\/mincomercionacional.gob.ve\/?p=9835"},"modified":"2022-03-28T13:38:18","modified_gmt":"2022-03-28T17:38:18","slug":"yaracuy-mincomercio-y-sencamer-participaron-en-el-i-encuentro-de-productores-de-cafe-y-cacao-en-yaracuy","status":"publish","type":"post","link":"https:\/\/mincomercionacional.gob.ve\/?p=9835","title":{"rendered":"#Yaracuy | Mincomercio y Sencamer participaron en el I encuentro de Productores de caf\u00e9 y cacao"},"content":{"rendered":"<p style=\"text-align: justify;\">El Ministerio de Comercio Nacional junto a su ente adscrito del Servicio Desconcertado de Normalizaci\u00f3n, Calidad, Metrolog\u00eda y Reglamentos T\u00e9cnicos (SENCAMER) participaron en el I Encuentro de Productores de Cacao, en el Parque de Exposiciones Severiano Gimenez, Estado Yaracuy.<\/p>\n<p style=\"text-align: justify;\">Asistieron m\u00e1s de 80 personas y se cont\u00f3 con la participaci\u00f3n de, Empresa Caf\u00e9 Yaracuy, Central Cafetalero Aroa, Sunagro, Ladey, Servicio Agr\u00edcola de la Gobernaci\u00f3n, Inia Lara, La Zona Educativa.<\/p>\n<p style=\"text-align: justify;\">En la actividad brindaron orientaci\u00f3n y asesor\u00eda a productores y emprendedores en el plan de atenci\u00f3n a las Pymes, el paso a paso de Vitrina Venezuela y el reimpulso de la normativa de la calidad, sello Norven y lo Hecho en Venezuela, adem\u00e1s es importante resaltar que todas esas acciones forman parte del Plan de Reimpulso del Comercio Nacional, que promueve la ministra Dheliz \u00c1lvarez<\/p>\n<div class=\"tiled-gallery type-rectangular tiled-gallery-unresized\" data-original-width=\"500\" data-carousel-extra='{&quot;blog_id&quot;:1,&quot;permalink&quot;:&quot;https:\\\/\\\/mincomercionacional.gob.ve\\\/?p=9835&quot;,&quot;likes_blog_id&quot;:170001901}' itemscope itemtype=\"http:\/\/schema.org\/ImageGallery\" > <div class=\"gallery-row\" style=\"width: 500px; height: 124px;\" data-original-width=\"500\" data-original-height=\"124\" > <div class=\"gallery-group images-1\" style=\"width: 250px; height: 124px;\" data-original-width=\"250\" data-original-height=\"124\" > <div class=\"tiled-gallery-item tiled-gallery-item-small\" itemprop=\"associatedMedia\" itemscope itemtype=\"http:\/\/schema.org\/ImageObject\"> <a href=\"https:\/\/mincomercionacional.gob.ve\/?attachment_id=9837\" border=\"0\" itemprop=\"url\"> <meta itemprop=\"width\" content=\"246\"> <meta itemprop=\"height\" content=\"120\"> <img decoding=\"async\" class=\"\" data-attachment-id=\"9837\" data-orig-file=\"https:\/\/mincomercionacional.gob.ve\/wp-content\/uploads\/2022\/03\/7c9252e3-1a8c-43df-bff4-2e2e7776af65.jpg\" data-orig-size=\"1280,622\" data-comments-opened=\"\" data-image-meta=\"{&quot;aperture&quot;:&quot;0&quot;,&quot;credit&quot;:&quot;&quot;,&quot;camera&quot;:&quot;&quot;,&quot;caption&quot;:&quot;&quot;,&quot;created_timestamp&quot;:&quot;0&quot;,&quot;copyright&quot;:&quot;&quot;,&quot;focal_length&quot;:&quot;0&quot;,&quot;iso&quot;:&quot;0&quot;,&quot;shutter_speed&quot;:&quot;0&quot;,&quot;title&quot;:&quot;&quot;,&quot;orientation&quot;:&quot;0&quot;}\" data-image-title=\"7c9252e3-1a8c-43df-bff4-2e2e7776af65\" data-image-description=\"\" data-medium-file=\"https:\/\/i0.wp.com\/mincomercionacional.gob.ve\/wp-content\/uploads\/2022\/03\/7c9252e3-1a8c-43df-bff4-2e2e7776af65.jpg?fit=300%2C146&#038;ssl=1\" data-large-file=\"https:\/\/i0.wp.com\/mincomercionacional.gob.ve\/wp-content\/uploads\/2022\/03\/7c9252e3-1a8c-43df-bff4-2e2e7776af65.jpg?fit=1024%2C498&#038;ssl=1\" src=\"https:\/\/i0.wp.com\/mincomercionacional.gob.ve\/wp-content\/uploads\/2022\/03\/7c9252e3-1a8c-43df-bff4-2e2e7776af65.jpg?w=246&#038;h=120&#038;ssl=1\" width=\"246\" height=\"120\" loading=\"lazy\" data-original-width=\"246\" data-original-height=\"120\" itemprop=\"http:\/\/schema.org\/image\" title=\"7c9252e3-1a8c-43df-bff4-2e2e7776af65\" alt=\"7c9252e3-1a8c-43df-bff4-2e2e7776af65\" style=\"width: 246px; height: 120px;\" \/> <\/a> <\/div> <\/div> <!-- close group --> <div class=\"gallery-group images-1\" style=\"width: 250px; height: 124px;\" data-original-width=\"250\" data-original-height=\"124\" > <div class=\"tiled-gallery-item tiled-gallery-item-small\" itemprop=\"associatedMedia\" itemscope itemtype=\"http:\/\/schema.org\/ImageObject\"> <a href=\"https:\/\/mincomercionacional.gob.ve\/?attachment_id=9836\" border=\"0\" itemprop=\"url\"> <meta itemprop=\"width\" content=\"246\"> <meta itemprop=\"height\" content=\"120\"> <img decoding=\"async\" class=\"\" data-attachment-id=\"9836\" data-orig-file=\"https:\/\/mincomercionacional.gob.ve\/wp-content\/uploads\/2022\/03\/5922cabd-0c50-4201-8fe4-93892d8608c1.jpg\" data-orig-size=\"1280,622\" data-comments-opened=\"\" data-image-meta=\"{&quot;aperture&quot;:&quot;0&quot;,&quot;credit&quot;:&quot;&quot;,&quot;camera&quot;:&quot;&quot;,&quot;caption&quot;:&quot;&quot;,&quot;created_timestamp&quot;:&quot;0&quot;,&quot;copyright&quot;:&quot;&quot;,&quot;focal_length&quot;:&quot;0&quot;,&quot;iso&quot;:&quot;0&quot;,&quot;shutter_speed&quot;:&quot;0&quot;,&quot;title&quot;:&quot;&quot;,&quot;orientation&quot;:&quot;0&quot;}\" data-image-title=\"5922cabd-0c50-4201-8fe4-93892d8608c1\" data-image-description=\"\" data-medium-file=\"https:\/\/i0.wp.com\/mincomercionacional.gob.ve\/wp-content\/uploads\/2022\/03\/5922cabd-0c50-4201-8fe4-93892d8608c1.jpg?fit=300%2C146&#038;ssl=1\" data-large-file=\"https:\/\/i0.wp.com\/mincomercionacional.gob.ve\/wp-content\/uploads\/2022\/03\/5922cabd-0c50-4201-8fe4-93892d8608c1.jpg?fit=1024%2C498&#038;ssl=1\" src=\"https:\/\/i0.wp.com\/mincomercionacional.gob.ve\/wp-content\/uploads\/2022\/03\/5922cabd-0c50-4201-8fe4-93892d8608c1.jpg?w=246&#038;h=120&#038;ssl=1\" width=\"246\" height=\"120\" loading=\"lazy\" data-original-width=\"246\" data-original-height=\"120\" itemprop=\"http:\/\/schema.org\/image\" title=\"5922cabd-0c50-4201-8fe4-93892d8608c1\" alt=\"5922cabd-0c50-4201-8fe4-93892d8608c1\" style=\"width: 246px; height: 120px;\" \/> <\/a> <\/div> <\/div> <!-- close group --> <\/div> <!-- close row --> <\/div>\n","protected":false},"excerpt":{"rendered":"<p>El Ministerio de Comercio Nacional junto a su ente adscrito del Servicio Desconcertado de Normalizaci\u00f3n, Calidad, Metrolog\u00eda y Reglamentos T\u00e9cnicos (SENCAMER) participaron en el I Encuentro de Productores de Cacao, en el Parque de Exposiciones Severiano Gimenez, Estado Yaracuy. Asistieron m\u00e1s de 80 personas y se cont\u00f3 con la participaci\u00f3n de, Empresa Caf\u00e9 Yaracuy, Central &hellip;<\/p>\n","protected":false},"author":12,"featured_media":9838,"comment_status":"closed","ping_status":"open","sticky":false,"template":"","format":"standard","meta":{"footnotes":""},"categories":[987],"tags":[726,1026,1038,1037,736,34,799,1039,60,39,436],"class_list":["post-9835","post","type-post","status-publish","format-standard","has-post-thumbnail","hentry","category-regionales","tag-exportaciones","tag-cacao","tag-ccao-venezolano","tag-chocolate","tag-dheliz-alvarez","tag-ministerio-de-comercio-nacional","tag-norven","tag-sello-norven","tag-sencamer","tag-venezuela","tag-yaracuy"],"jetpack_featured_media_url":"https:\/\/i0.wp.com\/mincomercionacional.gob.ve\/wp-content\/uploads\/2022\/03\/0676d27d-cc3b-4c7f-ad4d-4f02b78932ac.jpg?fit=1280%2C622&ssl=1","jetpack_shortlink":"https:\/\/wp.me\/pbvjg9-2yD","_links":{"self":[{"href":"https:\/\/mincomercionacional.gob.ve\/index.php?rest_route=\/wp\/v2\/posts\/9835","targetHints":{"allow":["GET"]}}],"collection":[{"href":"https:\/\/mincomercionacional.gob.ve\/index.php?rest_route=\/wp\/v2\/posts"}],"about":[{"href":"https:\/\/mincomercionacional.gob.ve\/index.php?rest_route=\/wp\/v2\/types\/post"}],"author":[{"embeddable":true,"href":"https:\/\/mincomercionacional.gob.ve\/index.php?rest_route=\/wp\/v2\/users\/12"}],"replies":[{"embeddable":true,"href":"https:\/\/mincomercionacional.gob.ve\/index.php?rest_route=%2Fwp%2Fv2%2Fcomments&post=9835"}],"version-history":[{"count":2,"href":"https:\/\/mincomercionacional.gob.ve\/index.php?rest_route=\/wp\/v2\/posts\/9835\/revisions"}],"predecessor-version":[{"id":9841,"href":"https:\/\/mincomercionacional.gob.ve\/index.php?rest_route=\/wp\/v2\/posts\/9835\/revisions\/9841"}],"wp:featuredmedia":[{"embeddable":true,"href":"https:\/\/mincomercionacional.gob.ve\/index.php?rest_route=\/wp\/v2\/media\/9838"}],"wp:attachment":[{"href":"https:\/\/mincomercionacional.gob.ve\/index.php?rest_route=%2Fwp%2Fv2%2Fmedia&parent=9835"}],"wp:term":[{"taxonomy":"category","embeddable":true,"href":"https:\/\/mincomercionacional.gob.ve\/index.php?rest_route=%2Fwp%2Fv2%2Fcategories&post=9835"},{"taxonomy":"post_tag","embeddable":true,"href":"https:\/\/mincomercionacional.gob.ve\/index.php?rest_route=%2Fwp%2Fv2%2Ftags&post=9835"}],"curies":[{"name":"wp","href":"https:\/\/api.w.org\/{rel}","templated":true}]}}