{"id":9795,"date":"2022-03-21T15:45:52","date_gmt":"2022-03-21T19:45:52","guid":{"rendered":"http:\/\/mincomercionacional.gob.ve\/?p=9795"},"modified":"2022-03-21T15:45:52","modified_gmt":"2022-03-21T19:45:52","slug":"sapi-promueve-la-inventiva-y-la-innovacion-en-el-ambito-militar","status":"publish","type":"post","link":"https:\/\/mincomercionacional.gob.ve\/?p=9795","title":{"rendered":"SAPI promueve la inventiva y la innovaci\u00f3n en el \u00e1mbito militar"},"content":{"rendered":"<p style=\"text-align: justify;\">El Ministerio del Poder Popular de Comercio Nacional a trav\u00e9s del Servicio Aut\u00f3nomo de la Propiedad Intelectual (Sapi), coloca sus servicios a disposici\u00f3n de la Aviaci\u00f3n Militar Bolivariana y la Empresa Aeron\u00e1utica Nacional (Eansa), para apoyar el desarrollo de invenciones e innovaciones, especialmente las relacionadas a la aviaci\u00f3n y aeron\u00e1utica; As\u00ed como tambi\u00e9n, para el desarrollo de armamentos destinados a defender la Patria.<\/p>\n<p style=\"text-align: justify;\">As\u00ed se destac\u00f3 durante el Seminario Importancia de las Patentes en el \u00c1rea Militar, que tuvo lugar en el hangar del Grupo de Transporte Nro. 5, ubicado en la Base A\u00e9rea General\u00edsimo Francisco de Miranda, encuentros que han sido instruidos por la ministra de Comercio Nacional, Dheliz \u00c1lvarez, para impulsar el desarrollo del pa\u00eds y proteger la propiedad intelectual.<\/p>\n<p style=\"text-align: justify;\">El director de despacho del Sapi, Luis Salazar, se\u00f1al\u00f3 la total disposici\u00f3n del Director General Ricardo Javier S\u00e1nchez, para trabajar articuladamente con diversas instituciones en funci\u00f3n de proteger las invenciones, dise\u00f1os industriales y creaciones venezolanas.<\/p>\n<p><img data-recalc-dims=\"1\" loading=\"lazy\" decoding=\"async\" data-attachment-id=\"9799\" data-permalink=\"https:\/\/mincomercionacional.gob.ve\/?attachment_id=9799\" data-orig-file=\"https:\/\/i0.wp.com\/mincomercionacional.gob.ve\/wp-content\/uploads\/2022\/03\/ef00e8e4-a2c4-4754-95a5-419c826c0973.jpg?fit=1024%2C682&amp;ssl=1\" data-orig-size=\"1024,682\" data-comments-opened=\"0\" data-image-meta=\"{&quot;aperture&quot;:&quot;0&quot;,&quot;credit&quot;:&quot;&quot;,&quot;camera&quot;:&quot;&quot;,&quot;caption&quot;:&quot;&quot;,&quot;created_timestamp&quot;:&quot;0&quot;,&quot;copyright&quot;:&quot;&quot;,&quot;focal_length&quot;:&quot;0&quot;,&quot;iso&quot;:&quot;0&quot;,&quot;shutter_speed&quot;:&quot;0&quot;,&quot;title&quot;:&quot;&quot;,&quot;orientation&quot;:&quot;0&quot;}\" data-image-title=\"ef00e8e4-a2c4-4754-95a5-419c826c0973\" data-image-description=\"\" data-image-caption=\"\" data-medium-file=\"https:\/\/i0.wp.com\/mincomercionacional.gob.ve\/wp-content\/uploads\/2022\/03\/ef00e8e4-a2c4-4754-95a5-419c826c0973.jpg?fit=300%2C200&amp;ssl=1\" data-large-file=\"https:\/\/i0.wp.com\/mincomercionacional.gob.ve\/wp-content\/uploads\/2022\/03\/ef00e8e4-a2c4-4754-95a5-419c826c0973.jpg?fit=1024%2C682&amp;ssl=1\" class=\"alignnone size-full wp-image-9799\" src=\"https:\/\/i0.wp.com\/mincomercionacional.gob.ve\/wp-content\/uploads\/2022\/03\/ef00e8e4-a2c4-4754-95a5-419c826c0973.jpg?resize=1024%2C682\" alt=\"\" width=\"1024\" height=\"682\" \/><\/p>\n<p style=\"text-align: justify;\">Por su parte, el director de Patentes del referido organismo, Francisco Astudillo, explic\u00f3 que las patentes en el \u00e1rea militar incluyen el desarrollo de aeronaves, veh\u00edculos, sistemas de armas automatizadas, cascos, indumentaria para el camuflaje, entre otros. Para ser patentadas deben tener: novedad mundial, aplicaci\u00f3n Industrial y altura inventiva.<\/p>\n<p style=\"text-align: justify;\">Astudillo inform\u00f3 que desde el pasado 01 de octubre de 2020, cuando se reactiv\u00f3 el sistema de concesi\u00f3n de Patentes en el pa\u00eds, se han otorgado 415 solicitudes de patentes; 563 invenciones otorgadas y 339 de modelos y dibujos, para un 902 otorgadas entre ambas categor\u00edas.<\/p>\n<p><img data-recalc-dims=\"1\" loading=\"lazy\" decoding=\"async\" data-attachment-id=\"9797\" data-permalink=\"https:\/\/mincomercionacional.gob.ve\/?attachment_id=9797\" data-orig-file=\"https:\/\/i0.wp.com\/mincomercionacional.gob.ve\/wp-content\/uploads\/2022\/03\/037051da-95ce-448a-9dc8-b800a2097433.jpg?fit=1024%2C683&amp;ssl=1\" data-orig-size=\"1024,683\" data-comments-opened=\"0\" data-image-meta=\"{&quot;aperture&quot;:&quot;0&quot;,&quot;credit&quot;:&quot;&quot;,&quot;camera&quot;:&quot;&quot;,&quot;caption&quot;:&quot;&quot;,&quot;created_timestamp&quot;:&quot;0&quot;,&quot;copyright&quot;:&quot;&quot;,&quot;focal_length&quot;:&quot;0&quot;,&quot;iso&quot;:&quot;0&quot;,&quot;shutter_speed&quot;:&quot;0&quot;,&quot;title&quot;:&quot;&quot;,&quot;orientation&quot;:&quot;0&quot;}\" data-image-title=\"037051da-95ce-448a-9dc8-b800a2097433\" data-image-description=\"\" data-image-caption=\"\" data-medium-file=\"https:\/\/i0.wp.com\/mincomercionacional.gob.ve\/wp-content\/uploads\/2022\/03\/037051da-95ce-448a-9dc8-b800a2097433.jpg?fit=300%2C200&amp;ssl=1\" data-large-file=\"https:\/\/i0.wp.com\/mincomercionacional.gob.ve\/wp-content\/uploads\/2022\/03\/037051da-95ce-448a-9dc8-b800a2097433.jpg?fit=1024%2C683&amp;ssl=1\" class=\"alignnone size-full wp-image-9797\" src=\"https:\/\/i0.wp.com\/mincomercionacional.gob.ve\/wp-content\/uploads\/2022\/03\/037051da-95ce-448a-9dc8-b800a2097433.jpg?resize=1024%2C683\" alt=\"\" width=\"1024\" height=\"683\" \/><\/p>\n","protected":false},"excerpt":{"rendered":"<p>El Ministerio del Poder Popular de Comercio Nacional a trav\u00e9s del Servicio Aut\u00f3nomo de la Propiedad Intelectual (Sapi), coloca sus servicios a disposici\u00f3n de la Aviaci\u00f3n Militar Bolivariana y la Empresa Aeron\u00e1utica Nacional (Eansa), para apoyar el desarrollo de invenciones e innovaciones, especialmente las relacionadas a la aviaci\u00f3n y aeron\u00e1utica; As\u00ed como tambi\u00e9n, para el &hellip;<\/p>\n","protected":false},"author":12,"featured_media":9798,"comment_status":"closed","ping_status":"open","sticky":false,"template":"","format":"standard","meta":{"footnotes":""},"categories":[79],"tags":[736,1032,1031,263,75,240,39],"class_list":["post-9795","post","type-post","status-publish","format-standard","has-post-thumbnail","hentry","category-noticias","tag-dheliz-alvarez","tag-francisco-astudillo","tag-fuerza-armada-nacional-bolivariana","tag-ricardo-javier-sanchez","tag-sapi","tag-servicio-autonomo-de-la-propiedad-intelectual-sapi","tag-venezuela"],"jetpack_featured_media_url":"https:\/\/i0.wp.com\/mincomercionacional.gob.ve\/wp-content\/uploads\/2022\/03\/fcf25956-18ad-4e12-9712-c1a17a144c62.jpg?fit=1024%2C683&ssl=1","jetpack_shortlink":"https:\/\/wp.me\/pbvjg9-2xZ","_links":{"self":[{"href":"https:\/\/mincomercionacional.gob.ve\/index.php?rest_route=\/wp\/v2\/posts\/9795","targetHints":{"allow":["GET"]}}],"collection":[{"href":"https:\/\/mincomercionacional.gob.ve\/index.php?rest_route=\/wp\/v2\/posts"}],"about":[{"href":"https:\/\/mincomercionacional.gob.ve\/index.php?rest_route=\/wp\/v2\/types\/post"}],"author":[{"embeddable":true,"href":"https:\/\/mincomercionacional.gob.ve\/index.php?rest_route=\/wp\/v2\/users\/12"}],"replies":[{"embeddable":true,"href":"https:\/\/mincomercionacional.gob.ve\/index.php?rest_route=%2Fwp%2Fv2%2Fcomments&post=9795"}],"version-history":[{"count":1,"href":"https:\/\/mincomercionacional.gob.ve\/index.php?rest_route=\/wp\/v2\/posts\/9795\/revisions"}],"predecessor-version":[{"id":9800,"href":"https:\/\/mincomercionacional.gob.ve\/index.php?rest_route=\/wp\/v2\/posts\/9795\/revisions\/9800"}],"wp:featuredmedia":[{"embeddable":true,"href":"https:\/\/mincomercionacional.gob.ve\/index.php?rest_route=\/wp\/v2\/media\/9798"}],"wp:attachment":[{"href":"https:\/\/mincomercionacional.gob.ve\/index.php?rest_route=%2Fwp%2Fv2%2Fmedia&parent=9795"}],"wp:term":[{"taxonomy":"category","embeddable":true,"href":"https:\/\/mincomercionacional.gob.ve\/index.php?rest_route=%2Fwp%2Fv2%2Fcategories&post=9795"},{"taxonomy":"post_tag","embeddable":true,"href":"https:\/\/mincomercionacional.gob.ve\/index.php?rest_route=%2Fwp%2Fv2%2Ftags&post=9795"}],"curies":[{"name":"wp","href":"https:\/\/api.w.org\/{rel}","templated":true}]}}