{"id":9724,"date":"2022-03-08T15:33:35","date_gmt":"2022-03-08T19:33:35","guid":{"rendered":"http:\/\/mincomercionacional.gob.ve\/?p=9724"},"modified":"2022-03-08T15:34:18","modified_gmt":"2022-03-08T19:34:18","slug":"venezuela-participo-en-conferencia-internacional-de-certificacion-de-calibracion-digital","status":"publish","type":"post","link":"https:\/\/mincomercionacional.gob.ve\/?p=9724","title":{"rendered":"Venezuela particip\u00f3 en Conferencia Internacional de Certificaci\u00f3n de Calibraci\u00f3n Digital"},"content":{"rendered":"<p style=\"text-align: justify;\">El Ministerio de Comercio Nacional, a trav\u00e9s del SENCAMER, dijo presente en la II Conferencia Internacional de Certificaci\u00f3n de Calibraci\u00f3n Digital (DCC), organizada por el Instituto Nacional de Metrolog\u00eda de Alemania (PTB, por su sigla en alem\u00e1n).<\/p>\n<p style=\"text-align: justify;\">En el evento adem\u00e1s de Venezuela participaron delegaciones de distintas regiones del mundo las cuales intercambiaron ideas y experiencias sobre la evoluci\u00f3n y el valor a\u00f1adido de esta tecnolog\u00eda en la industria y el mercado mundial.<\/p>\n<p style=\"text-align: justify;\">Durante el encuentro se abordaron aspectos como los requisitos y estrategias para su implementaci\u00f3n, los software de comunicaci\u00f3n y aplicaciones disponibles para ello, los ejemplos de buenas pr\u00e1cticas y los procesos de acreditaci\u00f3n.<\/p>\n<p style=\"text-align: justify;\">\u201c<em>Decir presente en este tipo de actividades internacionales nos permite obtener informaci\u00f3n de primera mano para la actualizaci\u00f3n y nuevas tecnolog\u00edas aplicables en el \u00e1rea de la metrolog\u00eda<\/em>\u201d, enfatiz\u00f3 la directora de Metrolog\u00eda del SENCAMER, Mar\u00eda Belisario, quien a su vez destac\u00f3 que el conocimiento derivado de estos encuentros contribuye con el robustecimiento de los procesos metrol\u00f3gicos en el pa\u00eds.<\/p>\n<p><img data-recalc-dims=\"1\" loading=\"lazy\" decoding=\"async\" data-attachment-id=\"9726\" data-permalink=\"https:\/\/mincomercionacional.gob.ve\/?attachment_id=9726\" data-orig-file=\"https:\/\/i0.wp.com\/mincomercionacional.gob.ve\/wp-content\/uploads\/2022\/03\/70eac983-69f1-4626-a115-2a5873ecc720.jpg?fit=1280%2C853&amp;ssl=1\" data-orig-size=\"1280,853\" data-comments-opened=\"0\" data-image-meta=\"{&quot;aperture&quot;:&quot;0&quot;,&quot;credit&quot;:&quot;&quot;,&quot;camera&quot;:&quot;&quot;,&quot;caption&quot;:&quot;&quot;,&quot;created_timestamp&quot;:&quot;0&quot;,&quot;copyright&quot;:&quot;&quot;,&quot;focal_length&quot;:&quot;0&quot;,&quot;iso&quot;:&quot;0&quot;,&quot;shutter_speed&quot;:&quot;0&quot;,&quot;title&quot;:&quot;&quot;,&quot;orientation&quot;:&quot;0&quot;}\" data-image-title=\"70eac983-69f1-4626-a115-2a5873ecc720\" data-image-description=\"\" data-image-caption=\"\" data-medium-file=\"https:\/\/i0.wp.com\/mincomercionacional.gob.ve\/wp-content\/uploads\/2022\/03\/70eac983-69f1-4626-a115-2a5873ecc720.jpg?fit=300%2C200&amp;ssl=1\" data-large-file=\"https:\/\/i0.wp.com\/mincomercionacional.gob.ve\/wp-content\/uploads\/2022\/03\/70eac983-69f1-4626-a115-2a5873ecc720.jpg?fit=1024%2C682&amp;ssl=1\" class=\"alignnone size-full wp-image-9726\" src=\"https:\/\/i0.wp.com\/mincomercionacional.gob.ve\/wp-content\/uploads\/2022\/03\/70eac983-69f1-4626-a115-2a5873ecc720.jpg?resize=1280%2C853\" alt=\"\" width=\"1280\" height=\"853\" \/><\/p>\n<h2 style=\"text-align: justify;\">Reimpulso al Sistema Venezolano de la Calidad<\/h2>\n<p style=\"text-align: justify;\">El MinComercio lanz\u00f3 recientemente el \u201cPlan Estrat\u00e9gico de Reimpulso del Comercio Nacional 2022-2025\u201d, iniciativa que lidera la ministra Dheliz \u00c1lvarez y que contempla en su cuarto v\u00e9rtice de acci\u00f3n la tarea de reimpulsar el Sistema Venezolano de la Calidad, con SENCAMER como eje fundamental.<\/p>\n<p style=\"text-align: justify;\">Uno de los primeros pasos para lograr este objetivo es obtener la membres\u00eda en organismos internacionales como el SIM, la Cooperaci\u00f3n Interamericana de Acreditaci\u00f3n (IAAC), la Organizaci\u00f3n Internacional de Normalizaci\u00f3n (ISO), entre otros.<\/p>\n","protected":false},"excerpt":{"rendered":"<p>El Ministerio de Comercio Nacional, a trav\u00e9s del SENCAMER, dijo presente en la II Conferencia Internacional de Certificaci\u00f3n de Calibraci\u00f3n Digital (DCC), organizada por el Instituto Nacional de Metrolog\u00eda de Alemania (PTB, por su sigla en alem\u00e1n). En el evento adem\u00e1s de Venezuela participaron delegaciones de distintas regiones del mundo las cuales intercambiaron ideas y &hellip;<\/p>\n","protected":false},"author":12,"featured_media":9725,"comment_status":"closed","ping_status":"open","sticky":false,"template":"","format":"standard","meta":{"footnotes":""},"categories":[79],"tags":[736,34,60],"class_list":["post-9724","post","type-post","status-publish","format-standard","has-post-thumbnail","hentry","category-noticias","tag-dheliz-alvarez","tag-ministerio-de-comercio-nacional","tag-sencamer"],"jetpack_featured_media_url":"https:\/\/i0.wp.com\/mincomercionacional.gob.ve\/wp-content\/uploads\/2022\/03\/e3dca7c3-cade-45fb-9964-ba2ef39fca10.jpg?fit=1280%2C853&ssl=1","jetpack_shortlink":"https:\/\/wp.me\/pbvjg9-2wQ","_links":{"self":[{"href":"https:\/\/mincomercionacional.gob.ve\/index.php?rest_route=\/wp\/v2\/posts\/9724","targetHints":{"allow":["GET"]}}],"collection":[{"href":"https:\/\/mincomercionacional.gob.ve\/index.php?rest_route=\/wp\/v2\/posts"}],"about":[{"href":"https:\/\/mincomercionacional.gob.ve\/index.php?rest_route=\/wp\/v2\/types\/post"}],"author":[{"embeddable":true,"href":"https:\/\/mincomercionacional.gob.ve\/index.php?rest_route=\/wp\/v2\/users\/12"}],"replies":[{"embeddable":true,"href":"https:\/\/mincomercionacional.gob.ve\/index.php?rest_route=%2Fwp%2Fv2%2Fcomments&post=9724"}],"version-history":[{"count":1,"href":"https:\/\/mincomercionacional.gob.ve\/index.php?rest_route=\/wp\/v2\/posts\/9724\/revisions"}],"predecessor-version":[{"id":9727,"href":"https:\/\/mincomercionacional.gob.ve\/index.php?rest_route=\/wp\/v2\/posts\/9724\/revisions\/9727"}],"wp:featuredmedia":[{"embeddable":true,"href":"https:\/\/mincomercionacional.gob.ve\/index.php?rest_route=\/wp\/v2\/media\/9725"}],"wp:attachment":[{"href":"https:\/\/mincomercionacional.gob.ve\/index.php?rest_route=%2Fwp%2Fv2%2Fmedia&parent=9724"}],"wp:term":[{"taxonomy":"category","embeddable":true,"href":"https:\/\/mincomercionacional.gob.ve\/index.php?rest_route=%2Fwp%2Fv2%2Fcategories&post=9724"},{"taxonomy":"post_tag","embeddable":true,"href":"https:\/\/mincomercionacional.gob.ve\/index.php?rest_route=%2Fwp%2Fv2%2Ftags&post=9724"}],"curies":[{"name":"wp","href":"https:\/\/api.w.org\/{rel}","templated":true}]}}