{"id":9704,"date":"2022-03-03T14:03:10","date_gmt":"2022-03-03T18:03:10","guid":{"rendered":"http:\/\/mincomercionacional.gob.ve\/?p=9704"},"modified":"2022-11-28T16:34:17","modified_gmt":"2022-11-28T20:34:17","slug":"venezuela-promueve-conocimientos-tradicionales-indigenas-y-produccion-de-cafe-y-cacao-en-la-ompi","status":"publish","type":"post","link":"https:\/\/mincomercionacional.gob.ve\/?p=9704","title":{"rendered":"Venezuela promueve conocimientos tradicionales ind\u00edgenas y producci\u00f3n de caf\u00e9 y cacao en la OMPI"},"content":{"rendered":"<p style=\"text-align: justify;\">La Rep\u00fablica Bolivariana de Venezuela, promueve saberes locales y tradicionales como el arte, la medicina ind\u00edgena, la producci\u00f3n de caf\u00e9 y cacao, durante la Cuadrag\u00e9sima Segunda Sesi\u00f3n del Comit\u00e9 Intergubernamental sobre Propiedad Intelectual y Recursos Gen\u00e9ticos, Conocimientos Tradicionales y Folclore (IGC), de la Organizaci\u00f3n Mundial de la Propiedad Intelectual, que se realiza en Ginebra, Suiza.<\/p>\n<p style=\"text-align: justify;\">La directora de Indicaciones Geogr\u00e1ficas del Servicio Aut\u00f3nomo de la Propiedad Intelectual (SAPI), Zulay Poggi, se reuni\u00f3 con el embajador y representante permanente de Venezuela ante la Organizaci\u00f3n de Naciones Unidas (ONU) y otros organismos multilaterales, H\u00e9ctor Constant, seg\u00fan inform\u00f3 el diplom\u00e1tico en su cuenta en la red social Twitter.<\/p>\n<p style=\"text-align: justify;\">Zulay Poggi, destac\u00f3 que la ministra de Comercio Nacional, Dheliz \u00c1lvarez, le instruy\u00f3 profundizar la protecci\u00f3n de la propiedad intelectual; durante las reuniones se discute el borrador del instrumento legal internacional de propiedad intelectual de los recursos gen\u00e9ticos (plantas, animales, microorganismos, sus genes y derivados) y los conocimientos tradicionales de las poblaciones locales e ind\u00edgenas sobre estos recursos.<\/p>\n<p style=\"text-align: justify;\">El objetivo, es evitar que se concedan patentes de manera err\u00f3nea sobre los recursos y conocimientos, que requieren permisos de acceso por parte de los pa\u00edses y el consentimiento fundamentado previo de las comunidades, pueblos ind\u00edgenas y locales.<\/p>\n<p style=\"text-align: justify;\">La Rep\u00fablica Bolivariana de Venezuela, forma parte del Grupo de Am\u00e9rica Latina y El Caribe (GRULAC), donde se discuten de manera conjunta los aspectos claves del instrumento.<\/p>\n<p style=\"text-align: justify;\">El Comit\u00e9 Intergubernamental sobre Propiedad Intelectual y Recursos Gen\u00e9ticos, Conocimientos Tradicionales y Folclore, sesionar\u00e1 hasta el 4 de marzo de 2022 de forma h\u00edbrida, con la participaci\u00f3n de delegados y observadores que asisten f\u00edsicamente y a trav\u00e9s de las nuevas tecnolog\u00edas de comunicaci\u00f3n.<\/p>\n","protected":false},"excerpt":{"rendered":"<p>La Rep\u00fablica Bolivariana de Venezuela, promueve saberes locales y tradicionales como el arte, la medicina ind\u00edgena, la producci\u00f3n de caf\u00e9 y cacao, durante la Cuadrag\u00e9sima Segunda Sesi\u00f3n del Comit\u00e9 Intergubernamental sobre Propiedad Intelectual y Recursos Gen\u00e9ticos, Conocimientos Tradicionales y Folclore (IGC), de la Organizaci\u00f3n Mundial de la Propiedad Intelectual, que se realiza en Ginebra, Suiza. &hellip;<\/p>\n","protected":false},"author":12,"featured_media":9705,"comment_status":"closed","ping_status":"open","sticky":false,"template":"","format":"standard","meta":{"footnotes":""},"categories":[1256,79,1],"tags":[1013,1016,1017,736,1015,34,1014,39,1018],"class_list":["post-9704","post","type-post","status-publish","format-standard","has-post-thumbnail","hentry","category-comercio-nacional","category-noticias","category-prensa","tag-cafe","tag-comite-intergubernamental-sobre-propiedad-intelectual-y-recursos-geneticos","tag-conocimientos-tradicionales-y-folclore","tag-dheliz-alvarez","tag-grulac","tag-ministerio-de-comercio-nacional","tag-saberes-indigenas","tag-venezuela","tag-zulay-poggi"],"jetpack_featured_media_url":"https:\/\/i0.wp.com\/mincomercionacional.gob.ve\/wp-content\/uploads\/2022\/03\/a525ef3d-05ea-4840-b8e3-29e5391ab2e0.jpg?fit=1080%2C720&ssl=1","jetpack_shortlink":"https:\/\/wp.me\/pbvjg9-2ww","_links":{"self":[{"href":"https:\/\/mincomercionacional.gob.ve\/index.php?rest_route=\/wp\/v2\/posts\/9704","targetHints":{"allow":["GET"]}}],"collection":[{"href":"https:\/\/mincomercionacional.gob.ve\/index.php?rest_route=\/wp\/v2\/posts"}],"about":[{"href":"https:\/\/mincomercionacional.gob.ve\/index.php?rest_route=\/wp\/v2\/types\/post"}],"author":[{"embeddable":true,"href":"https:\/\/mincomercionacional.gob.ve\/index.php?rest_route=\/wp\/v2\/users\/12"}],"replies":[{"embeddable":true,"href":"https:\/\/mincomercionacional.gob.ve\/index.php?rest_route=%2Fwp%2Fv2%2Fcomments&post=9704"}],"version-history":[{"count":1,"href":"https:\/\/mincomercionacional.gob.ve\/index.php?rest_route=\/wp\/v2\/posts\/9704\/revisions"}],"predecessor-version":[{"id":9706,"href":"https:\/\/mincomercionacional.gob.ve\/index.php?rest_route=\/wp\/v2\/posts\/9704\/revisions\/9706"}],"wp:featuredmedia":[{"embeddable":true,"href":"https:\/\/mincomercionacional.gob.ve\/index.php?rest_route=\/wp\/v2\/media\/9705"}],"wp:attachment":[{"href":"https:\/\/mincomercionacional.gob.ve\/index.php?rest_route=%2Fwp%2Fv2%2Fmedia&parent=9704"}],"wp:term":[{"taxonomy":"category","embeddable":true,"href":"https:\/\/mincomercionacional.gob.ve\/index.php?rest_route=%2Fwp%2Fv2%2Fcategories&post=9704"},{"taxonomy":"post_tag","embeddable":true,"href":"https:\/\/mincomercionacional.gob.ve\/index.php?rest_route=%2Fwp%2Fv2%2Ftags&post=9704"}],"curies":[{"name":"wp","href":"https:\/\/api.w.org\/{rel}","templated":true}]}}