{"id":9660,"date":"2022-02-24T19:51:42","date_gmt":"2022-02-24T23:51:42","guid":{"rendered":"http:\/\/mincomercionacional.gob.ve\/?p=9660"},"modified":"2022-11-28T16:34:57","modified_gmt":"2022-11-28T20:34:57","slug":"sundde-desplego-mas-de-100-fiscales-en-la-gran-caracas-por-carnavales-seguros-2022","status":"publish","type":"post","link":"https:\/\/mincomercionacional.gob.ve\/?p=9660","title":{"rendered":"Sundde despleg\u00f3 m\u00e1s de 100 fiscales en la Gran Caracas por Carnavales Seguros 2022\u00a0"},"content":{"rendered":"<p style=\"text-align: justify;\">Como parte del Operativo Carnavales Felices y Seguros 2022, la Superintendencia Nacional para la Defensa de los Derechos Socioecon\u00f3micos (SUNDDE), activ\u00f3 111 fiscales en los estados Miranda, la Guaira y Distrito Capital.<\/p>\n<p style=\"text-align: justify;\">La Superintendente Nacional, Dheliz \u00c1lvarez, inform\u00f3 que los funcionarios tienen presencia en 89 terminales terrestres de pasajeros, adem\u00e1s fiscalizar\u00e1n 14 conciertos y eventos p\u00fablicos.<\/p>\n<p style=\"text-align: justify;\">\u00a0\u201cJunto a los cuerpos de resguardo ciudadano estaremos velando por la seguridad de los temporadistas, los precios justos de los pasajes, las facilidades de m\u00e9todos de pagos del Bol\u00edvar Digital, el cumplimiento de la tasa oficial cambiaria establecida por el Banco Central de Venezuela y las normas de bioseguridad, para prevenir la propagaci\u00f3n del Covid-19\u201d indic\u00f3 la funcionaria.<\/p>\n<p><img data-recalc-dims=\"1\" loading=\"lazy\" decoding=\"async\" data-attachment-id=\"9662\" data-permalink=\"https:\/\/mincomercionacional.gob.ve\/?attachment_id=9662\" data-orig-file=\"https:\/\/i0.wp.com\/mincomercionacional.gob.ve\/wp-content\/uploads\/2022\/02\/IMG_20220224_194610_409.jpg?fit=1029%2C684&amp;ssl=1\" data-orig-size=\"1029,684\" data-comments-opened=\"0\" data-image-meta=\"{&quot;aperture&quot;:&quot;0&quot;,&quot;credit&quot;:&quot;&quot;,&quot;camera&quot;:&quot;&quot;,&quot;caption&quot;:&quot;&quot;,&quot;created_timestamp&quot;:&quot;0&quot;,&quot;copyright&quot;:&quot;&quot;,&quot;focal_length&quot;:&quot;0&quot;,&quot;iso&quot;:&quot;0&quot;,&quot;shutter_speed&quot;:&quot;0&quot;,&quot;title&quot;:&quot;&quot;,&quot;orientation&quot;:&quot;0&quot;}\" data-image-title=\"IMG_20220224_194610_409\" data-image-description=\"\" data-image-caption=\"\" data-medium-file=\"https:\/\/i0.wp.com\/mincomercionacional.gob.ve\/wp-content\/uploads\/2022\/02\/IMG_20220224_194610_409.jpg?fit=300%2C199&amp;ssl=1\" data-large-file=\"https:\/\/i0.wp.com\/mincomercionacional.gob.ve\/wp-content\/uploads\/2022\/02\/IMG_20220224_194610_409.jpg?fit=1024%2C681&amp;ssl=1\" class=\"alignnone size-full wp-image-9662\" src=\"https:\/\/i0.wp.com\/mincomercionacional.gob.ve\/wp-content\/uploads\/2022\/02\/IMG_20220224_194610_409.jpg?resize=1029%2C684\" alt=\"\" width=\"1029\" height=\"684\" \/><\/p>\n<p style=\"text-align: justify;\">\u00c1lvarez, record\u00f3 que el lunes 28 de febrero y el martes 1 de marzo, est\u00e1 autorizado el incremento del pasaje por ser d\u00edas feriados.<\/p>\n<p style=\"text-align: justify;\">La tambi\u00e9n Ministra del Comercio Nacional, exhort\u00f3 a la poblaci\u00f3n a hacer uso de los canales de comunicaci\u00f3n: @Sundde_ve en Twitter, @Sundde_ve en Intagram, 0412 0230101 en WhatsApp, 0412 0230049 texto y llamadas telef\u00f3nicas, para realizar sus denuncias.<\/p>\n<p style=\"text-align: justify;\">La SUNDDE, se mantendr\u00e1 vigilante a trav\u00e9s de la Sala de Operaciones del Ministerio de Comercio Nacional, para atender a las usuarias y los usuarios de forma r\u00e1pida, destac\u00f3.<\/p>\n<p style=\"padding-left: 40px;\"><img data-recalc-dims=\"1\" loading=\"lazy\" decoding=\"async\" data-attachment-id=\"9663\" data-permalink=\"https:\/\/mincomercionacional.gob.ve\/?attachment_id=9663\" data-orig-file=\"https:\/\/i0.wp.com\/mincomercionacional.gob.ve\/wp-content\/uploads\/2022\/02\/IMG_20220224_194626_803.jpg?fit=1029%2C684&amp;ssl=1\" data-orig-size=\"1029,684\" data-comments-opened=\"0\" data-image-meta=\"{&quot;aperture&quot;:&quot;0&quot;,&quot;credit&quot;:&quot;&quot;,&quot;camera&quot;:&quot;&quot;,&quot;caption&quot;:&quot;&quot;,&quot;created_timestamp&quot;:&quot;0&quot;,&quot;copyright&quot;:&quot;&quot;,&quot;focal_length&quot;:&quot;0&quot;,&quot;iso&quot;:&quot;0&quot;,&quot;shutter_speed&quot;:&quot;0&quot;,&quot;title&quot;:&quot;&quot;,&quot;orientation&quot;:&quot;0&quot;}\" data-image-title=\"IMG_20220224_194626_803\" data-image-description=\"\" data-image-caption=\"\" data-medium-file=\"https:\/\/i0.wp.com\/mincomercionacional.gob.ve\/wp-content\/uploads\/2022\/02\/IMG_20220224_194626_803.jpg?fit=300%2C199&amp;ssl=1\" data-large-file=\"https:\/\/i0.wp.com\/mincomercionacional.gob.ve\/wp-content\/uploads\/2022\/02\/IMG_20220224_194626_803.jpg?fit=1024%2C681&amp;ssl=1\" class=\"alignnone size-full wp-image-9663\" src=\"https:\/\/i0.wp.com\/mincomercionacional.gob.ve\/wp-content\/uploads\/2022\/02\/IMG_20220224_194626_803.jpg?resize=1029%2C684\" alt=\"\" width=\"1029\" height=\"684\" \/><\/p>\n<p style=\"text-align: justify;\">El despliegue del Operativo Carnavales Felices y Seguros 2022, es un esfuerzo del Gobierno Boliviano para garantizar actividades recreativas y culturales que permitan el sano disfrute de las familias durante las fiestas carnestolendas, enfatiz\u00f3 la Ministra de Comercio Nacional Dheliz \u00c1lvarez.<\/p>\n","protected":false},"excerpt":{"rendered":"<p>Como parte del Operativo Carnavales Felices y Seguros 2022, la Superintendencia Nacional para la Defensa de los Derechos Socioecon\u00f3micos (SUNDDE), activ\u00f3 111 fiscales en los estados Miranda, la Guaira y Distrito Capital. La Superintendente Nacional, Dheliz \u00c1lvarez, inform\u00f3 que los funcionarios tienen presencia en 89 terminales terrestres de pasajeros, adem\u00e1s fiscalizar\u00e1n 14 conciertos y eventos &hellip;<\/p>\n","protected":false},"author":12,"featured_media":9661,"comment_status":"closed","ping_status":"open","sticky":false,"template":"","format":"standard","meta":{"footnotes":""},"categories":[1256,79,1],"tags":[1000,736,390,1001,34,59],"class_list":["post-9660","post","type-post","status-publish","format-standard","has-post-thumbnail","hentry","category-comercio-nacional","category-noticias","category-prensa","tag-carnavales-felices-y-seguros-2022","tag-dheliz-alvarez","tag-inspecciones","tag-inspectores","tag-ministerio-de-comercio-nacional","tag-sundde"],"jetpack_featured_media_url":"https:\/\/i0.wp.com\/mincomercionacional.gob.ve\/wp-content\/uploads\/2022\/02\/IMG-20220224-WA0051.jpg?fit=1029%2C684&ssl=1","jetpack_shortlink":"https:\/\/wp.me\/pbvjg9-2vO","_links":{"self":[{"href":"https:\/\/mincomercionacional.gob.ve\/index.php?rest_route=\/wp\/v2\/posts\/9660","targetHints":{"allow":["GET"]}}],"collection":[{"href":"https:\/\/mincomercionacional.gob.ve\/index.php?rest_route=\/wp\/v2\/posts"}],"about":[{"href":"https:\/\/mincomercionacional.gob.ve\/index.php?rest_route=\/wp\/v2\/types\/post"}],"author":[{"embeddable":true,"href":"https:\/\/mincomercionacional.gob.ve\/index.php?rest_route=\/wp\/v2\/users\/12"}],"replies":[{"embeddable":true,"href":"https:\/\/mincomercionacional.gob.ve\/index.php?rest_route=%2Fwp%2Fv2%2Fcomments&post=9660"}],"version-history":[{"count":1,"href":"https:\/\/mincomercionacional.gob.ve\/index.php?rest_route=\/wp\/v2\/posts\/9660\/revisions"}],"predecessor-version":[{"id":9664,"href":"https:\/\/mincomercionacional.gob.ve\/index.php?rest_route=\/wp\/v2\/posts\/9660\/revisions\/9664"}],"wp:featuredmedia":[{"embeddable":true,"href":"https:\/\/mincomercionacional.gob.ve\/index.php?rest_route=\/wp\/v2\/media\/9661"}],"wp:attachment":[{"href":"https:\/\/mincomercionacional.gob.ve\/index.php?rest_route=%2Fwp%2Fv2%2Fmedia&parent=9660"}],"wp:term":[{"taxonomy":"category","embeddable":true,"href":"https:\/\/mincomercionacional.gob.ve\/index.php?rest_route=%2Fwp%2Fv2%2Fcategories&post=9660"},{"taxonomy":"post_tag","embeddable":true,"href":"https:\/\/mincomercionacional.gob.ve\/index.php?rest_route=%2Fwp%2Fv2%2Ftags&post=9660"}],"curies":[{"name":"wp","href":"https:\/\/api.w.org\/{rel}","templated":true}]}}