{"id":9655,"date":"2022-02-23T17:30:47","date_gmt":"2022-02-23T21:30:47","guid":{"rendered":"http:\/\/mincomercionacional.gob.ve\/?p=9655"},"modified":"2022-02-23T19:57:53","modified_gmt":"2022-02-23T23:57:53","slug":"aviacion-militar-bolivariana-se-une-al-plan-de-reimpulso-del-comercio-nacional","status":"publish","type":"post","link":"https:\/\/mincomercionacional.gob.ve\/?p=9655","title":{"rendered":"Aviaci\u00f3n Militar Bolivariana se une al plan de reimpulso del comercio nacional"},"content":{"rendered":"<p style=\"text-align: justify;\">El Servicio Desconcentrado de Normalizaci\u00f3n, Calidad, Metrolog\u00eda y Reglamentos T\u00e9cnicos (SENCAMER) y la Aviaci\u00f3n Militar Bolivariana (AMB) sostuvieron un encuentro de trabajo este mi\u00e9rcoles, como un primer paso para la actualizaci\u00f3n de un Convenio de Cooperaci\u00f3n, Intercambio, Capacitaci\u00f3n, Asesoramiento T\u00e9cnico y Profesional, Acreditaci\u00f3n y Calibraci\u00f3n suscrito entre ambas instituciones.<\/p>\n<p style=\"text-align: justify;\">El Convenio se enmarca dentro del Plan Estrat\u00e9gico de Reimpulso del Comercio Nacional 2022-2025 que lidera la ministra del Poder Popular de Comercio Nacional, Dheliz \u00c1lvarez. Esta iniciativa tiene entre sus objetivos y v\u00e9rtices de acci\u00f3n la tarea de darle un reimpulso al Sistema Venezolano de la Calidad, a trav\u00e9s del ente rector de este sector.<\/p>\n<p style=\"text-align: justify;\">La alianza estrat\u00e9gica entre SENCAMER y la AMB promueve el desarrollo conjunto de actividades t\u00e9cnico-cient\u00edficas, as\u00ed como tambi\u00e9n permitir\u00e1, posteriormente, la acreditaci\u00f3n de los Laboratorios de Metrolog\u00eda que posee la Aviaci\u00f3n Militar Bolivariana en la \u201cBase A\u00e9rea El Libertador\u201d, ubicada en Maracay, estado Aragua.<\/p>\n<p><img data-recalc-dims=\"1\" loading=\"lazy\" decoding=\"async\" data-attachment-id=\"9657\" data-permalink=\"https:\/\/mincomercionacional.gob.ve\/?attachment_id=9657\" data-orig-file=\"https:\/\/i0.wp.com\/mincomercionacional.gob.ve\/wp-content\/uploads\/2022\/02\/WhatsApp-Image-2022-02-23-at-5.21.13-PM.jpeg?fit=1024%2C682&amp;ssl=1\" data-orig-size=\"1024,682\" data-comments-opened=\"0\" data-image-meta=\"{&quot;aperture&quot;:&quot;0&quot;,&quot;credit&quot;:&quot;&quot;,&quot;camera&quot;:&quot;&quot;,&quot;caption&quot;:&quot;&quot;,&quot;created_timestamp&quot;:&quot;0&quot;,&quot;copyright&quot;:&quot;&quot;,&quot;focal_length&quot;:&quot;0&quot;,&quot;iso&quot;:&quot;0&quot;,&quot;shutter_speed&quot;:&quot;0&quot;,&quot;title&quot;:&quot;&quot;,&quot;orientation&quot;:&quot;0&quot;}\" data-image-title=\"WhatsApp Image 2022-02-23 at 5.21.13 PM\" data-image-description=\"\" data-image-caption=\"\" data-medium-file=\"https:\/\/i0.wp.com\/mincomercionacional.gob.ve\/wp-content\/uploads\/2022\/02\/WhatsApp-Image-2022-02-23-at-5.21.13-PM.jpeg?fit=300%2C200&amp;ssl=1\" data-large-file=\"https:\/\/i0.wp.com\/mincomercionacional.gob.ve\/wp-content\/uploads\/2022\/02\/WhatsApp-Image-2022-02-23-at-5.21.13-PM.jpeg?fit=1024%2C682&amp;ssl=1\" class=\"alignnone size-full wp-image-9657\" src=\"https:\/\/i0.wp.com\/mincomercionacional.gob.ve\/wp-content\/uploads\/2022\/02\/WhatsApp-Image-2022-02-23-at-5.21.13-PM.jpeg?resize=1024%2C682\" alt=\"\" width=\"1024\" height=\"682\" \/><\/p>\n<p style=\"text-align: justify;\">Adicionalmente, SENCAMER desarrollar\u00e1 un Plan de Asistencia T\u00e9cnica para asesorar a la AMB en la implementaci\u00f3n de un sistema de gesti\u00f3n de la calidad. Adem\u00e1s, la alianza prev\u00e9 la creaci\u00f3n de un Comit\u00e9 T\u00e9cnico de Aeron\u00e1utica que agilice la elaboraci\u00f3n de Normas Venezolanas COVENIN en esta materia.<\/p>\n<p style=\"text-align: justify;\">El Convenio de Cooperaci\u00f3n tambi\u00e9n prev\u00e9 el dise\u00f1o y ejecuci\u00f3n de un programa de formaci\u00f3n t\u00e9cnico-cient\u00edfico, especializado en las \u00e1reas de metrolog\u00eda y calidad, a trav\u00e9s del Centro de Estudios para la Infraestructura de la Calidad del SENCAMER.<\/p>\n","protected":false},"excerpt":{"rendered":"<p>El Servicio Desconcentrado de Normalizaci\u00f3n, Calidad, Metrolog\u00eda y Reglamentos T\u00e9cnicos (SENCAMER) y la Aviaci\u00f3n Militar Bolivariana (AMB) sostuvieron un encuentro de trabajo este mi\u00e9rcoles, como un primer paso para la actualizaci\u00f3n de un Convenio de Cooperaci\u00f3n, Intercambio, Capacitaci\u00f3n, Asesoramiento T\u00e9cnico y Profesional, Acreditaci\u00f3n y Calibraci\u00f3n suscrito entre ambas instituciones. El Convenio se enmarca dentro del &hellip;<\/p>\n","protected":false},"author":12,"featured_media":9656,"comment_status":"closed","ping_status":"open","sticky":false,"template":"","format":"standard","meta":{"footnotes":""},"categories":[79],"tags":[998,870,736,997,999],"class_list":["post-9655","post","type-post","status-publish","format-standard","has-post-thumbnail","hentry","category-noticias","tag-aviacion-militar-bolivariana","tag-covenin","tag-dheliz-alvarez","tag-fanb","tag-meteorologia"],"jetpack_featured_media_url":"https:\/\/i0.wp.com\/mincomercionacional.gob.ve\/wp-content\/uploads\/2022\/02\/sencamer-y-amb.jpg?fit=1176%2C480&ssl=1","jetpack_shortlink":"https:\/\/wp.me\/pbvjg9-2vJ","_links":{"self":[{"href":"https:\/\/mincomercionacional.gob.ve\/index.php?rest_route=\/wp\/v2\/posts\/9655","targetHints":{"allow":["GET"]}}],"collection":[{"href":"https:\/\/mincomercionacional.gob.ve\/index.php?rest_route=\/wp\/v2\/posts"}],"about":[{"href":"https:\/\/mincomercionacional.gob.ve\/index.php?rest_route=\/wp\/v2\/types\/post"}],"author":[{"embeddable":true,"href":"https:\/\/mincomercionacional.gob.ve\/index.php?rest_route=\/wp\/v2\/users\/12"}],"replies":[{"embeddable":true,"href":"https:\/\/mincomercionacional.gob.ve\/index.php?rest_route=%2Fwp%2Fv2%2Fcomments&post=9655"}],"version-history":[{"count":1,"href":"https:\/\/mincomercionacional.gob.ve\/index.php?rest_route=\/wp\/v2\/posts\/9655\/revisions"}],"predecessor-version":[{"id":9658,"href":"https:\/\/mincomercionacional.gob.ve\/index.php?rest_route=\/wp\/v2\/posts\/9655\/revisions\/9658"}],"wp:featuredmedia":[{"embeddable":true,"href":"https:\/\/mincomercionacional.gob.ve\/index.php?rest_route=\/wp\/v2\/media\/9656"}],"wp:attachment":[{"href":"https:\/\/mincomercionacional.gob.ve\/index.php?rest_route=%2Fwp%2Fv2%2Fmedia&parent=9655"}],"wp:term":[{"taxonomy":"category","embeddable":true,"href":"https:\/\/mincomercionacional.gob.ve\/index.php?rest_route=%2Fwp%2Fv2%2Fcategories&post=9655"},{"taxonomy":"post_tag","embeddable":true,"href":"https:\/\/mincomercionacional.gob.ve\/index.php?rest_route=%2Fwp%2Fv2%2Ftags&post=9655"}],"curies":[{"name":"wp","href":"https:\/\/api.w.org\/{rel}","templated":true}]}}