{"id":9632,"date":"2022-02-19T16:33:56","date_gmt":"2022-02-19T20:33:56","guid":{"rendered":"http:\/\/mincomercionacional.gob.ve\/?p=9632"},"modified":"2022-02-19T16:33:56","modified_gmt":"2022-02-19T20:33:56","slug":"comerciantes-de-petare-deben-usar-bolivar-digital-y-acatar-tasa-bcv","status":"publish","type":"post","link":"https:\/\/mincomercionacional.gob.ve\/?p=9632","title":{"rendered":"Comerciantes de Petare deben usar Bol\u00edvar Digital y acatar tasa BCV"},"content":{"rendered":"<p style=\"text-align: justify;\">Ante las denuncias recibidas en la Sala de Operaciones del Ministerio del Poder Popular de Comercio Nacional, la Superintendenta Nacional para la Defensa de los Derechos Socioecon\u00f3micos del pueblo, Dheliz \u00c1lvarez, orden\u00f3 un despliegue en los establecimientos ubicados en la Redoma del Petare, municipio Sucre.<\/p>\n<p style=\"text-align: justify;\">En la jornada, que se realiz\u00f3 este s\u00e1bado 19 de febrero de 2022, 80 comercios fueron inspeccionados personalmente por los intendentes de Fiscalizaci\u00f3n, Costos y Obrero, Juan Iriarte, Elio C\u00f3rdova y Luis L\u00f3pez.<\/p>\n<p style=\"text-align: justify;\">Todos los comerciantes, fueron exhortados a usar el Bol\u00edvar Digital como forma de pago para las transacciones y a acatar la tasa de cambio, establecida por el Banco Central de Venezuela, si el cliente desea pagar en moneda convertible, tal y como lo indic\u00f3 la Superintendenta.<\/p>\n<p style=\"text-align: justify;\">40 fiscales de la Sundde, se encargaron de ejecutar la instrucci\u00f3n de la ministra Dheliz \u00c1lvarez, quien reiter\u00f3 que cualquier novedad, puede ser reportada a trav\u00e9s de las redes <strong>@Sundde_ve<\/strong> en Twitter e Intagram, <strong>0412 0230101<\/strong> en WhatsApp, <strong>0412 0230049<\/strong> texto y llamadas telef\u00f3nicas.<\/p>\n<p>&nbsp;<\/p>\n<p class=\"jetpack-slideshow-noscript robots-nocontent\">El pase de diapositivas requiere JavaScript.<\/p><div id=\"gallery-9632-1-slideshow\" class=\"jetpack-slideshow-window jetpack-slideshow jetpack-slideshow-black\" data-trans=\"fade\" data-autostart=\"1\" data-gallery=\"[{&quot;src&quot;:&quot;https:\\\/\\\/i0.wp.com\\\/mincomercionacional.gob.ve\\\/wp-content\\\/uploads\\\/2022\\\/02\\\/1c25dbdb-d226-4412-b03e-4e38c1af2ee4.jpg?fit=800%2C600\\u0026ssl=1&quot;,&quot;id&quot;:&quot;9639&quot;,&quot;title&quot;:&quot;1c25dbdb-d226-4412-b03e-4e38c1af2ee4&quot;,&quot;alt&quot;:&quot;&quot;,&quot;caption&quot;:&quot;Inspectores de la Sundde, de la mano con el pueblo organizado, velando por los derechos socioecon\\u00f3micos de las y los venezolanos&quot;,&quot;itemprop&quot;:&quot;image&quot;},{&quot;src&quot;:&quot;https:\\\/\\\/i0.wp.com\\\/mincomercionacional.gob.ve\\\/wp-content\\\/uploads\\\/2022\\\/02\\\/da25c0fc-531d-4a82-b6e9-8bc1bdfe73e7.jpg?fit=800%2C600\\u0026ssl=1&quot;,&quot;id&quot;:&quot;9638&quot;,&quot;title&quot;:&quot;&quot;,&quot;alt&quot;:&quot;&quot;,&quot;caption&quot;:&quot;&quot;,&quot;itemprop&quot;:&quot;image&quot;},{&quot;src&quot;:&quot;https:\\\/\\\/i0.wp.com\\\/mincomercionacional.gob.ve\\\/wp-content\\\/uploads\\\/2022\\\/02\\\/4a674051-be85-4506-8330-e33352cb315f.jpg?fit=800%2C600\\u0026ssl=1&quot;,&quot;id&quot;:&quot;9636&quot;,&quot;title&quot;:&quot;&quot;,&quot;alt&quot;:&quot;&quot;,&quot;caption&quot;:&quot;&quot;,&quot;itemprop&quot;:&quot;image&quot;},{&quot;src&quot;:&quot;https:\\\/\\\/i0.wp.com\\\/mincomercionacional.gob.ve\\\/wp-content\\\/uploads\\\/2022\\\/02\\\/b7a723a0-7ca5-4c35-9a61-b5940422daf3.jpg?fit=800%2C600\\u0026ssl=1&quot;,&quot;id&quot;:&quot;9635&quot;,&quot;title&quot;:&quot;&quot;,&quot;alt&quot;:&quot;&quot;,&quot;caption&quot;:&quot;&quot;,&quot;itemprop&quot;:&quot;image&quot;},{&quot;src&quot;:&quot;https:\\\/\\\/i0.wp.com\\\/mincomercionacional.gob.ve\\\/wp-content\\\/uploads\\\/2022\\\/02\\\/96787fac-b51a-46b0-9e10-65c7473c3f40.jpg?fit=800%2C600\\u0026ssl=1&quot;,&quot;id&quot;:&quot;9634&quot;,&quot;title&quot;:&quot;&quot;,&quot;alt&quot;:&quot;&quot;,&quot;caption&quot;:&quot;&quot;,&quot;itemprop&quot;:&quot;image&quot;},{&quot;src&quot;:&quot;https:\\\/\\\/i0.wp.com\\\/mincomercionacional.gob.ve\\\/wp-content\\\/uploads\\\/2022\\\/02\\\/11734108-adc1-4cbb-8de4-30b13539d878.jpg?fit=800%2C600\\u0026ssl=1&quot;,&quot;id&quot;:&quot;9633&quot;,&quot;title&quot;:&quot;&quot;,&quot;alt&quot;:&quot;&quot;,&quot;caption&quot;:&quot;&quot;,&quot;itemprop&quot;:&quot;image&quot;}]\" itemscope itemtype=\"https:\/\/schema.org\/ImageGallery\"><\/div>\n","protected":false},"excerpt":{"rendered":"<p>Ante las denuncias recibidas en la Sala de Operaciones del Ministerio del Poder Popular de Comercio Nacional, la Superintendenta Nacional para la Defensa de los Derechos Socioecon\u00f3micos del pueblo, Dheliz \u00c1lvarez, orden\u00f3 un despliegue en los establecimientos ubicados en la Redoma del Petare, municipio Sucre. En la jornada, que se realiz\u00f3 este s\u00e1bado 19 de &hellip;<\/p>\n","protected":false},"author":12,"featured_media":9637,"comment_status":"closed","ping_status":"open","sticky":false,"template":"","format":"standard","meta":{"footnotes":""},"categories":[79],"tags":[936,497,736,822,773,994,34,941,59],"class_list":["post-9632","post","type-post","status-publish","format-standard","has-post-thumbnail","hentry","category-noticias","tag-936","tag-comercios-inspeccionados","tag-dheliz-alvarez","tag-elio-cordoba","tag-juan-alejandro-iriarte","tag-luis-lopez","tag-ministerio-de-comercio-nacional","tag-petare","tag-sundde"],"jetpack_featured_media_url":"https:\/\/i0.wp.com\/mincomercionacional.gob.ve\/wp-content\/uploads\/2022\/02\/2769b037-d6fd-4c01-a31a-574974030e77.jpg?fit=800%2C600&ssl=1","jetpack_shortlink":"https:\/\/wp.me\/pbvjg9-2vm","_links":{"self":[{"href":"https:\/\/mincomercionacional.gob.ve\/index.php?rest_route=\/wp\/v2\/posts\/9632","targetHints":{"allow":["GET"]}}],"collection":[{"href":"https:\/\/mincomercionacional.gob.ve\/index.php?rest_route=\/wp\/v2\/posts"}],"about":[{"href":"https:\/\/mincomercionacional.gob.ve\/index.php?rest_route=\/wp\/v2\/types\/post"}],"author":[{"embeddable":true,"href":"https:\/\/mincomercionacional.gob.ve\/index.php?rest_route=\/wp\/v2\/users\/12"}],"replies":[{"embeddable":true,"href":"https:\/\/mincomercionacional.gob.ve\/index.php?rest_route=%2Fwp%2Fv2%2Fcomments&post=9632"}],"version-history":[{"count":1,"href":"https:\/\/mincomercionacional.gob.ve\/index.php?rest_route=\/wp\/v2\/posts\/9632\/revisions"}],"predecessor-version":[{"id":9640,"href":"https:\/\/mincomercionacional.gob.ve\/index.php?rest_route=\/wp\/v2\/posts\/9632\/revisions\/9640"}],"wp:featuredmedia":[{"embeddable":true,"href":"https:\/\/mincomercionacional.gob.ve\/index.php?rest_route=\/wp\/v2\/media\/9637"}],"wp:attachment":[{"href":"https:\/\/mincomercionacional.gob.ve\/index.php?rest_route=%2Fwp%2Fv2%2Fmedia&parent=9632"}],"wp:term":[{"taxonomy":"category","embeddable":true,"href":"https:\/\/mincomercionacional.gob.ve\/index.php?rest_route=%2Fwp%2Fv2%2Fcategories&post=9632"},{"taxonomy":"post_tag","embeddable":true,"href":"https:\/\/mincomercionacional.gob.ve\/index.php?rest_route=%2Fwp%2Fv2%2Ftags&post=9632"}],"curies":[{"name":"wp","href":"https:\/\/api.w.org\/{rel}","templated":true}]}}