{"id":9617,"date":"2022-02-18T09:09:36","date_gmt":"2022-02-18T13:09:36","guid":{"rendered":"http:\/\/mincomercionacional.gob.ve\/?p=9617"},"modified":"2022-02-18T09:09:36","modified_gmt":"2022-02-18T13:09:36","slug":"jovenes-innovadores-y-creadores-debaten-sobre-propiedad-intelectual","status":"publish","type":"post","link":"https:\/\/mincomercionacional.gob.ve\/?p=9617","title":{"rendered":"J\u00f3venes innovadores y creadores debaten sobre propiedad intelectual"},"content":{"rendered":"<p style=\"text-align: justify;\">El Ministerio de Comercio Nacional, a trav\u00e9s del Servicio Aut\u00f3nomo de la Propiedad Intelectual (Sapi), promueve el debate juvenil sobre la Propiedad Intelectual.<\/p>\n<p style=\"text-align: justify;\">Durante un encuentro virtual, que se efectu\u00f3 este jueves 17 de febrero de 2022, los j\u00f3venes conocieron los avances en materia de registros de marcas, patentes y certificaciones de Derecho de Autor.<\/p>\n<p style=\"text-align: justify;\">Jineska Gil, participante y examinadora del Sapi, asegur\u00f3 que Venezuela experimenta una etapa de reaprendizaje de los procesos y t\u00e9cnicas, para el registro de Propiedad Intelectual, sobre todo en el \u00e1rea de patentes.<\/p>\n<p style=\"text-align: justify;\">Venezuela elabora una gu\u00eda pr\u00e1ctica para la redacci\u00f3n de las solicitudes de patentes que se publicar\u00e1 pr\u00f3ximamente.<\/p>\n<p style=\"text-align: justify;\">Zulay Poggy, directora de Indicaciones Geogr\u00e1ficas Protegidas, recalc\u00f3 que es indispensable \u201c<em>divulgar m\u00e1s el tema de la Propiedad Intelectual<\/em>\u201d.<\/p>\n<p><img data-recalc-dims=\"1\" loading=\"lazy\" decoding=\"async\" data-attachment-id=\"9619\" data-permalink=\"https:\/\/mincomercionacional.gob.ve\/?attachment_id=9619\" data-orig-file=\"https:\/\/i0.wp.com\/mincomercionacional.gob.ve\/wp-content\/uploads\/2022\/02\/WhatsApp-Image-2022-02-18-at-8.22.08-AM.jpeg?fit=1080%2C698&amp;ssl=1\" data-orig-size=\"1080,698\" data-comments-opened=\"0\" data-image-meta=\"{&quot;aperture&quot;:&quot;0&quot;,&quot;credit&quot;:&quot;&quot;,&quot;camera&quot;:&quot;&quot;,&quot;caption&quot;:&quot;&quot;,&quot;created_timestamp&quot;:&quot;0&quot;,&quot;copyright&quot;:&quot;&quot;,&quot;focal_length&quot;:&quot;0&quot;,&quot;iso&quot;:&quot;0&quot;,&quot;shutter_speed&quot;:&quot;0&quot;,&quot;title&quot;:&quot;&quot;,&quot;orientation&quot;:&quot;0&quot;}\" data-image-title=\"WhatsApp Image 2022-02-18 at 8.22.08 AM\" data-image-description=\"\" data-image-caption=\"\" data-medium-file=\"https:\/\/i0.wp.com\/mincomercionacional.gob.ve\/wp-content\/uploads\/2022\/02\/WhatsApp-Image-2022-02-18-at-8.22.08-AM.jpeg?fit=300%2C194&amp;ssl=1\" data-large-file=\"https:\/\/i0.wp.com\/mincomercionacional.gob.ve\/wp-content\/uploads\/2022\/02\/WhatsApp-Image-2022-02-18-at-8.22.08-AM.jpeg?fit=1024%2C662&amp;ssl=1\" class=\"alignnone size-full wp-image-9619\" src=\"https:\/\/i0.wp.com\/mincomercionacional.gob.ve\/wp-content\/uploads\/2022\/02\/WhatsApp-Image-2022-02-18-at-8.22.08-AM.jpeg?resize=1080%2C698\" alt=\"\" width=\"1080\" height=\"698\" \/><\/p>\n","protected":false},"excerpt":{"rendered":"<p>El Ministerio de Comercio Nacional, a trav\u00e9s del Servicio Aut\u00f3nomo de la Propiedad Intelectual (Sapi), promueve el debate juvenil sobre la Propiedad Intelectual. Durante un encuentro virtual, que se efectu\u00f3 este jueves 17 de febrero de 2022, los j\u00f3venes conocieron los avances en materia de registros de marcas, patentes y certificaciones de Derecho de Autor. &hellip;<\/p>\n","protected":false},"author":12,"featured_media":9618,"comment_status":"closed","ping_status":"open","sticky":false,"template":"","format":"standard","meta":{"footnotes":""},"categories":[79],"tags":[989,990,76,75,140,988],"class_list":["post-9617","post","type-post","status-publish","format-standard","has-post-thumbnail","hentry","category-noticias","tag-jovenes","tag-juventud","tag-propiedad-intelectual","tag-sapi","tag-servicio-autonomo-de-la-propiedad-intelectual","tag-videoconferencia"],"jetpack_featured_media_url":"https:\/\/i0.wp.com\/mincomercionacional.gob.ve\/wp-content\/uploads\/2022\/02\/WhatsApp-Image-2022-02-18-at-8.22.08-AM-1.jpeg?fit=1080%2C652&ssl=1","jetpack_shortlink":"https:\/\/wp.me\/pbvjg9-2v7","_links":{"self":[{"href":"https:\/\/mincomercionacional.gob.ve\/index.php?rest_route=\/wp\/v2\/posts\/9617","targetHints":{"allow":["GET"]}}],"collection":[{"href":"https:\/\/mincomercionacional.gob.ve\/index.php?rest_route=\/wp\/v2\/posts"}],"about":[{"href":"https:\/\/mincomercionacional.gob.ve\/index.php?rest_route=\/wp\/v2\/types\/post"}],"author":[{"embeddable":true,"href":"https:\/\/mincomercionacional.gob.ve\/index.php?rest_route=\/wp\/v2\/users\/12"}],"replies":[{"embeddable":true,"href":"https:\/\/mincomercionacional.gob.ve\/index.php?rest_route=%2Fwp%2Fv2%2Fcomments&post=9617"}],"version-history":[{"count":1,"href":"https:\/\/mincomercionacional.gob.ve\/index.php?rest_route=\/wp\/v2\/posts\/9617\/revisions"}],"predecessor-version":[{"id":9620,"href":"https:\/\/mincomercionacional.gob.ve\/index.php?rest_route=\/wp\/v2\/posts\/9617\/revisions\/9620"}],"wp:featuredmedia":[{"embeddable":true,"href":"https:\/\/mincomercionacional.gob.ve\/index.php?rest_route=\/wp\/v2\/media\/9618"}],"wp:attachment":[{"href":"https:\/\/mincomercionacional.gob.ve\/index.php?rest_route=%2Fwp%2Fv2%2Fmedia&parent=9617"}],"wp:term":[{"taxonomy":"category","embeddable":true,"href":"https:\/\/mincomercionacional.gob.ve\/index.php?rest_route=%2Fwp%2Fv2%2Fcategories&post=9617"},{"taxonomy":"post_tag","embeddable":true,"href":"https:\/\/mincomercionacional.gob.ve\/index.php?rest_route=%2Fwp%2Fv2%2Ftags&post=9617"}],"curies":[{"name":"wp","href":"https:\/\/api.w.org\/{rel}","templated":true}]}}