{"id":9559,"date":"2022-02-07T15:19:38","date_gmt":"2022-02-07T19:19:38","guid":{"rendered":"http:\/\/mincomercionacional.gob.ve\/?p=9559"},"modified":"2022-02-07T15:19:38","modified_gmt":"2022-02-07T19:19:38","slug":"usuarios-reconocen-calidad-de-servicio-del-sapi-en-proceso-de-solicitudes-de-concesion-de-marcas","status":"publish","type":"post","link":"https:\/\/mincomercionacional.gob.ve\/?p=9559","title":{"rendered":"Usuarios reconocen calidad de servicio del Sapi en proceso de solicitudes de concesi\u00f3n de marcas"},"content":{"rendered":"<p style=\"text-align: justify;\">\u201c<em>El r\u00e1pido y buen acompa\u00f1amiento, as\u00ed como la asesor\u00eda que brinda el Servicio Aut\u00f3nomo de la Propiedad Intelectual para el registro de una marca, es esencial<\/em>\u201d, as\u00ed lo reconoci\u00f3 Ricardo Suguef, uno de los tramitantes de las 711 solicitudes de concesi\u00f3n de marcas recibidas por el ente adscrito al Ministerio de Comercio Nacional, entre el 03 y el 31 de enero de 2022.<\/p>\n<p style=\"text-align: justify;\">Esta cifra representa un incremento de 81 por ciento, respecto al mismo periodo de 2021. Suguef destac\u00f3 la importancia de registrar una marca, porque con ello asegura que la idea no sea usurpada, y en caso que ocurra, el interesado puede acudir a las autoridades para hacer valer su derecho.<\/p>\n<p style=\"text-align: justify;\">Durante enero de 2022, el Sapi atendi\u00f3 a mil 618 usuarios por la Taquilla de Atenci\u00f3n Integral Virtual, v\u00eda telef\u00f3nica y redes sociales; en materia de Patentes, recibi\u00f3 23 solicitudes y otras 20 est\u00e1n relacionadas con Derecho de Autor.<\/p>\n<p><img data-recalc-dims=\"1\" loading=\"lazy\" decoding=\"async\" data-attachment-id=\"9558\" data-permalink=\"https:\/\/mincomercionacional.gob.ve\/?attachment_id=9558\" data-orig-file=\"https:\/\/i0.wp.com\/mincomercionacional.gob.ve\/wp-content\/uploads\/2022\/02\/png-WhatsApp-Image-2022-02-07-at-1.59.31-PM-1.png?fit=1080%2C720&amp;ssl=1\" data-orig-size=\"1080,720\" data-comments-opened=\"0\" data-image-meta=\"{&quot;aperture&quot;:&quot;0&quot;,&quot;credit&quot;:&quot;&quot;,&quot;camera&quot;:&quot;&quot;,&quot;caption&quot;:&quot;&quot;,&quot;created_timestamp&quot;:&quot;0&quot;,&quot;copyright&quot;:&quot;&quot;,&quot;focal_length&quot;:&quot;0&quot;,&quot;iso&quot;:&quot;0&quot;,&quot;shutter_speed&quot;:&quot;0&quot;,&quot;title&quot;:&quot;&quot;,&quot;orientation&quot;:&quot;0&quot;}\" data-image-title=\"png-WhatsApp Image 2022-02-07 at 1.59.31 PM (1)\" data-image-description=\"\" data-image-caption=\"\" data-medium-file=\"https:\/\/i0.wp.com\/mincomercionacional.gob.ve\/wp-content\/uploads\/2022\/02\/png-WhatsApp-Image-2022-02-07-at-1.59.31-PM-1.png?fit=300%2C200&amp;ssl=1\" data-large-file=\"https:\/\/i0.wp.com\/mincomercionacional.gob.ve\/wp-content\/uploads\/2022\/02\/png-WhatsApp-Image-2022-02-07-at-1.59.31-PM-1.png?fit=1024%2C683&amp;ssl=1\" class=\"alignnone size-full wp-image-9558\" src=\"https:\/\/i0.wp.com\/mincomercionacional.gob.ve\/wp-content\/uploads\/2022\/02\/png-WhatsApp-Image-2022-02-07-at-1.59.31-PM-1.png?resize=1080%2C720\" alt=\"\" width=\"1080\" height=\"720\" \/><\/p>\n<p style=\"text-align: justify;\">Tal como lo instruy\u00f3 la ministra de Comercio Nacional Dheliz \u00c1lvarez, el organismo encargado de registrar marcas, patentes, derechos de autor y de otorgar Indicaciones geogr\u00e1ficas protegidas, avanza en la simplificaci\u00f3n de tr\u00e1mites y la digitalizaci\u00f3n de los procesos en beneficio de los usuarios y las usuarias.<\/p>\n<p style=\"text-align: justify;\">El Sapi cuenta con los siguientes canales de atenci\u00f3n: 01412-3963818 en WhatsApp, @sapi_ve en Twitter, sapi_venezuela Instagram y Sapi Venezuela en Facebook.<\/p>\n","protected":false},"excerpt":{"rendered":"<p>\u201cEl r\u00e1pido y buen acompa\u00f1amiento, as\u00ed como la asesor\u00eda que brinda el Servicio Aut\u00f3nomo de la Propiedad Intelectual para el registro de una marca, es esencial\u201d, as\u00ed lo reconoci\u00f3 Ricardo Suguef, uno de los tramitantes de las 711 solicitudes de concesi\u00f3n de marcas recibidas por el ente adscrito al Ministerio de Comercio Nacional, entre el &hellip;<\/p>\n","protected":false},"author":12,"featured_media":9560,"comment_status":"closed","ping_status":"open","sticky":false,"template":"","format":"standard","meta":{"footnotes":""},"categories":[79],"tags":[173,736,34,973,972,75,971],"class_list":["post-9559","post","type-post","status-publish","format-standard","has-post-thumbnail","hentry","category-noticias","tag-derecho-de-autor","tag-dheliz-alvarez","tag-ministerio-de-comercio-nacional","tag-registro-de-marca","tag-registro-de-nombre","tag-sapi","tag-usuarios-y-usuarias"],"jetpack_featured_media_url":"https:\/\/i0.wp.com\/mincomercionacional.gob.ve\/wp-content\/uploads\/2022\/02\/png-WhatsApp-Image-2022-02-07-at-1.59.31-PM.png?fit=1080%2C720&ssl=1","jetpack_shortlink":"https:\/\/wp.me\/pbvjg9-2ub","_links":{"self":[{"href":"https:\/\/mincomercionacional.gob.ve\/index.php?rest_route=\/wp\/v2\/posts\/9559","targetHints":{"allow":["GET"]}}],"collection":[{"href":"https:\/\/mincomercionacional.gob.ve\/index.php?rest_route=\/wp\/v2\/posts"}],"about":[{"href":"https:\/\/mincomercionacional.gob.ve\/index.php?rest_route=\/wp\/v2\/types\/post"}],"author":[{"embeddable":true,"href":"https:\/\/mincomercionacional.gob.ve\/index.php?rest_route=\/wp\/v2\/users\/12"}],"replies":[{"embeddable":true,"href":"https:\/\/mincomercionacional.gob.ve\/index.php?rest_route=%2Fwp%2Fv2%2Fcomments&post=9559"}],"version-history":[{"count":1,"href":"https:\/\/mincomercionacional.gob.ve\/index.php?rest_route=\/wp\/v2\/posts\/9559\/revisions"}],"predecessor-version":[{"id":9561,"href":"https:\/\/mincomercionacional.gob.ve\/index.php?rest_route=\/wp\/v2\/posts\/9559\/revisions\/9561"}],"wp:featuredmedia":[{"embeddable":true,"href":"https:\/\/mincomercionacional.gob.ve\/index.php?rest_route=\/wp\/v2\/media\/9560"}],"wp:attachment":[{"href":"https:\/\/mincomercionacional.gob.ve\/index.php?rest_route=%2Fwp%2Fv2%2Fmedia&parent=9559"}],"wp:term":[{"taxonomy":"category","embeddable":true,"href":"https:\/\/mincomercionacional.gob.ve\/index.php?rest_route=%2Fwp%2Fv2%2Fcategories&post=9559"},{"taxonomy":"post_tag","embeddable":true,"href":"https:\/\/mincomercionacional.gob.ve\/index.php?rest_route=%2Fwp%2Fv2%2Ftags&post=9559"}],"curies":[{"name":"wp","href":"https:\/\/api.w.org\/{rel}","templated":true}]}}