{"id":9381,"date":"2022-01-07T14:23:02","date_gmt":"2022-01-07T18:23:02","guid":{"rendered":"http:\/\/mincomercionacional.gob.ve\/?p=9381"},"modified":"2022-01-07T14:35:36","modified_gmt":"2022-01-07T18:35:36","slug":"ministerio-de-comercio-nacional-verifico-produccion-de-empresa-beneficiadora-de-pollo-ebenezer","status":"publish","type":"post","link":"https:\/\/mincomercionacional.gob.ve\/?p=9381","title":{"rendered":"Ministerio de Comercio Nacional verific\u00f3 producci\u00f3n de empresa beneficiadora de pollo Ebenezer"},"content":{"rendered":"<p style=\"text-align: justify;\">La empresa beneficiadora de pollo Ebenezer, est\u00e1 en pleno proceso de producci\u00f3n. As\u00ed lo constat\u00f3 el Ministerio del Poder Popular de Comercio Nacional, tras una visita a la planta ubicada en el estado Yaracuy.<\/p>\n<p style=\"text-align: justify;\">El viceministro de Seguimiento y Control del Comercio y la Distribuci\u00f3n, Luis Villegas, por instrucciones de la ministra Dheliz \u00c1lvarez, realiz\u00f3 un recorrido de inspecci\u00f3n en la empresa ubicada espec\u00edficamente en Chivacoa, y verific\u00f3 que el proceso de producci\u00f3n de la prote\u00edna se cumple satisfactoriamente.<\/p>\n<p style=\"text-align: justify;\">Villegas, cont\u00f3 con la compa\u00f1\u00eda del viceministro de Comercio, Daniel G\u00f3mez, con quien confirm\u00f3 el proceso producci\u00f3n, beneficio y preparaci\u00f3n del pollo, as\u00ed como los pasos para la elaboraci\u00f3n de la mortadela de pollo.<\/p>\n<p style=\"text-align: justify;\">El Ministerio de Comercio Nacional, estableci\u00f3 una reuni\u00f3n con los productores av\u00edcolas, para debatir y buscar soluciones id\u00f3neas a los desaf\u00edos que enfrenta el proceso, para seguir impulsando el sector productivo del pa\u00eds.<\/p>\n<div class=\"tiled-gallery type-rectangular tiled-gallery-unresized\" data-original-width=\"500\" data-carousel-extra='{&quot;blog_id&quot;:1,&quot;permalink&quot;:&quot;https:\\\/\\\/mincomercionacional.gob.ve\\\/?p=9381&quot;,&quot;likes_blog_id&quot;:170001901}' itemscope itemtype=\"http:\/\/schema.org\/ImageGallery\" > <div class=\"gallery-row\" style=\"width: 500px; height: 142px;\" data-original-width=\"500\" data-original-height=\"142\" > <div class=\"gallery-group images-1\" style=\"width: 250px; height: 142px;\" data-original-width=\"250\" data-original-height=\"142\" > <div class=\"tiled-gallery-item tiled-gallery-item-small\" itemprop=\"associatedMedia\" itemscope itemtype=\"http:\/\/schema.org\/ImageObject\"> <a href=\"https:\/\/mincomercionacional.gob.ve\/?attachment_id=9387\" border=\"0\" itemprop=\"url\"> <meta itemprop=\"width\" content=\"246\"> <meta itemprop=\"height\" content=\"138\"> <img decoding=\"async\" class=\"\" data-attachment-id=\"9387\" data-orig-file=\"https:\/\/mincomercionacional.gob.ve\/wp-content\/uploads\/2022\/01\/WhatsApp-Image-2022-01-07-at-1.47.20-PM.jpeg\" data-orig-size=\"1080,607\" data-comments-opened=\"\" data-image-meta=\"{&quot;aperture&quot;:&quot;0&quot;,&quot;credit&quot;:&quot;&quot;,&quot;camera&quot;:&quot;&quot;,&quot;caption&quot;:&quot;&quot;,&quot;created_timestamp&quot;:&quot;0&quot;,&quot;copyright&quot;:&quot;&quot;,&quot;focal_length&quot;:&quot;0&quot;,&quot;iso&quot;:&quot;0&quot;,&quot;shutter_speed&quot;:&quot;0&quot;,&quot;title&quot;:&quot;&quot;,&quot;orientation&quot;:&quot;0&quot;}\" data-image-title=\"Equipo de MinComercio Nacional inspeccion\u00f3 cada proceso en la beneficiadora Ebnezer\" data-image-description=\"\" data-medium-file=\"https:\/\/i0.wp.com\/mincomercionacional.gob.ve\/wp-content\/uploads\/2022\/01\/WhatsApp-Image-2022-01-07-at-1.47.20-PM.jpeg?fit=300%2C169&#038;ssl=1\" data-large-file=\"https:\/\/i0.wp.com\/mincomercionacional.gob.ve\/wp-content\/uploads\/2022\/01\/WhatsApp-Image-2022-01-07-at-1.47.20-PM.jpeg?fit=1024%2C576&#038;ssl=1\" src=\"https:\/\/i0.wp.com\/mincomercionacional.gob.ve\/wp-content\/uploads\/2022\/01\/WhatsApp-Image-2022-01-07-at-1.47.20-PM.jpeg?w=246&#038;h=138&#038;ssl=1\" width=\"246\" height=\"138\" loading=\"lazy\" data-original-width=\"246\" data-original-height=\"138\" itemprop=\"http:\/\/schema.org\/image\" title=\"Equipo de MinComercio Nacional inspeccion\u00f3 cada proceso en la beneficiadora Ebnezer\" alt=\"Equipo de MinComercio Nacional inspeccion\u00f3 cada proceso en la beneficiadora Ebnezer\" style=\"width: 246px; height: 138px;\" \/> <\/a> <div class=\"tiled-gallery-caption\" itemprop=\"caption description\"> Equipo de MinComercio Nacional inspeccion\u00f3 cada proceso en la beneficiadora Ebnezer <\/div> <\/div> <\/div> <!-- close group --> <div class=\"gallery-group images-1\" style=\"width: 250px; height: 142px;\" data-original-width=\"250\" data-original-height=\"142\" > <div class=\"tiled-gallery-item tiled-gallery-item-small\" itemprop=\"associatedMedia\" itemscope itemtype=\"http:\/\/schema.org\/ImageObject\"> <a href=\"https:\/\/mincomercionacional.gob.ve\/?attachment_id=9384\" border=\"0\" itemprop=\"url\"> <meta itemprop=\"width\" content=\"246\"> <meta itemprop=\"height\" content=\"138\"> <img decoding=\"async\" class=\"\" data-attachment-id=\"9384\" data-orig-file=\"https:\/\/mincomercionacional.gob.ve\/wp-content\/uploads\/2022\/01\/WhatsApp-Image-2022-01-07-at-1.47.17-PM-3.jpeg\" data-orig-size=\"1080,607\" data-comments-opened=\"\" data-image-meta=\"{&quot;aperture&quot;:&quot;0&quot;,&quot;credit&quot;:&quot;&quot;,&quot;camera&quot;:&quot;&quot;,&quot;caption&quot;:&quot;&quot;,&quot;created_timestamp&quot;:&quot;0&quot;,&quot;copyright&quot;:&quot;&quot;,&quot;focal_length&quot;:&quot;0&quot;,&quot;iso&quot;:&quot;0&quot;,&quot;shutter_speed&quot;:&quot;0&quot;,&quot;title&quot;:&quot;&quot;,&quot;orientation&quot;:&quot;0&quot;}\" data-image-title=\"Equipo de MinComercio Nacional inspeccion\u00f3 cada proceso en la beneficiadora Ebnezer\" data-image-description=\"\" data-medium-file=\"https:\/\/i0.wp.com\/mincomercionacional.gob.ve\/wp-content\/uploads\/2022\/01\/WhatsApp-Image-2022-01-07-at-1.47.17-PM-3.jpeg?fit=300%2C169&#038;ssl=1\" data-large-file=\"https:\/\/i0.wp.com\/mincomercionacional.gob.ve\/wp-content\/uploads\/2022\/01\/WhatsApp-Image-2022-01-07-at-1.47.17-PM-3.jpeg?fit=1024%2C576&#038;ssl=1\" src=\"https:\/\/i0.wp.com\/mincomercionacional.gob.ve\/wp-content\/uploads\/2022\/01\/WhatsApp-Image-2022-01-07-at-1.47.17-PM-3.jpeg?w=246&#038;h=138&#038;ssl=1\" width=\"246\" height=\"138\" loading=\"lazy\" data-original-width=\"246\" data-original-height=\"138\" itemprop=\"http:\/\/schema.org\/image\" title=\"Equipo de MinComercio Nacional inspeccion\u00f3 cada proceso en la beneficiadora Ebnezer\" alt=\"Equipo de MinComercio Nacional inspeccion\u00f3 cada proceso en la beneficiadora Ebnezer\" style=\"width: 246px; height: 138px;\" \/> <\/a> <div class=\"tiled-gallery-caption\" itemprop=\"caption description\"> Equipo de MinComercio Nacional inspeccion\u00f3 cada proceso en la beneficiadora Ebnezer <\/div> <\/div> <\/div> <!-- close group --> <\/div> <!-- close row --> <div class=\"gallery-row\" style=\"width: 500px; height: 125px;\" data-original-width=\"500\" data-original-height=\"125\" > <div class=\"gallery-group images-1\" style=\"width: 220px; height: 125px;\" data-original-width=\"220\" data-original-height=\"125\" > <div class=\"tiled-gallery-item tiled-gallery-item-small\" itemprop=\"associatedMedia\" itemscope itemtype=\"http:\/\/schema.org\/ImageObject\"> <a href=\"https:\/\/mincomercionacional.gob.ve\/?attachment_id=9383\" border=\"0\" itemprop=\"url\"> <meta itemprop=\"width\" content=\"216\"> <meta itemprop=\"height\" content=\"121\"> <img decoding=\"async\" class=\"\" data-attachment-id=\"9383\" data-orig-file=\"https:\/\/mincomercionacional.gob.ve\/wp-content\/uploads\/2022\/01\/WhatsApp-Image-2022-01-07-at-1.47.17-PM-5.jpeg\" data-orig-size=\"1080,607\" data-comments-opened=\"\" data-image-meta=\"{&quot;aperture&quot;:&quot;0&quot;,&quot;credit&quot;:&quot;&quot;,&quot;camera&quot;:&quot;&quot;,&quot;caption&quot;:&quot;&quot;,&quot;created_timestamp&quot;:&quot;0&quot;,&quot;copyright&quot;:&quot;&quot;,&quot;focal_length&quot;:&quot;0&quot;,&quot;iso&quot;:&quot;0&quot;,&quot;shutter_speed&quot;:&quot;0&quot;,&quot;title&quot;:&quot;&quot;,&quot;orientation&quot;:&quot;0&quot;}\" data-image-title=\"WhatsApp Image 2022-01-07 at 1.47.17 PM (5)\" data-image-description=\"\" data-medium-file=\"https:\/\/i0.wp.com\/mincomercionacional.gob.ve\/wp-content\/uploads\/2022\/01\/WhatsApp-Image-2022-01-07-at-1.47.17-PM-5.jpeg?fit=300%2C169&#038;ssl=1\" data-large-file=\"https:\/\/i0.wp.com\/mincomercionacional.gob.ve\/wp-content\/uploads\/2022\/01\/WhatsApp-Image-2022-01-07-at-1.47.17-PM-5.jpeg?fit=1024%2C576&#038;ssl=1\" src=\"https:\/\/i0.wp.com\/mincomercionacional.gob.ve\/wp-content\/uploads\/2022\/01\/WhatsApp-Image-2022-01-07-at-1.47.17-PM-5.jpeg?w=216&#038;h=121&#038;ssl=1\" width=\"216\" height=\"121\" loading=\"lazy\" data-original-width=\"216\" data-original-height=\"121\" itemprop=\"http:\/\/schema.org\/image\" title=\"WhatsApp Image 2022-01-07 at 1.47.17 PM (5)\" alt=\"WhatsApp Image 2022-01-07 at 1.47.17 PM (5)\" style=\"width: 216px; height: 121px;\" \/> <\/a> <\/div> <\/div> <!-- close group --> <div class=\"gallery-group images-1\" style=\"width: 280px; height: 125px;\" data-original-width=\"280\" data-original-height=\"125\" > <div class=\"tiled-gallery-item tiled-gallery-item-large\" itemprop=\"associatedMedia\" itemscope itemtype=\"http:\/\/schema.org\/ImageObject\"> <a href=\"https:\/\/mincomercionacional.gob.ve\/?attachment_id=9385\" border=\"0\" itemprop=\"url\"> <meta itemprop=\"width\" content=\"276\"> <meta itemprop=\"height\" content=\"121\"> <img decoding=\"async\" class=\"\" data-attachment-id=\"9385\" data-orig-file=\"https:\/\/mincomercionacional.gob.ve\/wp-content\/uploads\/2022\/01\/WhatsApp-Image-2022-01-07-at-1.47.17-PM-2.jpeg\" data-orig-size=\"984,432\" data-comments-opened=\"\" data-image-meta=\"{&quot;aperture&quot;:&quot;0&quot;,&quot;credit&quot;:&quot;&quot;,&quot;camera&quot;:&quot;&quot;,&quot;caption&quot;:&quot;&quot;,&quot;created_timestamp&quot;:&quot;0&quot;,&quot;copyright&quot;:&quot;&quot;,&quot;focal_length&quot;:&quot;0&quot;,&quot;iso&quot;:&quot;0&quot;,&quot;shutter_speed&quot;:&quot;0&quot;,&quot;title&quot;:&quot;&quot;,&quot;orientation&quot;:&quot;0&quot;}\" data-image-title=\"Equipo de MinComercio Nacional inspeccion\u00f3 cada proceso en la beneficiadora Ebnezer\" data-image-description=\"\" data-medium-file=\"https:\/\/i0.wp.com\/mincomercionacional.gob.ve\/wp-content\/uploads\/2022\/01\/WhatsApp-Image-2022-01-07-at-1.47.17-PM-2.jpeg?fit=300%2C132&#038;ssl=1\" data-large-file=\"https:\/\/i0.wp.com\/mincomercionacional.gob.ve\/wp-content\/uploads\/2022\/01\/WhatsApp-Image-2022-01-07-at-1.47.17-PM-2.jpeg?fit=984%2C432&#038;ssl=1\" src=\"https:\/\/i0.wp.com\/mincomercionacional.gob.ve\/wp-content\/uploads\/2022\/01\/WhatsApp-Image-2022-01-07-at-1.47.17-PM-2.jpeg?w=276&#038;h=121&#038;ssl=1\" width=\"276\" height=\"121\" loading=\"lazy\" data-original-width=\"276\" data-original-height=\"121\" itemprop=\"http:\/\/schema.org\/image\" title=\"Equipo de MinComercio Nacional inspeccion\u00f3 cada proceso en la beneficiadora Ebnezer\" alt=\"Equipo de MinComercio Nacional inspeccion\u00f3 cada proceso en la beneficiadora Ebnezer\" style=\"width: 276px; height: 121px;\" \/> <\/a> <div class=\"tiled-gallery-caption\" itemprop=\"caption description\"> Equipo de MinComercio Nacional inspeccion\u00f3 cada proceso en la beneficiadora Ebnezer <\/div> <\/div> <\/div> <!-- close group --> <\/div> <!-- close row --> <div class=\"gallery-row\" style=\"width: 500px; height: 125px;\" data-original-width=\"500\" data-original-height=\"125\" > <div class=\"gallery-group images-1\" style=\"width: 220px; height: 125px;\" data-original-width=\"220\" data-original-height=\"125\" > <div class=\"tiled-gallery-item tiled-gallery-item-small\" itemprop=\"associatedMedia\" itemscope itemtype=\"http:\/\/schema.org\/ImageObject\"> <a href=\"https:\/\/mincomercionacional.gob.ve\/?attachment_id=9386\" border=\"0\" itemprop=\"url\"> <meta itemprop=\"width\" content=\"216\"> <meta itemprop=\"height\" content=\"121\"> <img decoding=\"async\" class=\"\" data-attachment-id=\"9386\" data-orig-file=\"https:\/\/mincomercionacional.gob.ve\/wp-content\/uploads\/2022\/01\/WhatsApp-Image-2022-01-07-at-1.47.19-PM-1.jpeg\" data-orig-size=\"1080,607\" data-comments-opened=\"\" data-image-meta=\"{&quot;aperture&quot;:&quot;0&quot;,&quot;credit&quot;:&quot;&quot;,&quot;camera&quot;:&quot;&quot;,&quot;caption&quot;:&quot;&quot;,&quot;created_timestamp&quot;:&quot;0&quot;,&quot;copyright&quot;:&quot;&quot;,&quot;focal_length&quot;:&quot;0&quot;,&quot;iso&quot;:&quot;0&quot;,&quot;shutter_speed&quot;:&quot;0&quot;,&quot;title&quot;:&quot;&quot;,&quot;orientation&quot;:&quot;0&quot;}\" data-image-title=\"Equipo de MinComercio Nacional inspeccion\u00f3 cada proceso en la beneficiadora Ebnezer\" data-image-description=\"\" data-medium-file=\"https:\/\/i0.wp.com\/mincomercionacional.gob.ve\/wp-content\/uploads\/2022\/01\/WhatsApp-Image-2022-01-07-at-1.47.19-PM-1.jpeg?fit=300%2C169&#038;ssl=1\" data-large-file=\"https:\/\/i0.wp.com\/mincomercionacional.gob.ve\/wp-content\/uploads\/2022\/01\/WhatsApp-Image-2022-01-07-at-1.47.19-PM-1.jpeg?fit=1024%2C576&#038;ssl=1\" src=\"https:\/\/i0.wp.com\/mincomercionacional.gob.ve\/wp-content\/uploads\/2022\/01\/WhatsApp-Image-2022-01-07-at-1.47.19-PM-1.jpeg?w=216&#038;h=121&#038;ssl=1\" width=\"216\" height=\"121\" loading=\"lazy\" data-original-width=\"216\" data-original-height=\"121\" itemprop=\"http:\/\/schema.org\/image\" title=\"Equipo de MinComercio Nacional inspeccion\u00f3 cada proceso en la beneficiadora Ebnezer\" alt=\"Equipo de MinComercio Nacional inspeccion\u00f3 cada proceso en la beneficiadora Ebnezer\" style=\"width: 216px; height: 121px;\" \/> <\/a> <div class=\"tiled-gallery-caption\" itemprop=\"caption description\"> Equipo de MinComercio Nacional inspeccion\u00f3 cada proceso en la beneficiadora Ebnezer <\/div> <\/div> <\/div> <!-- close group --> <div class=\"gallery-group images-1\" style=\"width: 280px; height: 125px;\" data-original-width=\"280\" data-original-height=\"125\" > <div class=\"tiled-gallery-item tiled-gallery-item-large\" itemprop=\"associatedMedia\" itemscope itemtype=\"http:\/\/schema.org\/ImageObject\"> <a href=\"https:\/\/mincomercionacional.gob.ve\/?attachment_id=9388\" border=\"0\" itemprop=\"url\"> <meta itemprop=\"width\" content=\"276\"> <meta itemprop=\"height\" content=\"121\"> <img decoding=\"async\" class=\"\" data-attachment-id=\"9388\" data-orig-file=\"https:\/\/mincomercionacional.gob.ve\/wp-content\/uploads\/2022\/01\/WhatsApp-Image-2022-01-07-at-1.47.21-PM.jpeg\" data-orig-size=\"984,432\" data-comments-opened=\"\" data-image-meta=\"{&quot;aperture&quot;:&quot;0&quot;,&quot;credit&quot;:&quot;&quot;,&quot;camera&quot;:&quot;&quot;,&quot;caption&quot;:&quot;&quot;,&quot;created_timestamp&quot;:&quot;0&quot;,&quot;copyright&quot;:&quot;&quot;,&quot;focal_length&quot;:&quot;0&quot;,&quot;iso&quot;:&quot;0&quot;,&quot;shutter_speed&quot;:&quot;0&quot;,&quot;title&quot;:&quot;&quot;,&quot;orientation&quot;:&quot;0&quot;}\" data-image-title=\"Equipo de MinComercio Nacional inspeccion\u00f3 cada proceso en la beneficiadora Ebnezer\" data-image-description=\"\" data-medium-file=\"https:\/\/i0.wp.com\/mincomercionacional.gob.ve\/wp-content\/uploads\/2022\/01\/WhatsApp-Image-2022-01-07-at-1.47.21-PM.jpeg?fit=300%2C132&#038;ssl=1\" data-large-file=\"https:\/\/i0.wp.com\/mincomercionacional.gob.ve\/wp-content\/uploads\/2022\/01\/WhatsApp-Image-2022-01-07-at-1.47.21-PM.jpeg?fit=984%2C432&#038;ssl=1\" src=\"https:\/\/i0.wp.com\/mincomercionacional.gob.ve\/wp-content\/uploads\/2022\/01\/WhatsApp-Image-2022-01-07-at-1.47.21-PM.jpeg?w=276&#038;h=121&#038;ssl=1\" width=\"276\" height=\"121\" loading=\"lazy\" data-original-width=\"276\" data-original-height=\"121\" itemprop=\"http:\/\/schema.org\/image\" title=\"Equipo de MinComercio Nacional inspeccion\u00f3 cada proceso en la beneficiadora Ebnezer\" alt=\"Equipo de MinComercio Nacional inspeccion\u00f3 cada proceso en la beneficiadora Ebnezer\" style=\"width: 276px; height: 121px;\" \/> <\/a> <div class=\"tiled-gallery-caption\" itemprop=\"caption description\"> Equipo de MinComercio Nacional inspeccion\u00f3 cada proceso en la beneficiadora Ebnezer <\/div> <\/div> <\/div> <!-- close group --> <\/div> <!-- close row --> <div class=\"gallery-row\" style=\"width: 500px; height: 177px;\" data-original-width=\"500\" data-original-height=\"177\" > <div class=\"gallery-group images-1\" style=\"width: 101px; height: 177px;\" data-original-width=\"101\" data-original-height=\"177\" > <div class=\"tiled-gallery-item tiled-gallery-item-small\" itemprop=\"associatedMedia\" itemscope itemtype=\"http:\/\/schema.org\/ImageObject\"> <a href=\"https:\/\/mincomercionacional.gob.ve\/?attachment_id=9389\" border=\"0\" itemprop=\"url\"> <meta itemprop=\"width\" content=\"97\"> <meta itemprop=\"height\" content=\"173\"> <img decoding=\"async\" class=\"\" data-attachment-id=\"9389\" data-orig-file=\"https:\/\/mincomercionacional.gob.ve\/wp-content\/uploads\/2022\/01\/WhatsApp-Image-2022-01-07-at-1.47.16-PM-3.jpeg\" data-orig-size=\"607,1080\" data-comments-opened=\"\" data-image-meta=\"{&quot;aperture&quot;:&quot;0&quot;,&quot;credit&quot;:&quot;&quot;,&quot;camera&quot;:&quot;&quot;,&quot;caption&quot;:&quot;&quot;,&quot;created_timestamp&quot;:&quot;0&quot;,&quot;copyright&quot;:&quot;&quot;,&quot;focal_length&quot;:&quot;0&quot;,&quot;iso&quot;:&quot;0&quot;,&quot;shutter_speed&quot;:&quot;0&quot;,&quot;title&quot;:&quot;&quot;,&quot;orientation&quot;:&quot;0&quot;}\" data-image-title=\"Equipo de MinComercio Nacional inspeccion\u00f3 cada proceso en la beneficiadora Ebnezer\" data-image-description=\"\" data-medium-file=\"https:\/\/i0.wp.com\/mincomercionacional.gob.ve\/wp-content\/uploads\/2022\/01\/WhatsApp-Image-2022-01-07-at-1.47.16-PM-3.jpeg?fit=169%2C300&#038;ssl=1\" data-large-file=\"https:\/\/i0.wp.com\/mincomercionacional.gob.ve\/wp-content\/uploads\/2022\/01\/WhatsApp-Image-2022-01-07-at-1.47.16-PM-3.jpeg?fit=576%2C1024&#038;ssl=1\" src=\"https:\/\/i0.wp.com\/mincomercionacional.gob.ve\/wp-content\/uploads\/2022\/01\/WhatsApp-Image-2022-01-07-at-1.47.16-PM-3.jpeg?w=97&#038;h=173&#038;ssl=1\" width=\"97\" height=\"173\" loading=\"lazy\" data-original-width=\"97\" data-original-height=\"173\" itemprop=\"http:\/\/schema.org\/image\" title=\"Equipo de MinComercio Nacional inspeccion\u00f3 cada proceso en la beneficiadora Ebnezer\" alt=\"Equipo de MinComercio Nacional inspeccion\u00f3 cada proceso en la beneficiadora Ebnezer\" style=\"width: 97px; height: 173px;\" \/> <\/a> <div class=\"tiled-gallery-caption\" itemprop=\"caption description\"> Equipo de MinComercio Nacional inspeccion\u00f3 cada proceso en la beneficiadora Ebnezer <\/div> <\/div> <\/div> <!-- close group --> <div class=\"gallery-group images-1\" style=\"width: 399px; height: 177px;\" data-original-width=\"399\" data-original-height=\"177\" > <div class=\"tiled-gallery-item tiled-gallery-item-large\" itemprop=\"associatedMedia\" itemscope itemtype=\"http:\/\/schema.org\/ImageObject\"> <a href=\"https:\/\/mincomercionacional.gob.ve\/?attachment_id=9390\" border=\"0\" itemprop=\"url\"> <meta itemprop=\"width\" content=\"395\"> <meta itemprop=\"height\" content=\"173\"> <img decoding=\"async\" class=\"\" data-attachment-id=\"9390\" data-orig-file=\"https:\/\/mincomercionacional.gob.ve\/wp-content\/uploads\/2022\/01\/WhatsApp-Image-2022-01-07-at-1.47.16-PM-1.jpeg\" data-orig-size=\"984,432\" data-comments-opened=\"\" data-image-meta=\"{&quot;aperture&quot;:&quot;0&quot;,&quot;credit&quot;:&quot;&quot;,&quot;camera&quot;:&quot;&quot;,&quot;caption&quot;:&quot;&quot;,&quot;created_timestamp&quot;:&quot;0&quot;,&quot;copyright&quot;:&quot;&quot;,&quot;focal_length&quot;:&quot;0&quot;,&quot;iso&quot;:&quot;0&quot;,&quot;shutter_speed&quot;:&quot;0&quot;,&quot;title&quot;:&quot;&quot;,&quot;orientation&quot;:&quot;0&quot;}\" data-image-title=\"Equipo de MinComercio Nacional inspeccion\u00f3 cada proceso en la beneficiadora Ebnezer\" data-image-description=\"\" data-medium-file=\"https:\/\/i0.wp.com\/mincomercionacional.gob.ve\/wp-content\/uploads\/2022\/01\/WhatsApp-Image-2022-01-07-at-1.47.16-PM-1.jpeg?fit=300%2C132&#038;ssl=1\" data-large-file=\"https:\/\/i0.wp.com\/mincomercionacional.gob.ve\/wp-content\/uploads\/2022\/01\/WhatsApp-Image-2022-01-07-at-1.47.16-PM-1.jpeg?fit=984%2C432&#038;ssl=1\" src=\"https:\/\/i0.wp.com\/mincomercionacional.gob.ve\/wp-content\/uploads\/2022\/01\/WhatsApp-Image-2022-01-07-at-1.47.16-PM-1.jpeg?w=395&#038;h=173&#038;ssl=1\" width=\"395\" height=\"173\" loading=\"lazy\" data-original-width=\"395\" data-original-height=\"173\" itemprop=\"http:\/\/schema.org\/image\" title=\"Equipo de MinComercio Nacional inspeccion\u00f3 cada proceso en la beneficiadora Ebnezer\" alt=\"Equipo de MinComercio Nacional inspeccion\u00f3 cada proceso en la beneficiadora Ebnezer\" style=\"width: 395px; height: 173px;\" \/> <\/a> <div class=\"tiled-gallery-caption\" itemprop=\"caption description\"> Equipo de MinComercio Nacional inspeccion\u00f3 cada proceso en la beneficiadora Ebnezer <\/div> <\/div> <\/div> <!-- close group --> <\/div> <!-- close row --> <div class=\"gallery-row\" style=\"width: 500px; height: 283px;\" data-original-width=\"500\" data-original-height=\"283\" > <div class=\"gallery-group images-1\" style=\"width: 500px; height: 283px;\" data-original-width=\"500\" data-original-height=\"283\" > <div class=\"tiled-gallery-item tiled-gallery-item-large\" itemprop=\"associatedMedia\" itemscope itemtype=\"http:\/\/schema.org\/ImageObject\"> <a href=\"https:\/\/mincomercionacional.gob.ve\/?attachment_id=9391\" border=\"0\" itemprop=\"url\"> <meta itemprop=\"width\" content=\"496\"> <meta itemprop=\"height\" content=\"279\"> <img decoding=\"async\" class=\"\" data-attachment-id=\"9391\" data-orig-file=\"https:\/\/mincomercionacional.gob.ve\/wp-content\/uploads\/2022\/01\/WhatsApp-Image-2022-01-07-at-1.47.18-PM-1.jpeg\" data-orig-size=\"1080,607\" data-comments-opened=\"\" data-image-meta=\"{&quot;aperture&quot;:&quot;0&quot;,&quot;credit&quot;:&quot;&quot;,&quot;camera&quot;:&quot;&quot;,&quot;caption&quot;:&quot;&quot;,&quot;created_timestamp&quot;:&quot;0&quot;,&quot;copyright&quot;:&quot;&quot;,&quot;focal_length&quot;:&quot;0&quot;,&quot;iso&quot;:&quot;0&quot;,&quot;shutter_speed&quot;:&quot;0&quot;,&quot;title&quot;:&quot;&quot;,&quot;orientation&quot;:&quot;0&quot;}\" data-image-title=\"Equipo de MinComercio Nacional inspeccion\u00f3 cada proceso en la beneficiadora Ebnezer\" data-image-description=\"\" data-medium-file=\"https:\/\/i0.wp.com\/mincomercionacional.gob.ve\/wp-content\/uploads\/2022\/01\/WhatsApp-Image-2022-01-07-at-1.47.18-PM-1.jpeg?fit=300%2C169&#038;ssl=1\" data-large-file=\"https:\/\/i0.wp.com\/mincomercionacional.gob.ve\/wp-content\/uploads\/2022\/01\/WhatsApp-Image-2022-01-07-at-1.47.18-PM-1.jpeg?fit=1024%2C576&#038;ssl=1\" src=\"https:\/\/i0.wp.com\/mincomercionacional.gob.ve\/wp-content\/uploads\/2022\/01\/WhatsApp-Image-2022-01-07-at-1.47.18-PM-1.jpeg?w=496&#038;h=279&#038;ssl=1\" width=\"496\" height=\"279\" loading=\"lazy\" data-original-width=\"496\" data-original-height=\"279\" itemprop=\"http:\/\/schema.org\/image\" title=\"Equipo de MinComercio Nacional inspeccion\u00f3 cada proceso en la beneficiadora Ebnezer\" alt=\"Equipo de MinComercio Nacional inspeccion\u00f3 cada proceso en la beneficiadora Ebnezer\" style=\"width: 496px; height: 279px;\" \/> <\/a> <div class=\"tiled-gallery-caption\" itemprop=\"caption description\"> Equipo de MinComercio Nacional inspeccion\u00f3 cada proceso en la beneficiadora Ebnezer <\/div> <\/div> <\/div> <!-- close group --> <\/div> <!-- close row --> <\/div>\n<p style=\"text-align: justify;\">\n","protected":false},"excerpt":{"rendered":"<p>La empresa beneficiadora de pollo Ebenezer, est\u00e1 en pleno proceso de producci\u00f3n. As\u00ed lo constat\u00f3 el Ministerio del Poder Popular de Comercio Nacional, tras una visita a la planta ubicada en el estado Yaracuy. El viceministro de Seguimiento y Control del Comercio y la Distribuci\u00f3n, Luis Villegas, por instrucciones de la ministra Dheliz \u00c1lvarez, realiz\u00f3 &hellip;<\/p>\n","protected":false},"author":12,"featured_media":9382,"comment_status":"closed","ping_status":"open","sticky":false,"template":"","format":"standard","meta":{"footnotes":""},"categories":[79],"tags":[951,950,736,948,34,949,947,39],"class_list":["post-9381","post","type-post","status-publish","format-standard","has-post-thumbnail","hentry","category-noticias","tag-beneficiadora-de-pollo","tag-beneficios","tag-dheliz-alvarez","tag-huevos","tag-ministerio-de-comercio-nacional","tag-mortadela-de-pollo","tag-pollos","tag-venezuela"],"jetpack_featured_media_url":"https:\/\/i0.wp.com\/mincomercionacional.gob.ve\/wp-content\/uploads\/2022\/01\/WhatsApp-Image-2022-01-07-at-1.47.22-PM.jpeg?fit=984%2C432&ssl=1","jetpack_shortlink":"https:\/\/wp.me\/pbvjg9-2rj","_links":{"self":[{"href":"https:\/\/mincomercionacional.gob.ve\/index.php?rest_route=\/wp\/v2\/posts\/9381","targetHints":{"allow":["GET"]}}],"collection":[{"href":"https:\/\/mincomercionacional.gob.ve\/index.php?rest_route=\/wp\/v2\/posts"}],"about":[{"href":"https:\/\/mincomercionacional.gob.ve\/index.php?rest_route=\/wp\/v2\/types\/post"}],"author":[{"embeddable":true,"href":"https:\/\/mincomercionacional.gob.ve\/index.php?rest_route=\/wp\/v2\/users\/12"}],"replies":[{"embeddable":true,"href":"https:\/\/mincomercionacional.gob.ve\/index.php?rest_route=%2Fwp%2Fv2%2Fcomments&post=9381"}],"version-history":[{"count":3,"href":"https:\/\/mincomercionacional.gob.ve\/index.php?rest_route=\/wp\/v2\/posts\/9381\/revisions"}],"predecessor-version":[{"id":9395,"href":"https:\/\/mincomercionacional.gob.ve\/index.php?rest_route=\/wp\/v2\/posts\/9381\/revisions\/9395"}],"wp:featuredmedia":[{"embeddable":true,"href":"https:\/\/mincomercionacional.gob.ve\/index.php?rest_route=\/wp\/v2\/media\/9382"}],"wp:attachment":[{"href":"https:\/\/mincomercionacional.gob.ve\/index.php?rest_route=%2Fwp%2Fv2%2Fmedia&parent=9381"}],"wp:term":[{"taxonomy":"category","embeddable":true,"href":"https:\/\/mincomercionacional.gob.ve\/index.php?rest_route=%2Fwp%2Fv2%2Fcategories&post=9381"},{"taxonomy":"post_tag","embeddable":true,"href":"https:\/\/mincomercionacional.gob.ve\/index.php?rest_route=%2Fwp%2Fv2%2Ftags&post=9381"}],"curies":[{"name":"wp","href":"https:\/\/api.w.org\/{rel}","templated":true}]}}