{"id":9368,"date":"2022-01-06T18:25:49","date_gmt":"2022-01-06T22:25:49","guid":{"rendered":"http:\/\/mincomercionacional.gob.ve\/?p=9368"},"modified":"2022-02-17T17:17:39","modified_gmt":"2022-02-17T21:17:39","slug":"comercio-nacional-atiende-a-40-familias-vulnerables-en-petare","status":"publish","type":"post","link":"https:\/\/mincomercionacional.gob.ve\/?p=9368","title":{"rendered":"Comercio Nacional atiende a 40 familias vulnerables en Petare"},"content":{"rendered":"<p style=\"text-align: justify;\">40 familias de la comunidad Callej\u00f3n Ajuro, ubicado en la parroquia Petare del municipio Sucre del estado Miranda, fueron atendidas este jueves 6 de enero de 2022, en la Base de Misiones Batall\u00f3n Rojo.<\/p>\n<p style=\"text-align: justify;\">La Ministra del Poder Popular de Comercio Nacional, Dheliz \u00c1lvarez, acompa\u00f1\u00f3 la jornada integral de atenci\u00f3n social, que favoreci\u00f3 a las personas en condiciones de vulnerabilidad.<\/p>\n<p style=\"text-align: justify;\"><em>\u201cEn el D\u00eda de Reyes, por instrucciones del presidente de la Rep\u00fablica Bolivariana de Venezuela, Nicol\u00e1s Maduro, trajimos m\u00e1s de 400 pares de zapatos del Plan Z, Bolsos Escolares y juguetes para las ni\u00f1as y los ni\u00f1os de la comunidad que est\u00e1 muy agradecida y tiene muchas esperanzas en el Gobierno Bolivariano\u201d,<\/em> explic\u00f3 la ministra \u00c1lvarez.<\/p>\n<div class=\"tiled-gallery type-rectangular tiled-gallery-unresized\" data-original-width=\"500\" data-carousel-extra='{&quot;blog_id&quot;:1,&quot;permalink&quot;:&quot;https:\\\/\\\/mincomercionacional.gob.ve\\\/?p=9368&quot;,&quot;likes_blog_id&quot;:170001901}' itemscope itemtype=\"http:\/\/schema.org\/ImageGallery\" > <div class=\"gallery-row\" style=\"width: 500px; height: 251px;\" data-original-width=\"500\" data-original-height=\"251\" > <div class=\"gallery-group images-1\" style=\"width: 334px; height: 251px;\" data-original-width=\"334\" data-original-height=\"251\" > <div class=\"tiled-gallery-item tiled-gallery-item-large\" itemprop=\"associatedMedia\" itemscope itemtype=\"http:\/\/schema.org\/ImageObject\"> <a href=\"https:\/\/mincomercionacional.gob.ve\/?attachment_id=9370\" border=\"0\" itemprop=\"url\"> <meta itemprop=\"width\" content=\"330\"> <meta itemprop=\"height\" content=\"247\"> <img decoding=\"async\" class=\"\" data-attachment-id=\"9370\" data-orig-file=\"https:\/\/mincomercionacional.gob.ve\/wp-content\/uploads\/2022\/01\/WhatsApp-Image-2022-01-06-at-6.08.08-PM.jpeg\" data-orig-size=\"1280,960\" data-comments-opened=\"\" data-image-meta=\"{&quot;aperture&quot;:&quot;0&quot;,&quot;credit&quot;:&quot;&quot;,&quot;camera&quot;:&quot;&quot;,&quot;caption&quot;:&quot;&quot;,&quot;created_timestamp&quot;:&quot;0&quot;,&quot;copyright&quot;:&quot;&quot;,&quot;focal_length&quot;:&quot;0&quot;,&quot;iso&quot;:&quot;0&quot;,&quot;shutter_speed&quot;:&quot;0&quot;,&quot;title&quot;:&quot;&quot;,&quot;orientation&quot;:&quot;0&quot;}\" data-image-title=\"La ministra Dheliz \u00c1lvarez comparte con el pueblo\" data-image-description=\"\" data-medium-file=\"https:\/\/i0.wp.com\/mincomercionacional.gob.ve\/wp-content\/uploads\/2022\/01\/WhatsApp-Image-2022-01-06-at-6.08.08-PM.jpeg?fit=300%2C225&#038;ssl=1\" data-large-file=\"https:\/\/i0.wp.com\/mincomercionacional.gob.ve\/wp-content\/uploads\/2022\/01\/WhatsApp-Image-2022-01-06-at-6.08.08-PM.jpeg?fit=1024%2C768&#038;ssl=1\" src=\"https:\/\/i0.wp.com\/mincomercionacional.gob.ve\/wp-content\/uploads\/2022\/01\/WhatsApp-Image-2022-01-06-at-6.08.08-PM.jpeg?w=330&#038;h=247&#038;ssl=1\" width=\"330\" height=\"247\" loading=\"lazy\" data-original-width=\"330\" data-original-height=\"247\" itemprop=\"http:\/\/schema.org\/image\" title=\"La ministra Dheliz \u00c1lvarez comparte con el pueblo\" alt=\"La ministra Dheliz \u00c1lvarez comparte con el pueblo\" style=\"width: 330px; height: 247px;\" \/> <\/a> <div class=\"tiled-gallery-caption\" itemprop=\"caption description\"> La ministra Dheliz \u00c1lvarez comparte con el pueblo <\/div> <\/div> <\/div> <!-- close group --> <div class=\"gallery-group images-2\" style=\"width: 166px; height: 251px;\" data-original-width=\"166\" data-original-height=\"251\" > <div class=\"tiled-gallery-item tiled-gallery-item-small\" itemprop=\"associatedMedia\" itemscope itemtype=\"http:\/\/schema.org\/ImageObject\"> <a href=\"https:\/\/mincomercionacional.gob.ve\/?attachment_id=9371\" border=\"0\" itemprop=\"url\"> <meta itemprop=\"width\" content=\"162\"> <meta itemprop=\"height\" content=\"122\"> <img decoding=\"async\" class=\"\" data-attachment-id=\"9371\" data-orig-file=\"https:\/\/mincomercionacional.gob.ve\/wp-content\/uploads\/2022\/01\/WhatsApp-Image-2022-01-06-at-6.07.24-PM.jpeg\" data-orig-size=\"1280,960\" data-comments-opened=\"\" data-image-meta=\"{&quot;aperture&quot;:&quot;0&quot;,&quot;credit&quot;:&quot;&quot;,&quot;camera&quot;:&quot;&quot;,&quot;caption&quot;:&quot;&quot;,&quot;created_timestamp&quot;:&quot;0&quot;,&quot;copyright&quot;:&quot;&quot;,&quot;focal_length&quot;:&quot;0&quot;,&quot;iso&quot;:&quot;0&quot;,&quot;shutter_speed&quot;:&quot;0&quot;,&quot;title&quot;:&quot;&quot;,&quot;orientation&quot;:&quot;0&quot;}\" data-image-title=\"Los Reyes Magos llegaron de la mano de MinComercio\" data-image-description=\"\" data-medium-file=\"https:\/\/i0.wp.com\/mincomercionacional.gob.ve\/wp-content\/uploads\/2022\/01\/WhatsApp-Image-2022-01-06-at-6.07.24-PM.jpeg?fit=300%2C225&#038;ssl=1\" data-large-file=\"https:\/\/i0.wp.com\/mincomercionacional.gob.ve\/wp-content\/uploads\/2022\/01\/WhatsApp-Image-2022-01-06-at-6.07.24-PM.jpeg?fit=1024%2C768&#038;ssl=1\" src=\"https:\/\/i0.wp.com\/mincomercionacional.gob.ve\/wp-content\/uploads\/2022\/01\/WhatsApp-Image-2022-01-06-at-6.07.24-PM.jpeg?w=162&#038;h=122&#038;ssl=1\" width=\"162\" height=\"122\" loading=\"lazy\" data-original-width=\"162\" data-original-height=\"122\" itemprop=\"http:\/\/schema.org\/image\" title=\"Los Reyes Magos llegaron de la mano de MinComercio\" alt=\"Los Reyes Magos llegaron de la mano de MinComercio\" style=\"width: 162px; height: 122px;\" \/> <\/a> <div class=\"tiled-gallery-caption\" itemprop=\"caption description\"> Los Reyes Magos llegaron de la mano de MinComercio <\/div> <\/div> <div class=\"tiled-gallery-item tiled-gallery-item-small\" itemprop=\"associatedMedia\" itemscope itemtype=\"http:\/\/schema.org\/ImageObject\"> <a href=\"https:\/\/mincomercionacional.gob.ve\/?attachment_id=9372\" border=\"0\" itemprop=\"url\"> <meta itemprop=\"width\" content=\"162\"> <meta itemprop=\"height\" content=\"121\"> <img decoding=\"async\" class=\"\" data-attachment-id=\"9372\" data-orig-file=\"https:\/\/mincomercionacional.gob.ve\/wp-content\/uploads\/2022\/01\/WhatsApp-Image-2022-01-06-at-6.05.39-PM.jpeg\" data-orig-size=\"1280,960\" data-comments-opened=\"\" data-image-meta=\"{&quot;aperture&quot;:&quot;0&quot;,&quot;credit&quot;:&quot;&quot;,&quot;camera&quot;:&quot;&quot;,&quot;caption&quot;:&quot;&quot;,&quot;created_timestamp&quot;:&quot;0&quot;,&quot;copyright&quot;:&quot;&quot;,&quot;focal_length&quot;:&quot;0&quot;,&quot;iso&quot;:&quot;0&quot;,&quot;shutter_speed&quot;:&quot;0&quot;,&quot;title&quot;:&quot;&quot;,&quot;orientation&quot;:&quot;0&quot;}\" data-image-title=\"El Plan Z atendi\u00f3 a 40 familias en estado de extrema vulnerabilidad\" data-image-description=\"\" data-medium-file=\"https:\/\/i0.wp.com\/mincomercionacional.gob.ve\/wp-content\/uploads\/2022\/01\/WhatsApp-Image-2022-01-06-at-6.05.39-PM.jpeg?fit=300%2C225&#038;ssl=1\" data-large-file=\"https:\/\/i0.wp.com\/mincomercionacional.gob.ve\/wp-content\/uploads\/2022\/01\/WhatsApp-Image-2022-01-06-at-6.05.39-PM.jpeg?fit=1024%2C768&#038;ssl=1\" src=\"https:\/\/i0.wp.com\/mincomercionacional.gob.ve\/wp-content\/uploads\/2022\/01\/WhatsApp-Image-2022-01-06-at-6.05.39-PM.jpeg?w=162&#038;h=121&#038;ssl=1\" width=\"162\" height=\"121\" loading=\"lazy\" data-original-width=\"162\" data-original-height=\"121\" itemprop=\"http:\/\/schema.org\/image\" title=\"El Plan Z atendi\u00f3 a 40 familias en estado de extrema vulnerabilidad\" alt=\"El Plan Z atendi\u00f3 a 40 familias en estado de extrema vulnerabilidad\" style=\"width: 162px; height: 121px;\" \/> <\/a> <div class=\"tiled-gallery-caption\" itemprop=\"caption description\"> El Plan Z atendi\u00f3 a 40 familias en estado de extrema vulnerabilidad <\/div> <\/div> <\/div> <!-- close group --> <\/div> <!-- close row --> <div class=\"gallery-row\" style=\"width: 500px; height: 220px;\" data-original-width=\"500\" data-original-height=\"220\" > <div class=\"gallery-group images-1\" style=\"width: 291px; height: 220px;\" data-original-width=\"291\" data-original-height=\"220\" > <div class=\"tiled-gallery-item tiled-gallery-item-large\" itemprop=\"associatedMedia\" itemscope itemtype=\"http:\/\/schema.org\/ImageObject\"> <a href=\"https:\/\/mincomercionacional.gob.ve\/?attachment_id=9373\" border=\"0\" itemprop=\"url\"> <meta itemprop=\"width\" content=\"287\"> <meta itemprop=\"height\" content=\"216\"> <img decoding=\"async\" class=\"\" data-attachment-id=\"9373\" data-orig-file=\"https:\/\/mincomercionacional.gob.ve\/wp-content\/uploads\/2022\/01\/WhatsApp-Image-2022-01-06-at-5.58.57-PM-3.jpeg\" data-orig-size=\"1000,750\" data-comments-opened=\"\" data-image-meta=\"{&quot;aperture&quot;:&quot;0&quot;,&quot;credit&quot;:&quot;&quot;,&quot;camera&quot;:&quot;&quot;,&quot;caption&quot;:&quot;&quot;,&quot;created_timestamp&quot;:&quot;0&quot;,&quot;copyright&quot;:&quot;&quot;,&quot;focal_length&quot;:&quot;0&quot;,&quot;iso&quot;:&quot;0&quot;,&quot;shutter_speed&quot;:&quot;0&quot;,&quot;title&quot;:&quot;&quot;,&quot;orientation&quot;:&quot;0&quot;}\" data-image-title=\"Los Reyes Magos llegaron de la mano de MinComercio\" data-image-description=\"\" data-medium-file=\"https:\/\/i0.wp.com\/mincomercionacional.gob.ve\/wp-content\/uploads\/2022\/01\/WhatsApp-Image-2022-01-06-at-5.58.57-PM-3.jpeg?fit=300%2C225&#038;ssl=1\" data-large-file=\"https:\/\/i0.wp.com\/mincomercionacional.gob.ve\/wp-content\/uploads\/2022\/01\/WhatsApp-Image-2022-01-06-at-5.58.57-PM-3.jpeg?fit=1000%2C750&#038;ssl=1\" src=\"https:\/\/i0.wp.com\/mincomercionacional.gob.ve\/wp-content\/uploads\/2022\/01\/WhatsApp-Image-2022-01-06-at-5.58.57-PM-3.jpeg?w=287&#038;h=216&#038;ssl=1\" width=\"287\" height=\"216\" loading=\"lazy\" data-original-width=\"287\" data-original-height=\"216\" itemprop=\"http:\/\/schema.org\/image\" title=\"Los Reyes Magos llegaron de la mano de MinComercio\" alt=\"Los Reyes Magos llegaron de la mano de MinComercio\" style=\"width: 287px; height: 216px;\" \/> <\/a> <div class=\"tiled-gallery-caption\" itemprop=\"caption description\"> Los Reyes Magos llegaron de la mano de MinComercio <\/div> <\/div> <\/div> <!-- close group --> <div class=\"gallery-group images-1\" style=\"width: 209px; height: 220px;\" data-original-width=\"209\" data-original-height=\"220\" > <div class=\"tiled-gallery-item tiled-gallery-item-small\" itemprop=\"associatedMedia\" itemscope itemtype=\"http:\/\/schema.org\/ImageObject\"> <a href=\"https:\/\/mincomercionacional.gob.ve\/?attachment_id=9374\" border=\"0\" itemprop=\"url\"> <meta itemprop=\"width\" content=\"205\"> <meta itemprop=\"height\" content=\"216\"> <img decoding=\"async\" class=\"\" data-attachment-id=\"9374\" data-orig-file=\"https:\/\/mincomercionacional.gob.ve\/wp-content\/uploads\/2022\/01\/WhatsApp-Image-2022-01-06-at-5.58.57-PM-1.jpeg\" data-orig-size=\"972,1024\" data-comments-opened=\"\" data-image-meta=\"{&quot;aperture&quot;:&quot;0&quot;,&quot;credit&quot;:&quot;&quot;,&quot;camera&quot;:&quot;&quot;,&quot;caption&quot;:&quot;&quot;,&quot;created_timestamp&quot;:&quot;0&quot;,&quot;copyright&quot;:&quot;&quot;,&quot;focal_length&quot;:&quot;0&quot;,&quot;iso&quot;:&quot;0&quot;,&quot;shutter_speed&quot;:&quot;0&quot;,&quot;title&quot;:&quot;&quot;,&quot;orientation&quot;:&quot;0&quot;}\" data-image-title=\"Las ni\u00f1as y ni\u00f1os siguen recibiendo juguetes\" data-image-description=\"\" data-medium-file=\"https:\/\/i0.wp.com\/mincomercionacional.gob.ve\/wp-content\/uploads\/2022\/01\/WhatsApp-Image-2022-01-06-at-5.58.57-PM-1.jpeg?fit=285%2C300&#038;ssl=1\" data-large-file=\"https:\/\/i0.wp.com\/mincomercionacional.gob.ve\/wp-content\/uploads\/2022\/01\/WhatsApp-Image-2022-01-06-at-5.58.57-PM-1.jpeg?fit=972%2C1024&#038;ssl=1\" src=\"https:\/\/i0.wp.com\/mincomercionacional.gob.ve\/wp-content\/uploads\/2022\/01\/WhatsApp-Image-2022-01-06-at-5.58.57-PM-1.jpeg?w=205&#038;h=216&#038;ssl=1\" width=\"205\" height=\"216\" loading=\"lazy\" data-original-width=\"205\" data-original-height=\"216\" itemprop=\"http:\/\/schema.org\/image\" title=\"Las ni\u00f1as y ni\u00f1os siguen recibiendo juguetes\" alt=\"Las ni\u00f1as y ni\u00f1os siguen recibiendo juguetes\" style=\"width: 205px; height: 216px;\" \/> <\/a> <div class=\"tiled-gallery-caption\" itemprop=\"caption description\"> Las ni\u00f1as y ni\u00f1os siguen recibiendo juguetes <\/div> <\/div> <\/div> <!-- close group --> <\/div> <!-- close row --> <\/div>\n<p style=\"text-align: justify;\">Por su parte, Marileiva Jugo, vocera del Consejo Comunal Buena Vista, manifest\u00f3 <em>\u201cle damos gracias al presidente Nicol\u00e1s Maduro y a la ministra Dheliz \u00c1lvarez por traer las pol\u00edticas sociales para nuestra comunidad, \u201cfuimos atendidos directamente por nuestros ministerios, seguiremos avanzando por nuestra patria\u201d.<\/em><\/p>\n<p style=\"text-align: justify;\">Maryuri Moreno, coordinadora de la Base de Misiones Batall\u00f3n Rojo, agradeci\u00f3 la atenci\u00f3n del Ministerio de Comercio Nacional, \u201c<em>vamos a seguir avanzando para sacar a la gente del estado de vulnerabilidad que ha generado la guerra y el bloqueo econ\u00f3mico contra Venezuela\u201d.<\/em><\/p>\n<p style=\"text-align: justify;\">La Ministra de Comercio Nacional, Dheliz \u00c1lvarez, instruy\u00f3 a su equipo, continuar articulando con la comunidad, para brindar atenci\u00f3n permanente al pueblo.<\/p>\n","protected":false},"excerpt":{"rendered":"<p>40 familias de la comunidad Callej\u00f3n Ajuro, ubicado en la parroquia Petare del municipio Sucre del estado Miranda, fueron atendidas este jueves 6 de enero de 2022, en la Base de Misiones Batall\u00f3n Rojo. La Ministra del Poder Popular de Comercio Nacional, Dheliz \u00c1lvarez, acompa\u00f1\u00f3 la jornada integral de atenci\u00f3n social, que favoreci\u00f3 a las &hellip;<\/p>\n","protected":false},"author":12,"featured_media":9369,"comment_status":"closed","ping_status":"open","sticky":false,"template":"","format":"standard","meta":{"footnotes":""},"categories":[987],"tags":[946,736,945,942,34,943,941,94,944],"class_list":["post-9368","post","type-post","status-publish","format-standard","has-post-thumbnail","hentry","category-regionales","tag-consejo-comunal","tag-dheliz-alvarez","tag-dia-de-reyes","tag-jugetes","tag-ministerio-de-comercio-nacional","tag-ninos-y-ninas","tag-petare","tag-plan-z","tag-reyes-magos"],"jetpack_featured_media_url":"https:\/\/i0.wp.com\/mincomercionacional.gob.ve\/wp-content\/uploads\/2022\/01\/20220106-Abordaje-MinistraPetare.png?fit=1176%2C480&ssl=1","jetpack_shortlink":"https:\/\/wp.me\/pbvjg9-2r6","_links":{"self":[{"href":"https:\/\/mincomercionacional.gob.ve\/index.php?rest_route=\/wp\/v2\/posts\/9368","targetHints":{"allow":["GET"]}}],"collection":[{"href":"https:\/\/mincomercionacional.gob.ve\/index.php?rest_route=\/wp\/v2\/posts"}],"about":[{"href":"https:\/\/mincomercionacional.gob.ve\/index.php?rest_route=\/wp\/v2\/types\/post"}],"author":[{"embeddable":true,"href":"https:\/\/mincomercionacional.gob.ve\/index.php?rest_route=\/wp\/v2\/users\/12"}],"replies":[{"embeddable":true,"href":"https:\/\/mincomercionacional.gob.ve\/index.php?rest_route=%2Fwp%2Fv2%2Fcomments&post=9368"}],"version-history":[{"count":3,"href":"https:\/\/mincomercionacional.gob.ve\/index.php?rest_route=\/wp\/v2\/posts\/9368\/revisions"}],"predecessor-version":[{"id":9378,"href":"https:\/\/mincomercionacional.gob.ve\/index.php?rest_route=\/wp\/v2\/posts\/9368\/revisions\/9378"}],"wp:featuredmedia":[{"embeddable":true,"href":"https:\/\/mincomercionacional.gob.ve\/index.php?rest_route=\/wp\/v2\/media\/9369"}],"wp:attachment":[{"href":"https:\/\/mincomercionacional.gob.ve\/index.php?rest_route=%2Fwp%2Fv2%2Fmedia&parent=9368"}],"wp:term":[{"taxonomy":"category","embeddable":true,"href":"https:\/\/mincomercionacional.gob.ve\/index.php?rest_route=%2Fwp%2Fv2%2Fcategories&post=9368"},{"taxonomy":"post_tag","embeddable":true,"href":"https:\/\/mincomercionacional.gob.ve\/index.php?rest_route=%2Fwp%2Fv2%2Ftags&post=9368"}],"curies":[{"name":"wp","href":"https:\/\/api.w.org\/{rel}","templated":true}]}}