{"id":9363,"date":"2022-01-06T13:47:37","date_gmt":"2022-01-06T17:47:37","guid":{"rendered":"http:\/\/mincomercionacional.gob.ve\/?p=9363"},"modified":"2022-01-20T22:40:37","modified_gmt":"2022-01-21T02:40:37","slug":"ministerio-de-comercio-nacional-masificara-registro-de-propiedad-intelectual","status":"publish","type":"post","link":"https:\/\/mincomercionacional.gob.ve\/?p=9363","title":{"rendered":"Ministerio de Comercio Nacional masificar\u00e1 Registro de Propiedad Intelectual"},"content":{"rendered":"<p style=\"text-align: justify;\">El Ministerio del Poder Popular de Comercio Nacional, a trav\u00e9s del Servicio Aut\u00f3nomo de la Propiedad Intelectual (Sapi), resguardar\u00e1 en 2022 la Propiedad Intelectual de toda la poblaci\u00f3n.<\/p>\n<p style=\"text-align: justify;\">El director general del Sapi, Ricardo Javier S\u00e1nchez, inform\u00f3 en el programa Al Aire, transmitido por Venezolana de Televisi\u00f3n, que se proteger\u00e1n las creaciones que constituyen un patrimonio econ\u00f3mico y cultural.<\/p>\n<p style=\"text-align: justify;\">La meta es que todos los venezolanos, las peque\u00f1as y medianas empresas, puedan registrar marcas, patentes, derecho de autor e indicaciones geogr\u00e1ficas protegidas de manera f\u00e1cil.<\/p>\n<blockquote class=\"quote-light\">\n<p style=\"text-align: justify;\">El Sapi acat\u00f3 la instrucci\u00f3n del presidente Nicol\u00e1s Maduro y no le cobrar\u00e1 al usuario cuando registren una marca. Adem\u00e1s, el Sapi apoyar\u00e1 al Motor Emprendedor<\/p>\n<p style=\"text-align: justify;\">Ricardo Javier S\u00e1nchez.<\/p>\n<\/blockquote>\n<p style=\"text-align: justify;\">La propuesta de masificaci\u00f3n, incluye iniciativas como el \u201cEl Sapi va la Calle\u201d dirigida al sector comercio, \u201cEl Sapi va a la Escuela\u201d, orientado a explicar en los planteles las bondades del Registro de Propiedad Intelectual, tal como lo instruy\u00f3 la ministra Dheliz \u00c1lvarez.<\/p>\n<p style=\"text-align: justify;\">El director general del Sapi, destac\u00f3 la importancia del Derecho de Autor, dentro del Sistema Internacional de Propiedad Intelectual; \u00aben un mundo cada vez mas interconectado, por ejemplo los artistas nacionales, necesitan el Registro de Derecho de Autor, para presentarse en escenarios internacionales\u00bb.<\/p>\n<p style=\"text-align: justify;\">Se refiri\u00f3 al otorgamiento del registro de marcas y explic\u00f3, que abarca un proceso de verificaci\u00f3n que se realiza para evitar afectar a terceros.<\/p>\n<p><img data-recalc-dims=\"1\" loading=\"lazy\" decoding=\"async\" data-attachment-id=\"9364\" data-permalink=\"https:\/\/mincomercionacional.gob.ve\/?attachment_id=9364\" data-orig-file=\"https:\/\/i0.wp.com\/mincomercionacional.gob.ve\/wp-content\/uploads\/2022\/01\/b85a3811-bbae-4eb6-9598-b75ba837628a.jpg?fit=1280%2C854&amp;ssl=1\" data-orig-size=\"1280,854\" data-comments-opened=\"0\" data-image-meta=\"{&quot;aperture&quot;:&quot;0&quot;,&quot;credit&quot;:&quot;&quot;,&quot;camera&quot;:&quot;&quot;,&quot;caption&quot;:&quot;&quot;,&quot;created_timestamp&quot;:&quot;0&quot;,&quot;copyright&quot;:&quot;&quot;,&quot;focal_length&quot;:&quot;0&quot;,&quot;iso&quot;:&quot;0&quot;,&quot;shutter_speed&quot;:&quot;0&quot;,&quot;title&quot;:&quot;&quot;,&quot;orientation&quot;:&quot;0&quot;}\" data-image-title=\"b85a3811-bbae-4eb6-9598-b75ba837628a\" data-image-description=\"\" data-image-caption=\"\" data-medium-file=\"https:\/\/i0.wp.com\/mincomercionacional.gob.ve\/wp-content\/uploads\/2022\/01\/b85a3811-bbae-4eb6-9598-b75ba837628a.jpg?fit=300%2C200&amp;ssl=1\" data-large-file=\"https:\/\/i0.wp.com\/mincomercionacional.gob.ve\/wp-content\/uploads\/2022\/01\/b85a3811-bbae-4eb6-9598-b75ba837628a.jpg?fit=1024%2C683&amp;ssl=1\" class=\"alignnone size-full wp-image-9364\" src=\"https:\/\/i0.wp.com\/mincomercionacional.gob.ve\/wp-content\/uploads\/2022\/01\/b85a3811-bbae-4eb6-9598-b75ba837628a.jpg?resize=1280%2C854\" alt=\"\" width=\"1280\" height=\"854\" \/><\/p>\n<p style=\"text-align: justify;\">Sobre la controversia registrada en el pa\u00eds, sobre la presunta comisi\u00f3n de violaci\u00f3n de derechos de marcas, S\u00e1nchez reiter\u00f3 que \u201cla Propiedad Intelectual est\u00e1 protegida en Venezuela, tanto por la Constituci\u00f3n como por el Ministerio de Comercio Nacional, que a trav\u00e9s del Sapi, garantiza el cumplimiento de la ley\u201d.<\/p>\n<p style=\"text-align: justify;\">Destac\u00f3 que el Sapi, no tiene competencias de fiscalizaci\u00f3n, ni sancionatorias. El Sapi concede la marca y quien sienta vulnerados sus derechos, puede acudir al Ministerio P\u00fablico y solicitar su actuaci\u00f3n.<\/p>\n<p style=\"text-align: justify;\">\u00abTenemos una relaci\u00f3n directa con la Fiscal\u00eda, \u00f3rgano que solicita el expediente, como elemento probatorio de la titularidad de la marca, seg\u00fan el caso\u00bb, concluy\u00f3 el vocero.<\/p>\n","protected":false},"excerpt":{"rendered":"<p>El Ministerio del Poder Popular de Comercio Nacional, a trav\u00e9s del Servicio Aut\u00f3nomo de la Propiedad Intelectual (Sapi), resguardar\u00e1 en 2022 la Propiedad Intelectual de toda la poblaci\u00f3n. El director general del Sapi, Ricardo Javier S\u00e1nchez, inform\u00f3 en el programa Al Aire, transmitido por Venezolana de Televisi\u00f3n, que se proteger\u00e1n las creaciones que constituyen un &hellip;<\/p>\n","protected":false},"author":12,"featured_media":9282,"comment_status":"closed","ping_status":"open","sticky":false,"template":"","format":"standard","meta":{"footnotes":""},"categories":[79],"tags":[173,736,940,503,937,34,939,49,75,938,39],"class_list":["post-9363","post","type-post","status-publish","format-standard","has-post-thumbnail","hentry","category-noticias","tag-derecho-de-autor","tag-dheliz-alvarez","tag-emprendedoras","tag-emprendedores","tag-gratis","tag-ministerio-de-comercio-nacional","tag-motor-emprendedor","tag-nicolas-maduro","tag-sapi","tag-sin-cobrar","tag-venezuela"],"jetpack_featured_media_url":"https:\/\/i0.wp.com\/mincomercionacional.gob.ve\/wp-content\/uploads\/2021\/12\/photo1638547468-3.jpeg?fit=1280%2C853&ssl=1","jetpack_shortlink":"https:\/\/wp.me\/pbvjg9-2r1","_links":{"self":[{"href":"https:\/\/mincomercionacional.gob.ve\/index.php?rest_route=\/wp\/v2\/posts\/9363","targetHints":{"allow":["GET"]}}],"collection":[{"href":"https:\/\/mincomercionacional.gob.ve\/index.php?rest_route=\/wp\/v2\/posts"}],"about":[{"href":"https:\/\/mincomercionacional.gob.ve\/index.php?rest_route=\/wp\/v2\/types\/post"}],"author":[{"embeddable":true,"href":"https:\/\/mincomercionacional.gob.ve\/index.php?rest_route=\/wp\/v2\/users\/12"}],"replies":[{"embeddable":true,"href":"https:\/\/mincomercionacional.gob.ve\/index.php?rest_route=%2Fwp%2Fv2%2Fcomments&post=9363"}],"version-history":[{"count":1,"href":"https:\/\/mincomercionacional.gob.ve\/index.php?rest_route=\/wp\/v2\/posts\/9363\/revisions"}],"predecessor-version":[{"id":9366,"href":"https:\/\/mincomercionacional.gob.ve\/index.php?rest_route=\/wp\/v2\/posts\/9363\/revisions\/9366"}],"wp:featuredmedia":[{"embeddable":true,"href":"https:\/\/mincomercionacional.gob.ve\/index.php?rest_route=\/wp\/v2\/media\/9282"}],"wp:attachment":[{"href":"https:\/\/mincomercionacional.gob.ve\/index.php?rest_route=%2Fwp%2Fv2%2Fmedia&parent=9363"}],"wp:term":[{"taxonomy":"category","embeddable":true,"href":"https:\/\/mincomercionacional.gob.ve\/index.php?rest_route=%2Fwp%2Fv2%2Fcategories&post=9363"},{"taxonomy":"post_tag","embeddable":true,"href":"https:\/\/mincomercionacional.gob.ve\/index.php?rest_route=%2Fwp%2Fv2%2Ftags&post=9363"}],"curies":[{"name":"wp","href":"https:\/\/api.w.org\/{rel}","templated":true}]}}