{"id":9360,"date":"2022-01-06T12:55:45","date_gmt":"2022-01-06T16:55:45","guid":{"rendered":"http:\/\/mincomercionacional.gob.ve\/?p=9360"},"modified":"2022-01-06T12:57:55","modified_gmt":"2022-01-06T16:57:55","slug":"almacenadora-caracas-continua-impulsando-la-economia-del-pais","status":"publish","type":"post","link":"https:\/\/mincomercionacional.gob.ve\/?p=9360","title":{"rendered":"Almacenadora Caracas continua impulsando la econom\u00eda del pa\u00eds"},"content":{"rendered":"<p style=\"text-align: justify;\">En su cuenta en la red social Twitter la ministra de Comercio Nacional, Dheliz \u00c1lvarez, inform\u00f3 que la Almacenadora Caracas y sus filiales en Puerto Cabello y Carabobo iniciaron operaciones el pasado 2 de enero.<\/p>\n<p style=\"text-align: justify;\">En el inicio de actividades se recibi\u00f3 un buque con veh\u00edculos de carga, materia prima e insumos para fortalecer el aparato productivo nacional.<\/p>\n<p style=\"text-align: justify;\">El ente adscrito especializado en el \u00e1rea de importaci\u00f3n, exportaci\u00f3n y operaciones aduaneras, realiz\u00f3 el desembarco de 10 camiones tipo chuto con capacidad de carga de m\u00e1s de 30 toneladas, adem\u00e1s de 4 cisternas de acero inoxidable para el transporte de aluminio l\u00edquido.<\/p>\n<p style=\"text-align: justify;\">De esta manera el Ministerio de Comercio Nacional y sus entes adscritos contin\u00faan impulsando la econom\u00eda del pa\u00eds en este a\u00f1o 2022.<\/p>\n<blockquote class=\"twitter-tweet\" data-width=\"500\" data-dnt=\"true\">\n<p lang=\"es\" dir=\"ltr\"><a href=\"https:\/\/twitter.com\/hashtag\/Carabobo?src=hash&amp;ref_src=twsrc%5Etfw\">#Carabobo<\/a> Iniciamos el 2022 con operaciones log\u00edsticas desde la <a href=\"https:\/\/twitter.com\/almacaracas?ref_src=twsrc%5Etfw\">@almacaracas<\/a>, Puerto Cabello, realizando el desembarco de 10 camiones, 4 cisternas de acero inoxidable para transporte de aluminio l\u00edquido y materia prima. <\/p>\n<p>\u00a1Trabajamos por la Patria!<a href=\"https:\/\/twitter.com\/hashtag\/EncuestaDetecci%C3%B3nDeCovid?src=hash&amp;ref_src=twsrc%5Etfw\">#EncuestaDetecci\u00f3nDeCovid<\/a> <a href=\"https:\/\/t.co\/OliGyqJgDM\">pic.twitter.com\/OliGyqJgDM<\/a><\/p>\n<p>&mdash; Dheliz \u00c1lvarez (@DhelizAlvarez) <a href=\"https:\/\/twitter.com\/DhelizAlvarez\/status\/1479127670457786373?ref_src=twsrc%5Etfw\">January 6, 2022<\/a><\/p><\/blockquote>\n<p><script async src=\"https:\/\/platform.twitter.com\/widgets.js\" charset=\"utf-8\"><\/script><\/p>\n<p>&nbsp;<\/p>\n","protected":false},"excerpt":{"rendered":"<p>En su cuenta en la red social Twitter la ministra de Comercio Nacional, Dheliz \u00c1lvarez, inform\u00f3 que la Almacenadora Caracas y sus filiales en Puerto Cabello y Carabobo iniciaron operaciones el pasado 2 de enero. En el inicio de actividades se recibi\u00f3 un buque con veh\u00edculos de carga, materia prima e insumos para fortalecer el &hellip;<\/p>\n","protected":false},"author":12,"featured_media":9361,"comment_status":"closed","ping_status":"open","sticky":false,"template":"","format":"standard","meta":{"footnotes":""},"categories":[79],"tags":[936,55,736,766,34,935,832],"class_list":["post-9360","post","type-post","status-publish","format-standard","has-post-thumbnail","hentry","category-noticias","tag-936","tag-almacenadora-caracas","tag-dheliz-alvarez","tag-la-guaira","tag-ministerio-de-comercio-nacional","tag-puerto","tag-puerto-cabello"],"jetpack_featured_media_url":"https:\/\/i0.wp.com\/mincomercionacional.gob.ve\/wp-content\/uploads\/2022\/01\/photo1640200576-1.jpeg?fit=1080%2C810&ssl=1","jetpack_shortlink":"https:\/\/wp.me\/pbvjg9-2qY","_links":{"self":[{"href":"https:\/\/mincomercionacional.gob.ve\/index.php?rest_route=\/wp\/v2\/posts\/9360","targetHints":{"allow":["GET"]}}],"collection":[{"href":"https:\/\/mincomercionacional.gob.ve\/index.php?rest_route=\/wp\/v2\/posts"}],"about":[{"href":"https:\/\/mincomercionacional.gob.ve\/index.php?rest_route=\/wp\/v2\/types\/post"}],"author":[{"embeddable":true,"href":"https:\/\/mincomercionacional.gob.ve\/index.php?rest_route=\/wp\/v2\/users\/12"}],"replies":[{"embeddable":true,"href":"https:\/\/mincomercionacional.gob.ve\/index.php?rest_route=%2Fwp%2Fv2%2Fcomments&post=9360"}],"version-history":[{"count":1,"href":"https:\/\/mincomercionacional.gob.ve\/index.php?rest_route=\/wp\/v2\/posts\/9360\/revisions"}],"predecessor-version":[{"id":9362,"href":"https:\/\/mincomercionacional.gob.ve\/index.php?rest_route=\/wp\/v2\/posts\/9360\/revisions\/9362"}],"wp:featuredmedia":[{"embeddable":true,"href":"https:\/\/mincomercionacional.gob.ve\/index.php?rest_route=\/wp\/v2\/media\/9361"}],"wp:attachment":[{"href":"https:\/\/mincomercionacional.gob.ve\/index.php?rest_route=%2Fwp%2Fv2%2Fmedia&parent=9360"}],"wp:term":[{"taxonomy":"category","embeddable":true,"href":"https:\/\/mincomercionacional.gob.ve\/index.php?rest_route=%2Fwp%2Fv2%2Fcategories&post=9360"},{"taxonomy":"post_tag","embeddable":true,"href":"https:\/\/mincomercionacional.gob.ve\/index.php?rest_route=%2Fwp%2Fv2%2Ftags&post=9360"}],"curies":[{"name":"wp","href":"https:\/\/api.w.org\/{rel}","templated":true}]}}