{"id":9272,"date":"2021-12-22T09:19:26","date_gmt":"2021-12-22T13:19:26","guid":{"rendered":"http:\/\/mincomercionacional.gob.ve\/?p=9272"},"modified":"2021-12-22T16:58:45","modified_gmt":"2021-12-22T20:58:45","slug":"comercio-nacional-otorgo-derecho-de-autor-a-obras-en-honor-a-earle-herrera","status":"publish","type":"post","link":"https:\/\/mincomercionacional.gob.ve\/?p=9272","title":{"rendered":"Comercio Nacional otorga Derecho de Autor a obras del Diputado Carlos Sierra"},"content":{"rendered":"<p style=\"text-align: justify;\">El Ministerio de Comercio Nacional, a trav\u00e9s del Servicio Aut\u00f3nomo de la Propiedad Intelectual (SAPI), otorg\u00f3 el Derecho de Autor a las obras literarias: \u00abLogros de la Patria\u00bb y \u00abComunicaci\u00f3n para Defender la Verdad de Venezuela\u00bb, de la editorial Hermanos Vadell, del periodista, Carlos Sierra.<\/p>\n<p><img data-recalc-dims=\"1\" loading=\"lazy\" decoding=\"async\" data-attachment-id=\"9274\" data-permalink=\"https:\/\/mincomercionacional.gob.ve\/?attachment_id=9274\" data-orig-file=\"https:\/\/i0.wp.com\/mincomercionacional.gob.ve\/wp-content\/uploads\/2021\/12\/IMG_20211222_091547_311.jpg?fit=1280%2C853&amp;ssl=1\" data-orig-size=\"1280,853\" data-comments-opened=\"0\" data-image-meta=\"{&quot;aperture&quot;:&quot;0&quot;,&quot;credit&quot;:&quot;&quot;,&quot;camera&quot;:&quot;&quot;,&quot;caption&quot;:&quot;&quot;,&quot;created_timestamp&quot;:&quot;0&quot;,&quot;copyright&quot;:&quot;&quot;,&quot;focal_length&quot;:&quot;0&quot;,&quot;iso&quot;:&quot;0&quot;,&quot;shutter_speed&quot;:&quot;0&quot;,&quot;title&quot;:&quot;&quot;,&quot;orientation&quot;:&quot;0&quot;}\" data-image-title=\"IMG_20211222_091547_311\" data-image-description=\"\" data-image-caption=\"\" data-medium-file=\"https:\/\/i0.wp.com\/mincomercionacional.gob.ve\/wp-content\/uploads\/2021\/12\/IMG_20211222_091547_311.jpg?fit=300%2C200&amp;ssl=1\" data-large-file=\"https:\/\/i0.wp.com\/mincomercionacional.gob.ve\/wp-content\/uploads\/2021\/12\/IMG_20211222_091547_311.jpg?fit=1024%2C682&amp;ssl=1\" class=\"alignnone size-full wp-image-9274\" src=\"https:\/\/i0.wp.com\/mincomercionacional.gob.ve\/wp-content\/uploads\/2021\/12\/IMG_20211222_091547_311.jpg?resize=1280%2C853\" alt=\"\" width=\"1280\" height=\"853\" \/><\/p>\n<p style=\"text-align: justify;\">El diputado Sierra asegur\u00f3, que la presentaci\u00f3n de ambos libros, se realiz\u00f3 en honor al profesor Earle Herrera, al tiempo que inform\u00f3, que a partir del mes de enero junto al SAPI, la editorial Hermanos Vadell y el Ministerio de Cultura, desarrollar\u00e1n foros, charlas, talleres y conversatorios, para promover las leyes de Propiedad Industrial y de Derecho de Autor, en las que trabaja el Parlamento Nacional.<\/p>\n<p style=\"text-align: justify;\">Por su parte, Ricardo Javier S\u00e1nchez, por instrucciones precisas de la Ministra de Comercio Nacional, Dheliz \u00c1lvarez, reiter\u00f3 que en el 2022, el Sapi acercar\u00e1 todos los servicios a la poblaci\u00f3n.<\/p>\n","protected":false},"excerpt":{"rendered":"<p>El Ministerio de Comercio Nacional, a trav\u00e9s del Servicio Aut\u00f3nomo de la Propiedad Intelectual (SAPI), otorg\u00f3 el Derecho de Autor a las obras literarias: \u00abLogros de la Patria\u00bb y \u00abComunicaci\u00f3n para Defender la Verdad de Venezuela\u00bb, de la editorial Hermanos Vadell, del periodista, Carlos Sierra. El diputado Sierra asegur\u00f3, que la presentaci\u00f3n de ambos libros, &hellip;<\/p>\n","protected":false},"author":12,"featured_media":9273,"comment_status":"closed","ping_status":"open","sticky":false,"template":"","format":"standard","meta":{"footnotes":""},"categories":[79],"tags":[716,922,173,736,921,717,34,263,75],"class_list":["post-9272","post","type-post","status-publish","format-standard","has-post-thumbnail","hentry","category-noticias","tag-carlos-sierra","tag-comunicacion-para-la-defensa-de-la-verdad-en-venezuela","tag-derecho-de-autor","tag-dheliz-alvarez","tag-earle-herrera","tag-logros-de-la-patria","tag-ministerio-de-comercio-nacional","tag-ricardo-javier-sanchez","tag-sapi"],"jetpack_featured_media_url":"https:\/\/i0.wp.com\/mincomercionacional.gob.ve\/wp-content\/uploads\/2021\/12\/IMG_20211222_091550_687.jpg?fit=1280%2C823&ssl=1","jetpack_shortlink":"https:\/\/wp.me\/pbvjg9-2py","_links":{"self":[{"href":"https:\/\/mincomercionacional.gob.ve\/index.php?rest_route=\/wp\/v2\/posts\/9272","targetHints":{"allow":["GET"]}}],"collection":[{"href":"https:\/\/mincomercionacional.gob.ve\/index.php?rest_route=\/wp\/v2\/posts"}],"about":[{"href":"https:\/\/mincomercionacional.gob.ve\/index.php?rest_route=\/wp\/v2\/types\/post"}],"author":[{"embeddable":true,"href":"https:\/\/mincomercionacional.gob.ve\/index.php?rest_route=\/wp\/v2\/users\/12"}],"replies":[{"embeddable":true,"href":"https:\/\/mincomercionacional.gob.ve\/index.php?rest_route=%2Fwp%2Fv2%2Fcomments&post=9272"}],"version-history":[{"count":4,"href":"https:\/\/mincomercionacional.gob.ve\/index.php?rest_route=\/wp\/v2\/posts\/9272\/revisions"}],"predecessor-version":[{"id":9280,"href":"https:\/\/mincomercionacional.gob.ve\/index.php?rest_route=\/wp\/v2\/posts\/9272\/revisions\/9280"}],"wp:featuredmedia":[{"embeddable":true,"href":"https:\/\/mincomercionacional.gob.ve\/index.php?rest_route=\/wp\/v2\/media\/9273"}],"wp:attachment":[{"href":"https:\/\/mincomercionacional.gob.ve\/index.php?rest_route=%2Fwp%2Fv2%2Fmedia&parent=9272"}],"wp:term":[{"taxonomy":"category","embeddable":true,"href":"https:\/\/mincomercionacional.gob.ve\/index.php?rest_route=%2Fwp%2Fv2%2Fcategories&post=9272"},{"taxonomy":"post_tag","embeddable":true,"href":"https:\/\/mincomercionacional.gob.ve\/index.php?rest_route=%2Fwp%2Fv2%2Ftags&post=9272"}],"curies":[{"name":"wp","href":"https:\/\/api.w.org\/{rel}","templated":true}]}}