{"id":9240,"date":"2021-12-18T15:56:02","date_gmt":"2021-12-18T19:56:02","guid":{"rendered":"http:\/\/mincomercionacional.gob.ve\/?p=9240"},"modified":"2022-11-28T16:40:00","modified_gmt":"2022-11-28T20:40:00","slug":"comercio-nacional-acompano-feria-de-emprendimiento-en-vivienda-2021","status":"publish","type":"post","link":"https:\/\/mincomercionacional.gob.ve\/?p=9240","title":{"rendered":"Comercio Nacional acompa\u00f1\u00f3 Feria de Emprendimiento en Vivienda 2021"},"content":{"rendered":"<p style=\"text-align: justify;\">El Ministerio del Poder Popular de Comercio Nacional, y todos sus entes adscritos, participaron en la Feria de Emprendimiento en Vivienda 2021 (FEMVI), que se desarroll\u00f3 en el Parque Sim\u00f3n Bol\u00edvar, ubicado en La Carlota, Caracas.<\/p>\n<p style=\"text-align: justify;\">En el evento, en el cual las emprendedoras y los emprendedores mostraron sus creaciones dedicadas al equipamiento de hogares y productos acabados de vivienda, la Superintendencia Nacional para la Defensa de los Derechos Socioecon\u00f3micos de Venezuela (SUNDDE), el Servicio Aut\u00f3nomo de la Propiedad Intelectual (SAPI), Servicio Desconcentrado de Normalizaci\u00f3n, Calidad, Metrolog\u00eda y Reglamentos T\u00e9cnicos (Sencamer) y la Almacenadora Caracas, ofrecieron acompa\u00f1amiento al sector emprendedor en la formalizaci\u00f3n y articulaci\u00f3n con los dem\u00e1s ministerios del Gobierno Bolivariano.<\/p>\n<figure id=\"attachment_9241\" aria-describedby=\"caption-attachment-9241\" style=\"width: 1029px\" class=\"wp-caption alignnone\"><img data-recalc-dims=\"1\" loading=\"lazy\" decoding=\"async\" data-attachment-id=\"9241\" data-permalink=\"https:\/\/mincomercionacional.gob.ve\/?attachment_id=9241\" data-orig-file=\"https:\/\/i0.wp.com\/mincomercionacional.gob.ve\/wp-content\/uploads\/2021\/12\/WhatsApp-Image-2021-12-18-at-3.52.07-PM.jpeg?fit=1029%2C684&amp;ssl=1\" data-orig-size=\"1029,684\" data-comments-opened=\"0\" data-image-meta=\"{&quot;aperture&quot;:&quot;0&quot;,&quot;credit&quot;:&quot;&quot;,&quot;camera&quot;:&quot;&quot;,&quot;caption&quot;:&quot;&quot;,&quot;created_timestamp&quot;:&quot;0&quot;,&quot;copyright&quot;:&quot;&quot;,&quot;focal_length&quot;:&quot;0&quot;,&quot;iso&quot;:&quot;0&quot;,&quot;shutter_speed&quot;:&quot;0&quot;,&quot;title&quot;:&quot;&quot;,&quot;orientation&quot;:&quot;0&quot;}\" data-image-title=\"WhatsApp Image 2021-12-18 at 3.52.07 PM\" data-image-description=\"\" data-image-caption=\"\" data-medium-file=\"https:\/\/i0.wp.com\/mincomercionacional.gob.ve\/wp-content\/uploads\/2021\/12\/WhatsApp-Image-2021-12-18-at-3.52.07-PM.jpeg?fit=300%2C199&amp;ssl=1\" data-large-file=\"https:\/\/i0.wp.com\/mincomercionacional.gob.ve\/wp-content\/uploads\/2021\/12\/WhatsApp-Image-2021-12-18-at-3.52.07-PM.jpeg?fit=1024%2C681&amp;ssl=1\" class=\"wp-image-9241 size-full\" src=\"https:\/\/i0.wp.com\/mincomercionacional.gob.ve\/wp-content\/uploads\/2021\/12\/WhatsApp-Image-2021-12-18-at-3.52.07-PM.jpeg?resize=1029%2C684\" alt=\"Emprendedores siendo atendidos por el personal de MinComercio Nacional\" width=\"1029\" height=\"684\" \/><figcaption id=\"caption-attachment-9241\" class=\"wp-caption-text\">Emprendedores siendo atendidos por el personal del Ministerio de Comercio Nacional<\/figcaption><\/figure>\n<p style=\"text-align: justify;\">Jos\u00e9 Coello, director de Pol\u00edticas P\u00fablicas, por instrucciones de la Ministra de Comercio Nacional, Dheliz \u00c1lvarez, inform\u00f3 que apoyaron al Ministerio de Vivienda y H\u00e1bitat en los estados Yaracuy, Monagas, M\u00e9rida, Barinas, Bol\u00edvar y el Distrito Capital, \u201cla idea de la Ministra es fomentar el crecimiento de los emprendedores que apuestan por Venezuela y colaboran con el desarrollo de la econom\u00eda nacional pese al bloqueo y la pandemia\u201d.<\/p>\n<p style=\"text-align: justify;\">Lizabet Cisneros, representante legal de la Empresa Multiservicios Hamliz 2030, fabricante de puertas de vidrios, de ba\u00f1o, de seguridad, ventanas panor\u00e1micas y sus accesorios, recientemente constituida gracias al apoyo del Ministerio de Comercio, manifest\u00f3 su agradecimiento al Gobierno Bolivariano por la oportunidad que le otorga a las emprendedoras y los emprendedores de darse a conocer y crecer para lograr una mejor Venezuela.<\/p>\n","protected":false},"excerpt":{"rendered":"<p>El Ministerio del Poder Popular de Comercio Nacional, y todos sus entes adscritos, participaron en la Feria de Emprendimiento en Vivienda 2021 (FEMVI), que se desarroll\u00f3 en el Parque Sim\u00f3n Bol\u00edvar, ubicado en La Carlota, Caracas. En el evento, en el cual las emprendedoras y los emprendedores mostraron sus creaciones dedicadas al equipamiento de hogares &hellip;<\/p>\n","protected":false},"author":12,"featured_media":9242,"comment_status":"closed","ping_status":"open","sticky":false,"template":"","format":"standard","meta":{"footnotes":""},"categories":[1256,79,1],"tags":[223,736,917,740,915,916,919,34,920,918],"class_list":["post-9240","post","type-post","status-publish","format-standard","has-post-thumbnail","hentry","category-comercio-nacional","category-noticias","category-prensa","tag-caracas","tag-dheliz-alvarez","tag-feria-de-emprendimiento-en-vivienda","tag-feria-del-libro","tag-fevim","tag-fevim-2021","tag-la-carlota","tag-ministerio-de-comercio-nacional","tag-parque-miranda","tag-parque-simon-bolivar"],"jetpack_featured_media_url":"https:\/\/i0.wp.com\/mincomercionacional.gob.ve\/wp-content\/uploads\/2021\/12\/WhatsApp-Image-2021-12-18-at-9.34.23-AM.jpeg?fit=1029%2C684&ssl=1","jetpack_shortlink":"https:\/\/wp.me\/pbvjg9-2p2","_links":{"self":[{"href":"https:\/\/mincomercionacional.gob.ve\/index.php?rest_route=\/wp\/v2\/posts\/9240","targetHints":{"allow":["GET"]}}],"collection":[{"href":"https:\/\/mincomercionacional.gob.ve\/index.php?rest_route=\/wp\/v2\/posts"}],"about":[{"href":"https:\/\/mincomercionacional.gob.ve\/index.php?rest_route=\/wp\/v2\/types\/post"}],"author":[{"embeddable":true,"href":"https:\/\/mincomercionacional.gob.ve\/index.php?rest_route=\/wp\/v2\/users\/12"}],"replies":[{"embeddable":true,"href":"https:\/\/mincomercionacional.gob.ve\/index.php?rest_route=%2Fwp%2Fv2%2Fcomments&post=9240"}],"version-history":[{"count":1,"href":"https:\/\/mincomercionacional.gob.ve\/index.php?rest_route=\/wp\/v2\/posts\/9240\/revisions"}],"predecessor-version":[{"id":9243,"href":"https:\/\/mincomercionacional.gob.ve\/index.php?rest_route=\/wp\/v2\/posts\/9240\/revisions\/9243"}],"wp:featuredmedia":[{"embeddable":true,"href":"https:\/\/mincomercionacional.gob.ve\/index.php?rest_route=\/wp\/v2\/media\/9242"}],"wp:attachment":[{"href":"https:\/\/mincomercionacional.gob.ve\/index.php?rest_route=%2Fwp%2Fv2%2Fmedia&parent=9240"}],"wp:term":[{"taxonomy":"category","embeddable":true,"href":"https:\/\/mincomercionacional.gob.ve\/index.php?rest_route=%2Fwp%2Fv2%2Fcategories&post=9240"},{"taxonomy":"post_tag","embeddable":true,"href":"https:\/\/mincomercionacional.gob.ve\/index.php?rest_route=%2Fwp%2Fv2%2Ftags&post=9240"}],"curies":[{"name":"wp","href":"https:\/\/api.w.org\/{rel}","templated":true}]}}