{"id":9016,"date":"2021-12-06T19:12:22","date_gmt":"2021-12-06T23:12:22","guid":{"rendered":"http:\/\/mincomercionacional.gob.ve\/?p=9016"},"modified":"2021-12-06T19:12:22","modified_gmt":"2021-12-06T23:12:22","slug":"emprendedores-apuestan-por-registrar-marcas-ante-el-sapi","status":"publish","type":"post","link":"https:\/\/mincomercionacional.gob.ve\/?p=9016","title":{"rendered":"Emprendedores apuestan por registrar marcas ante el Sapi"},"content":{"rendered":"<p style=\"text-align: justify;\">El Estado venezolano, ofrece todas las facilidades para garantizar que las emprendedoras y los emprendedores, accedan a la formaci\u00f3n, los tr\u00e1mites simplificados y el financiamiento. As\u00ed lo manifest\u00f3 el director general del Servicio Aut\u00f3nomo de la Propiedad Intelectual (Sapi), Ricardo Javier S\u00e1nchez, durante una entrevista concedida al periodista Eduardo Rodr\u00edguez, en el programa radial A Tiempo, que transmite Uni\u00f3n Radio.<\/p>\n<p style=\"text-align: justify;\">A\u00f1adi\u00f3 que por instrucciones de la ministra Dheliz \u00c1lvarez, el Sapi fortaleci\u00f3 la atenci\u00f3n a las usuarias y los usuarios, especialmente a las emprendedoras, los emprendedores y a las Peque\u00f1as y Medianas Empresas.<br \/>\n\u201c<em>La \u00fanica forma de ser due\u00f1o de un lema comercial, de una marca, de una patente o de un derecho de autor, es acudiendo al Sapi y realizando el registro pertinente que adem\u00e1s goza del aval internacional<\/em>\u201d, explic\u00f3 Ricardo Javier S\u00e1nchez.<\/p>\n<p><img data-recalc-dims=\"1\" loading=\"lazy\" decoding=\"async\" data-attachment-id=\"9017\" data-permalink=\"https:\/\/mincomercionacional.gob.ve\/?attachment_id=9017\" data-orig-file=\"https:\/\/i0.wp.com\/mincomercionacional.gob.ve\/wp-content\/uploads\/2021\/12\/photo1638802003.jpeg?fit=1280%2C853&amp;ssl=1\" data-orig-size=\"1280,853\" data-comments-opened=\"0\" data-image-meta=\"{&quot;aperture&quot;:&quot;0&quot;,&quot;credit&quot;:&quot;&quot;,&quot;camera&quot;:&quot;&quot;,&quot;caption&quot;:&quot;&quot;,&quot;created_timestamp&quot;:&quot;0&quot;,&quot;copyright&quot;:&quot;&quot;,&quot;focal_length&quot;:&quot;0&quot;,&quot;iso&quot;:&quot;0&quot;,&quot;shutter_speed&quot;:&quot;0&quot;,&quot;title&quot;:&quot;&quot;,&quot;orientation&quot;:&quot;0&quot;}\" data-image-title=\"photo1638802003\" data-image-description=\"\" data-image-caption=\"\" data-medium-file=\"https:\/\/i0.wp.com\/mincomercionacional.gob.ve\/wp-content\/uploads\/2021\/12\/photo1638802003.jpeg?fit=300%2C200&amp;ssl=1\" data-large-file=\"https:\/\/i0.wp.com\/mincomercionacional.gob.ve\/wp-content\/uploads\/2021\/12\/photo1638802003.jpeg?fit=1024%2C682&amp;ssl=1\" class=\"alignnone size-full wp-image-9017\" src=\"https:\/\/i0.wp.com\/mincomercionacional.gob.ve\/wp-content\/uploads\/2021\/12\/photo1638802003.jpeg?resize=1280%2C853\" alt=\"\" width=\"1280\" height=\"853\" \/><\/p>\n<p style=\"text-align: justify;\">En cuanto a la cantidad de marcas concedidas, en 2021 el n\u00famero asciende a 7.975. Inform\u00f3 Ricardo Javier S\u00e1nchez, que gracias a un convenio con la Organizaci\u00f3n Mundial de la Propiedad Intelectual, Venezuela instalar\u00e1 un sistema de b\u00fasquedas inteligentes, que permitir\u00e1 verificar la coincidencia de los logos registrados en una misma clase.<\/p>\n<p style=\"text-align: justify;\">Concluy\u00f3 afirmando, que cuando una persona registra una patente, le da fortaleza econ\u00f3mica al pa\u00eds, porque es un conocimiento que se queda en Venezuela.<\/p>\n","protected":false},"excerpt":{"rendered":"<p>El Estado venezolano, ofrece todas las facilidades para garantizar que las emprendedoras y los emprendedores, accedan a la formaci\u00f3n, los tr\u00e1mites simplificados y el financiamiento. As\u00ed lo manifest\u00f3 el director general del Servicio Aut\u00f3nomo de la Propiedad Intelectual (Sapi), Ricardo Javier S\u00e1nchez, durante una entrevista concedida al periodista Eduardo Rodr\u00edguez, en el programa radial A &hellip;<\/p>\n","protected":false},"author":12,"featured_media":9018,"comment_status":"closed","ping_status":"open","sticky":false,"template":"","format":"standard","meta":{"footnotes":""},"categories":[79],"tags":[],"class_list":["post-9016","post","type-post","status-publish","format-standard","has-post-thumbnail","hentry","category-noticias"],"jetpack_featured_media_url":"https:\/\/i0.wp.com\/mincomercionacional.gob.ve\/wp-content\/uploads\/2021\/12\/photo1638802078.jpeg?fit=1920%2C1280&ssl=1","jetpack_shortlink":"https:\/\/wp.me\/pbvjg9-2lq","_links":{"self":[{"href":"https:\/\/mincomercionacional.gob.ve\/index.php?rest_route=\/wp\/v2\/posts\/9016","targetHints":{"allow":["GET"]}}],"collection":[{"href":"https:\/\/mincomercionacional.gob.ve\/index.php?rest_route=\/wp\/v2\/posts"}],"about":[{"href":"https:\/\/mincomercionacional.gob.ve\/index.php?rest_route=\/wp\/v2\/types\/post"}],"author":[{"embeddable":true,"href":"https:\/\/mincomercionacional.gob.ve\/index.php?rest_route=\/wp\/v2\/users\/12"}],"replies":[{"embeddable":true,"href":"https:\/\/mincomercionacional.gob.ve\/index.php?rest_route=%2Fwp%2Fv2%2Fcomments&post=9016"}],"version-history":[{"count":1,"href":"https:\/\/mincomercionacional.gob.ve\/index.php?rest_route=\/wp\/v2\/posts\/9016\/revisions"}],"predecessor-version":[{"id":9019,"href":"https:\/\/mincomercionacional.gob.ve\/index.php?rest_route=\/wp\/v2\/posts\/9016\/revisions\/9019"}],"wp:featuredmedia":[{"embeddable":true,"href":"https:\/\/mincomercionacional.gob.ve\/index.php?rest_route=\/wp\/v2\/media\/9018"}],"wp:attachment":[{"href":"https:\/\/mincomercionacional.gob.ve\/index.php?rest_route=%2Fwp%2Fv2%2Fmedia&parent=9016"}],"wp:term":[{"taxonomy":"category","embeddable":true,"href":"https:\/\/mincomercionacional.gob.ve\/index.php?rest_route=%2Fwp%2Fv2%2Fcategories&post=9016"},{"taxonomy":"post_tag","embeddable":true,"href":"https:\/\/mincomercionacional.gob.ve\/index.php?rest_route=%2Fwp%2Fv2%2Ftags&post=9016"}],"curies":[{"name":"wp","href":"https:\/\/api.w.org\/{rel}","templated":true}]}}