{"id":9004,"date":"2021-12-06T09:57:58","date_gmt":"2021-12-06T13:57:58","guid":{"rendered":"http:\/\/mincomercionacional.gob.ve\/?p=9004"},"modified":"2022-11-28T16:41:49","modified_gmt":"2022-11-28T20:41:49","slug":"sundde-intensificara-jornada-de-fiscalizacion-nacional","status":"publish","type":"post","link":"https:\/\/mincomercionacional.gob.ve\/?p=9004","title":{"rendered":"Sundde intensificar\u00e1 jornada de fiscalizaci\u00f3n nacional"},"content":{"rendered":"<p style=\"text-align: justify;\">El Ministerio del Poder Popular de Comercio Nacional, por instrucciones de la Superintendenta Nacional para la Defensa de los Derechos Socioecon\u00f3micos, Dheliz \u00c1lvarez, inici\u00f3 este lunes 6 de diciembre de 2021, un despliegue en toda la Rep\u00fablica Bolivariana de Venezuela.<\/p>\n<p style=\"text-align: justify;\">\u00ab<em>La fuerza trabajadora de la Sundde contin\u00faa, con m\u00e1s intensidad, los despliegues en locales comerciales para el cumplimiento de la Ley de Precios Justos y evitar distorsiones econ\u00f3micas<\/em>\u00ab, escribi\u00f3 la Ministra a trav\u00e9s de su cuenta en la red social Twitter @DhelizAlvarez.<\/p>\n<p style=\"text-align: justify;\">La jornada de fiscalizaci\u00f3n especial, que ejecuta la Sundde, contempla la inspecci\u00f3n en los comercios que expenden alimentos, medicinas, cemento, herramientas, materiales de construcci\u00f3n, suministros el\u00e9ctricos, plomer\u00eda, pintura, entre otros, as\u00ed como centros asistenciales privados.<\/p>\n<p style=\"text-align: justify;\">El objetivo es velar por el cumplimiento de los precios acordados, que se exprese en bol\u00edvares el costo de los bienes y servicios de acuerdo a la nueva expresi\u00f3n monetaria y que se respete la tasa de cambio establecida por el Banco Central de Venezuela, para proteger el salario del pueblo en la \u00e9poca decembrina.<\/p>\n<p style=\"text-align: justify;\">Adem\u00e1s, la Sundde contin\u00faa con la supervisi\u00f3n de la aplicaci\u00f3n del Sem\u00e1foro de Acceso en todos los establecimientos comerciales, a fin de evitar los contagios comunitarios de Covid-19 y promover la vacunaci\u00f3n, para cumplir la meta establecida para el mes de diciembre.<\/p>\n<p style=\"text-align: justify;\">En el despliegue, los fiscales cuentan con el acompa\u00f1amiento de la Ministra de Comercio Nacional, Dheliz \u00c1lvarez, el viceministro de Evaluaci\u00f3n, Seguimiento y Control del Proceso de Formaci\u00f3n de Precios, Douglas Jover, el intendente de Protecci\u00f3n de los Derechos Socioecon\u00f3micos, Juan Iriarte, el intendente de Costos, Ganancias y Precios Justos, Elio C\u00f3rdova y el intendente de Protecci\u00f3n del Salario del Obrero y Obrera, Luis L\u00f3pez.<\/p>\n","protected":false},"excerpt":{"rendered":"<p>El Ministerio del Poder Popular de Comercio Nacional, por instrucciones de la Superintendenta Nacional para la Defensa de los Derechos Socioecon\u00f3micos, Dheliz \u00c1lvarez, inici\u00f3 este lunes 6 de diciembre de 2021, un despliegue en toda la Rep\u00fablica Bolivariana de Venezuela. \u00abLa fuerza trabajadora de la Sundde contin\u00faa, con m\u00e1s intensidad, los despliegues en locales comerciales &hellip;<\/p>\n","protected":false},"author":12,"featured_media":8423,"comment_status":"closed","ping_status":"open","sticky":false,"template":"","format":"standard","meta":{"footnotes":""},"categories":[79,1],"tags":[736,677,303,34,236,59,831,734,39],"class_list":["post-9004","post","type-post","status-publish","format-standard","has-post-thumbnail","hentry","category-noticias","category-prensa","tag-dheliz-alvarez","tag-douglas-jover","tag-fiscalizacion","tag-ministerio-de-comercio-nacional","tag-proteccion","tag-sundde","tag-usuarias","tag-usuario","tag-venezuela"],"jetpack_featured_media_url":"https:\/\/i0.wp.com\/mincomercionacional.gob.ve\/wp-content\/uploads\/2021\/11\/WhatsApp-Image-2021-11-07-at-10.36.12-AM-4.jpeg?fit=683%2C1024&ssl=1","jetpack_shortlink":"https:\/\/wp.me\/pbvjg9-2le","_links":{"self":[{"href":"https:\/\/mincomercionacional.gob.ve\/index.php?rest_route=\/wp\/v2\/posts\/9004","targetHints":{"allow":["GET"]}}],"collection":[{"href":"https:\/\/mincomercionacional.gob.ve\/index.php?rest_route=\/wp\/v2\/posts"}],"about":[{"href":"https:\/\/mincomercionacional.gob.ve\/index.php?rest_route=\/wp\/v2\/types\/post"}],"author":[{"embeddable":true,"href":"https:\/\/mincomercionacional.gob.ve\/index.php?rest_route=\/wp\/v2\/users\/12"}],"replies":[{"embeddable":true,"href":"https:\/\/mincomercionacional.gob.ve\/index.php?rest_route=%2Fwp%2Fv2%2Fcomments&post=9004"}],"version-history":[{"count":2,"href":"https:\/\/mincomercionacional.gob.ve\/index.php?rest_route=\/wp\/v2\/posts\/9004\/revisions"}],"predecessor-version":[{"id":9011,"href":"https:\/\/mincomercionacional.gob.ve\/index.php?rest_route=\/wp\/v2\/posts\/9004\/revisions\/9011"}],"wp:featuredmedia":[{"embeddable":true,"href":"https:\/\/mincomercionacional.gob.ve\/index.php?rest_route=\/wp\/v2\/media\/8423"}],"wp:attachment":[{"href":"https:\/\/mincomercionacional.gob.ve\/index.php?rest_route=%2Fwp%2Fv2%2Fmedia&parent=9004"}],"wp:term":[{"taxonomy":"category","embeddable":true,"href":"https:\/\/mincomercionacional.gob.ve\/index.php?rest_route=%2Fwp%2Fv2%2Fcategories&post=9004"},{"taxonomy":"post_tag","embeddable":true,"href":"https:\/\/mincomercionacional.gob.ve\/index.php?rest_route=%2Fwp%2Fv2%2Ftags&post=9004"}],"curies":[{"name":"wp","href":"https:\/\/api.w.org\/{rel}","templated":true}]}}