{"id":8967,"date":"2021-12-03T19:20:58","date_gmt":"2021-12-03T23:20:58","guid":{"rendered":"http:\/\/mincomercionacional.gob.ve\/?p=8967"},"modified":"2021-12-03T19:20:58","modified_gmt":"2021-12-03T23:20:58","slug":"sundde-mantiene-despliegue-nacional","status":"publish","type":"post","link":"https:\/\/mincomercionacional.gob.ve\/?p=8967","title":{"rendered":"Sundde mantiene despliegue nacional"},"content":{"rendered":"<p style=\"text-align: justify;\">La Superintendencia Nacional para la Defensa de los Derechos Socioecon\u00f3micos, del 29 de noviembre al 3 de diciembre de 2021, se mantuvo desplegada en los estados Anzo\u00e1tegui, Carabobo, Gu\u00e1rico, T\u00e1chira y el Distrito Capital.<\/p>\n<p style=\"text-align: justify;\">El ente adscrito al Ministerio del Poder Popular de Comercio Nacional, vel\u00f3 por el cumplimiento de los precios acordados, la tasa del Banco Central de Venezuela y la aplicaci\u00f3n del Sem\u00e1foro de Acceso para evitar la propagaci\u00f3n del Covid-19.<\/p>\n<p style=\"text-align: justify;\">Por instrucciones de la ministra Dheliz \u00c1lvarez, los fiscales de la Sundde, siguen desplegados en los principales centros comerciales, a fin de atender de manera expedita, las denuncias directas de las usuarias y los usuarios.<\/p>\n<p style=\"text-align: justify;\">Durante la semana, la Sundde visit\u00f3 la planta Cementos T\u00e1chira, ubicada en la carretera Panamericana, sector La Blanca del Municipio Gu\u00e1simos, adscrita a la Corporaci\u00f3n Socialista de Cemento.<\/p>\n<p style=\"text-align: justify;\">En el lugar, verificaron el funcionamiento, el proceso de venta y distribuci\u00f3n del rubro tan importante para el sector construcci\u00f3n, que en diciembre tiene alta demanda comunitaria.<\/p>\n","protected":false},"excerpt":{"rendered":"<p>La Superintendencia Nacional para la Defensa de los Derechos Socioecon\u00f3micos, del 29 de noviembre al 3 de diciembre de 2021, se mantuvo desplegada en los estados Anzo\u00e1tegui, Carabobo, Gu\u00e1rico, T\u00e1chira y el Distrito Capital. El ente adscrito al Ministerio del Poder Popular de Comercio Nacional, vel\u00f3 por el cumplimiento de los precios acordados, la tasa &hellip;<\/p>\n","protected":false},"author":12,"featured_media":8968,"comment_status":"closed","ping_status":"open","sticky":false,"template":"","format":"standard","meta":{"footnotes":""},"categories":[79],"tags":[294,306,223,736,103,674,34,59,823,505],"class_list":["post-8967","post","type-post","status-publish","format-standard","has-post-thumbnail","hentry","category-noticias","tag-anzoategui","tag-carabobo","tag-caracas","tag-dheliz-alvarez","tag-distrito-capital","tag-guarico","tag-ministerio-de-comercio-nacional","tag-sundde","tag-tachira","tag-tasa-oficial-del-bcv"],"jetpack_featured_media_url":"https:\/\/i0.wp.com\/mincomercionacional.gob.ve\/wp-content\/uploads\/2021\/12\/WhatsApp-Image-2021-12-03-at-6.17.48-PM.jpeg?fit=1040%2C780&ssl=1","jetpack_shortlink":"https:\/\/wp.me\/pbvjg9-2kD","_links":{"self":[{"href":"https:\/\/mincomercionacional.gob.ve\/index.php?rest_route=\/wp\/v2\/posts\/8967","targetHints":{"allow":["GET"]}}],"collection":[{"href":"https:\/\/mincomercionacional.gob.ve\/index.php?rest_route=\/wp\/v2\/posts"}],"about":[{"href":"https:\/\/mincomercionacional.gob.ve\/index.php?rest_route=\/wp\/v2\/types\/post"}],"author":[{"embeddable":true,"href":"https:\/\/mincomercionacional.gob.ve\/index.php?rest_route=\/wp\/v2\/users\/12"}],"replies":[{"embeddable":true,"href":"https:\/\/mincomercionacional.gob.ve\/index.php?rest_route=%2Fwp%2Fv2%2Fcomments&post=8967"}],"version-history":[{"count":1,"href":"https:\/\/mincomercionacional.gob.ve\/index.php?rest_route=\/wp\/v2\/posts\/8967\/revisions"}],"predecessor-version":[{"id":8969,"href":"https:\/\/mincomercionacional.gob.ve\/index.php?rest_route=\/wp\/v2\/posts\/8967\/revisions\/8969"}],"wp:featuredmedia":[{"embeddable":true,"href":"https:\/\/mincomercionacional.gob.ve\/index.php?rest_route=\/wp\/v2\/media\/8968"}],"wp:attachment":[{"href":"https:\/\/mincomercionacional.gob.ve\/index.php?rest_route=%2Fwp%2Fv2%2Fmedia&parent=8967"}],"wp:term":[{"taxonomy":"category","embeddable":true,"href":"https:\/\/mincomercionacional.gob.ve\/index.php?rest_route=%2Fwp%2Fv2%2Fcategories&post=8967"},{"taxonomy":"post_tag","embeddable":true,"href":"https:\/\/mincomercionacional.gob.ve\/index.php?rest_route=%2Fwp%2Fv2%2Ftags&post=8967"}],"curies":[{"name":"wp","href":"https:\/\/api.w.org\/{rel}","templated":true}]}}