{"id":8899,"date":"2021-11-30T18:25:04","date_gmt":"2021-11-30T22:25:04","guid":{"rendered":"http:\/\/mincomercionacional.gob.ve\/?p=8899"},"modified":"2021-11-30T18:25:37","modified_gmt":"2021-11-30T22:25:37","slug":"sapi-promueve-politicas-de-innovacion-y-desarrollo-tecnologico","status":"publish","type":"post","link":"https:\/\/mincomercionacional.gob.ve\/?p=8899","title":{"rendered":"Sapi promueve pol\u00edticas de innovaci\u00f3n y desarrollo tecnol\u00f3gico"},"content":{"rendered":"<p style=\"text-align: justify;\">El Servicio Aut\u00f3nomo de la Propiedad Intelectual (SAPI), ente adscrito al Ministerio del Poder Popular de Comercio Nacional, trabaja en el dise\u00f1o y la ejecuci\u00f3n de pol\u00edticas arancelarias, de innovaci\u00f3n y de desarrollo tecnol\u00f3gico.<\/p>\n<p style=\"text-align: justify;\">As\u00ed lo explic\u00f3 el director general del SAPI, Ricardo Javier S\u00e1nchez, durante su participaci\u00f3n en el V Congreso Venezolano de Ciencia, Tecnolog\u00eda e Innovaci\u00f3n, donde destac\u00f3 que el Gobierno Bolivariano, mantiene activo el otorgamiento de patentes y con ello, protege la propiedad intelectual.<\/p>\n<p style=\"text-align: justify;\">Inform\u00f3, que con el visto bueno de la ministra Dheliz \u00c1lvarez, el SAPI tambi\u00e9n promueve el acercamiento con la Organizaci\u00f3n Mundial de la Propiedad Intelectual, para impulsar convenios y acceder a ciertos canales comerciales.<\/p>\n<p style=\"text-align: justify;\">\u201c<em>Estamos en el mejor momento, porque la Asamblea Nacional, est\u00e1 discutiendo las leyes de Propiedad Intelectual y de Derecho de Autor, y el pa\u00eds muestra un crecimiento econ\u00f3mico<\/em>\u201d, declar\u00f3 el tambi\u00e9n viceministro de Econom\u00eda Productiva del Ministerio del Poder Popular para Finanzas, Ricardo Javier S\u00e1nchez.<\/p>\n<p style=\"text-align: justify;\">Desde el Ministerio de Comercio Nacional, se exhorta a todos los cient\u00edficos, innovadores y tecn\u00f3logos a registrar sus patentes en Venezuela para fortalecer, entre otras cosas, la producci\u00f3n nacional.<\/p>\n","protected":false},"excerpt":{"rendered":"<p>El Servicio Aut\u00f3nomo de la Propiedad Intelectual (SAPI), ente adscrito al Ministerio del Poder Popular de Comercio Nacional, trabaja en el dise\u00f1o y la ejecuci\u00f3n de pol\u00edticas arancelarias, de innovaci\u00f3n y de desarrollo tecnol\u00f3gico. As\u00ed lo explic\u00f3 el director general del SAPI, Ricardo Javier S\u00e1nchez, durante su participaci\u00f3n en el V Congreso Venezolano de Ciencia, &hellip;<\/p>\n","protected":false},"author":12,"featured_media":8900,"comment_status":"closed","ping_status":"open","sticky":false,"template":"","format":"standard","meta":{"footnotes":""},"categories":[79],"tags":[736,544,829,76,263,75,240,878],"class_list":["post-8899","post","type-post","status-publish","format-standard","has-post-thumbnail","hentry","category-noticias","tag-dheliz-alvarez","tag-innovacion","tag-ministerio-nacional-de-comercio","tag-propiedad-intelectual","tag-ricardo-javier-sanchez","tag-sapi","tag-servicio-autonomo-de-la-propiedad-intelectual-sapi","tag-tecnologia"],"jetpack_featured_media_url":"https:\/\/i0.wp.com\/mincomercionacional.gob.ve\/wp-content\/uploads\/2021\/11\/photo1638288067.jpeg?fit=800%2C533&ssl=1","jetpack_shortlink":"https:\/\/wp.me\/pbvjg9-2jx","_links":{"self":[{"href":"https:\/\/mincomercionacional.gob.ve\/index.php?rest_route=\/wp\/v2\/posts\/8899","targetHints":{"allow":["GET"]}}],"collection":[{"href":"https:\/\/mincomercionacional.gob.ve\/index.php?rest_route=\/wp\/v2\/posts"}],"about":[{"href":"https:\/\/mincomercionacional.gob.ve\/index.php?rest_route=\/wp\/v2\/types\/post"}],"author":[{"embeddable":true,"href":"https:\/\/mincomercionacional.gob.ve\/index.php?rest_route=\/wp\/v2\/users\/12"}],"replies":[{"embeddable":true,"href":"https:\/\/mincomercionacional.gob.ve\/index.php?rest_route=%2Fwp%2Fv2%2Fcomments&post=8899"}],"version-history":[{"count":2,"href":"https:\/\/mincomercionacional.gob.ve\/index.php?rest_route=\/wp\/v2\/posts\/8899\/revisions"}],"predecessor-version":[{"id":8912,"href":"https:\/\/mincomercionacional.gob.ve\/index.php?rest_route=\/wp\/v2\/posts\/8899\/revisions\/8912"}],"wp:featuredmedia":[{"embeddable":true,"href":"https:\/\/mincomercionacional.gob.ve\/index.php?rest_route=\/wp\/v2\/media\/8900"}],"wp:attachment":[{"href":"https:\/\/mincomercionacional.gob.ve\/index.php?rest_route=%2Fwp%2Fv2%2Fmedia&parent=8899"}],"wp:term":[{"taxonomy":"category","embeddable":true,"href":"https:\/\/mincomercionacional.gob.ve\/index.php?rest_route=%2Fwp%2Fv2%2Fcategories&post=8899"},{"taxonomy":"post_tag","embeddable":true,"href":"https:\/\/mincomercionacional.gob.ve\/index.php?rest_route=%2Fwp%2Fv2%2Ftags&post=8899"}],"curies":[{"name":"wp","href":"https:\/\/api.w.org\/{rel}","templated":true}]}}