{"id":8766,"date":"2021-11-25T12:03:52","date_gmt":"2021-11-25T16:03:52","guid":{"rendered":"http:\/\/mincomercionacional.gob.ve\/?p=8766"},"modified":"2021-11-25T13:21:36","modified_gmt":"2021-11-25T17:21:36","slug":"venezolanos-apuestan-por-el-pais-y-emprenden-para-fortalecer-economia-nacional","status":"publish","type":"post","link":"https:\/\/mincomercionacional.gob.ve\/?p=8766","title":{"rendered":"Venezolanos apuestan por el pa\u00eds y emprenden para fortalecer econom\u00eda nacional"},"content":{"rendered":"<p style=\"text-align: justify;\">Venezuela es una tierra de oportunidades. A ra\u00edz de la pandemia por Covid-19, muchas familias asumieron el reto de emprender, apostar por su crecimiento financiero y aportar al nuevo modelo de econom\u00eda productiva que impulsa el Gobierno Bolivariano.<\/p>\n<p style=\"text-align: justify;\">El reci\u00e9n creado Motor Emprendedores, es un gran apoyo para cada una de las venezolanas y los venezolanos que siguen apostando por Venezuela. El \u201cPlan de Atenci\u00f3n a las Pymes\u201d del Ministerio del Poder Popular de Comercio Nacional, permite conocer testimonios muy importantes.<\/p>\n<p style=\"text-align: justify;\">Edzzel Betancourt, emprendi\u00f3 con \u201cSabores de Mamabuela\u201d. Se trata de un proyecto familiar dedicado a elaborar postres criollos, navide\u00f1os y otras variedades de la reposter\u00eda moderna. \u201c<em>El emprendimiento naci\u00f3 en pandemia; somos una de las tantas familias que innov\u00f3 para aportar ingresos a nuestra econom\u00eda y sumarnos al sector comercial del pa\u00eds de manera formal<\/em>\u201d.<\/p>\n<p style=\"text-align: justify;\">Luis Uzcategui, de 27 a\u00f1os de edad, luego de laborar en varias empresas del sector privado, emprendi\u00f3 con Magic Cookies, vende galletas y ponquesitos. \u00ab<em>Comenc\u00e9 viendo recetas y tutoriales en internet, e intent\u00e9 a hacerlas junto a mi madre para venderlos como postres artesanales. Actualmente, dedic\u00f3 mi tiempo \u00fanicamente al emprendimiento y realmente me va excelente<\/em>\u00bb asegur\u00f3 el joven.<\/p>\n<p><img data-recalc-dims=\"1\" loading=\"lazy\" decoding=\"async\" data-attachment-id=\"8769\" data-permalink=\"https:\/\/mincomercionacional.gob.ve\/?attachment_id=8769\" data-orig-file=\"https:\/\/i0.wp.com\/mincomercionacional.gob.ve\/wp-content\/uploads\/2021\/11\/jpg-de7ab916-0e3a-4532-9b92-56060d37dbba.jpg?fit=1280%2C960&amp;ssl=1\" data-orig-size=\"1280,960\" data-comments-opened=\"0\" data-image-meta=\"{&quot;aperture&quot;:&quot;0&quot;,&quot;credit&quot;:&quot;&quot;,&quot;camera&quot;:&quot;&quot;,&quot;caption&quot;:&quot;&quot;,&quot;created_timestamp&quot;:&quot;0&quot;,&quot;copyright&quot;:&quot;&quot;,&quot;focal_length&quot;:&quot;0&quot;,&quot;iso&quot;:&quot;0&quot;,&quot;shutter_speed&quot;:&quot;0&quot;,&quot;title&quot;:&quot;&quot;,&quot;orientation&quot;:&quot;1&quot;}\" data-image-title=\"jpg-de7ab916-0e3a-4532-9b92-56060d37dbba\" data-image-description=\"\" data-image-caption=\"\" data-medium-file=\"https:\/\/i0.wp.com\/mincomercionacional.gob.ve\/wp-content\/uploads\/2021\/11\/jpg-de7ab916-0e3a-4532-9b92-56060d37dbba.jpg?fit=300%2C225&amp;ssl=1\" data-large-file=\"https:\/\/i0.wp.com\/mincomercionacional.gob.ve\/wp-content\/uploads\/2021\/11\/jpg-de7ab916-0e3a-4532-9b92-56060d37dbba.jpg?fit=1024%2C768&amp;ssl=1\" class=\"alignnone size-full wp-image-8769\" src=\"https:\/\/i0.wp.com\/mincomercionacional.gob.ve\/wp-content\/uploads\/2021\/11\/jpg-de7ab916-0e3a-4532-9b92-56060d37dbba.jpg?resize=1280%2C960\" alt=\"\" width=\"1280\" height=\"960\" \/><\/p>\n<p style=\"text-align: justify;\">Edwin Coneo, cre\u00f3 de \u201cConlimpio, C.A.\u201d, un proyecto que naci\u00f3 bajo la premisa de satisfacer la demanda de productos limpieza del hogar. En Conlimpio, innovaron con productos de higiene, espec\u00edficamente, con un jab\u00f3n especial a base de hipoclorito y \u00e1cido sulf\u00farico. \u00ab<em>Nosotros apostamos por el pa\u00eds y queremos aportar ideas y alternativas a la econom\u00eda nacional con productos de calidad\u00bb<\/em>.<\/p>\n<p><img data-recalc-dims=\"1\" loading=\"lazy\" decoding=\"async\" data-attachment-id=\"8770\" data-permalink=\"https:\/\/mincomercionacional.gob.ve\/?attachment_id=8770\" data-orig-file=\"https:\/\/i0.wp.com\/mincomercionacional.gob.ve\/wp-content\/uploads\/2021\/11\/jpg-dc21d665-0e12-4e12-ae59-132b4c81c679.jpg?fit=1280%2C960&amp;ssl=1\" data-orig-size=\"1280,960\" data-comments-opened=\"0\" data-image-meta=\"{&quot;aperture&quot;:&quot;0&quot;,&quot;credit&quot;:&quot;&quot;,&quot;camera&quot;:&quot;&quot;,&quot;caption&quot;:&quot;&quot;,&quot;created_timestamp&quot;:&quot;0&quot;,&quot;copyright&quot;:&quot;&quot;,&quot;focal_length&quot;:&quot;0&quot;,&quot;iso&quot;:&quot;0&quot;,&quot;shutter_speed&quot;:&quot;0&quot;,&quot;title&quot;:&quot;&quot;,&quot;orientation&quot;:&quot;1&quot;}\" data-image-title=\"jpg-dc21d665-0e12-4e12-ae59-132b4c81c679\" data-image-description=\"\" data-image-caption=\"\" data-medium-file=\"https:\/\/i0.wp.com\/mincomercionacional.gob.ve\/wp-content\/uploads\/2021\/11\/jpg-dc21d665-0e12-4e12-ae59-132b4c81c679.jpg?fit=300%2C225&amp;ssl=1\" data-large-file=\"https:\/\/i0.wp.com\/mincomercionacional.gob.ve\/wp-content\/uploads\/2021\/11\/jpg-dc21d665-0e12-4e12-ae59-132b4c81c679.jpg?fit=1024%2C768&amp;ssl=1\" class=\"alignnone size-full wp-image-8770\" src=\"https:\/\/i0.wp.com\/mincomercionacional.gob.ve\/wp-content\/uploads\/2021\/11\/jpg-dc21d665-0e12-4e12-ae59-132b4c81c679.jpg?resize=1280%2C960\" alt=\"\" width=\"1280\" height=\"960\" \/><\/p>\n<p style=\"text-align: justify;\">Tomando en cuenta estas y otras experiencias, Sencamer lanz\u00f3 el \u201cPlan de Apoyo y Fomento a Emprendedores y Artesanos\u201d. La iniciativa concede facilidades a los trabajadores para que formalicen procesos, productos y servicios, a trav\u00e9s de tarifas especiales, reducci\u00f3n de tr\u00e1mites administrativos y otorgamiento de sellos de calidad.<\/p>\n<p style=\"text-align: justify;\">M\u00e1s informaci\u00f3n en la p\u00e1gina web www.sencamer.gob.ve, @sencamer_ en Twiter, SENCAMER en Facebook y el correo electr\u00f3nico: gestioncalidad@sencamer.gob.ve.<\/p>\n<p>&nbsp;<\/p>\n","protected":false},"excerpt":{"rendered":"<p>Venezuela es una tierra de oportunidades. A ra\u00edz de la pandemia por Covid-19, muchas familias asumieron el reto de emprender, apostar por su crecimiento financiero y aportar al nuevo modelo de econom\u00eda productiva que impulsa el Gobierno Bolivariano. El reci\u00e9n creado Motor Emprendedores, es un gran apoyo para cada una de las venezolanas y los &hellip;<\/p>\n","protected":false},"author":12,"featured_media":8768,"comment_status":"closed","ping_status":"open","sticky":false,"template":"","format":"standard","meta":{"footnotes":""},"categories":[79],"tags":[844,736,34,845,846,847,60,59],"class_list":["post-8766","post","type-post","status-publish","format-standard","has-post-thumbnail","hentry","category-noticias","tag-conlimpio","tag-dheliz-alvarez","tag-ministerio-de-comercio-nacional","tag-plan-de-apoyo-y-fomento-a-emprendedores-y-artesanos","tag-plan-de-atencion-a-las-pymes","tag-sabores-de-mamabuela","tag-sencamer","tag-sundde"],"jetpack_featured_media_url":"https:\/\/i0.wp.com\/mincomercionacional.gob.ve\/wp-content\/uploads\/2021\/11\/jpd-2d382f72-1a89-4b96-8708-b6051d36d03e.jpg?fit=1280%2C960&ssl=1","jetpack_shortlink":"https:\/\/wp.me\/pbvjg9-2ho","_links":{"self":[{"href":"https:\/\/mincomercionacional.gob.ve\/index.php?rest_route=\/wp\/v2\/posts\/8766","targetHints":{"allow":["GET"]}}],"collection":[{"href":"https:\/\/mincomercionacional.gob.ve\/index.php?rest_route=\/wp\/v2\/posts"}],"about":[{"href":"https:\/\/mincomercionacional.gob.ve\/index.php?rest_route=\/wp\/v2\/types\/post"}],"author":[{"embeddable":true,"href":"https:\/\/mincomercionacional.gob.ve\/index.php?rest_route=\/wp\/v2\/users\/12"}],"replies":[{"embeddable":true,"href":"https:\/\/mincomercionacional.gob.ve\/index.php?rest_route=%2Fwp%2Fv2%2Fcomments&post=8766"}],"version-history":[{"count":2,"href":"https:\/\/mincomercionacional.gob.ve\/index.php?rest_route=\/wp\/v2\/posts\/8766\/revisions"}],"predecessor-version":[{"id":8772,"href":"https:\/\/mincomercionacional.gob.ve\/index.php?rest_route=\/wp\/v2\/posts\/8766\/revisions\/8772"}],"wp:featuredmedia":[{"embeddable":true,"href":"https:\/\/mincomercionacional.gob.ve\/index.php?rest_route=\/wp\/v2\/media\/8768"}],"wp:attachment":[{"href":"https:\/\/mincomercionacional.gob.ve\/index.php?rest_route=%2Fwp%2Fv2%2Fmedia&parent=8766"}],"wp:term":[{"taxonomy":"category","embeddable":true,"href":"https:\/\/mincomercionacional.gob.ve\/index.php?rest_route=%2Fwp%2Fv2%2Fcategories&post=8766"},{"taxonomy":"post_tag","embeddable":true,"href":"https:\/\/mincomercionacional.gob.ve\/index.php?rest_route=%2Fwp%2Fv2%2Ftags&post=8766"}],"curies":[{"name":"wp","href":"https:\/\/api.w.org\/{rel}","templated":true}]}}