{"id":8732,"date":"2021-11-24T18:39:58","date_gmt":"2021-11-24T22:39:58","guid":{"rendered":"http:\/\/mincomercionacional.gob.ve\/?p=8732"},"modified":"2022-11-28T16:43:47","modified_gmt":"2022-11-28T20:43:47","slug":"ministra-dheliz-alvarez-visito-a-trabajadores-de-comercio-nacional-de-falcon","status":"publish","type":"post","link":"https:\/\/mincomercionacional.gob.ve\/?p=8732","title":{"rendered":"Ministra Dheliz \u00c1lvarez visit\u00f3 a trabajadores de Comercio Nacional de Falc\u00f3n"},"content":{"rendered":"<p style=\"text-align: justify;\">Las trabajadoras y los trabajadores del Ministerio del Poder Popular de Comercio Nacional y sus entes adscritos Sundde y Sencamer, recibieron a la ministra Dheliz \u00c1lvarez, en el estado Falc\u00f3n.<\/p>\n<p style=\"text-align: justify;\">En el encuentro que se realiz\u00f3 este jueves 24 de noviembre de 2021, los trabajadores y las trabajadoras, le informaron a la ministra que se encuentran trabajando unidos por el porvenir de la patria.<\/p>\n<p style=\"text-align: justify;\">Por su parte, Dheliz \u00c1lvarez, les pidi\u00f3 que ense\u00f1en al pueblo a protegerse a s\u00ed mismo, por ejemplo, \u201cno podemos pagar una tasa distinta a la establecida por el BCV; vamos a ense\u00f1ar al consumidor a hacerle boicot a los comerciantes especuladores\u201d, manifest\u00f3 la Ministra de Comercio Nacional.<\/p>\n<p style=\"text-align: justify;\">La idea es que la gente sepa cu\u00e1les son sus derechos, y el comerciante no acuda al mercado negro de divisas, ni evada las normas establecidas por la Rep\u00fablica en materia econ\u00f3mica.<\/p>\n<p style=\"text-align: justify;\">La ministra, agradeci\u00f3 la disposici\u00f3n de las funcionarias y los funcionarios, y les indic\u00f3 que pr\u00f3ximamente, mejorar\u00e1n las condiciones laborales. Adem\u00e1s, les pidi\u00f3 que jam\u00e1s traicionen la confianza que el pueblo coloc\u00f3 en los fiscales de la Sundde.<\/p>\n","protected":false},"excerpt":{"rendered":"<p>Las trabajadoras y los trabajadores del Ministerio del Poder Popular de Comercio Nacional y sus entes adscritos Sundde y Sencamer, recibieron a la ministra Dheliz \u00c1lvarez, en el estado Falc\u00f3n. En el encuentro que se realiz\u00f3 este jueves 24 de noviembre de 2021, los trabajadores y las trabajadoras, le informaron a la ministra que se &hellip;<\/p>\n","protected":false},"author":12,"featured_media":8733,"comment_status":"closed","ping_status":"open","sticky":false,"template":"","format":"standard","meta":{"footnotes":""},"categories":[1256,79,1],"tags":[635,736,465,34],"class_list":["post-8732","post","type-post","status-publish","format-standard","has-post-thumbnail","hentry","category-comercio-nacional","category-noticias","category-prensa","tag-trabajadores","tag-dheliz-alvarez","tag-falcon","tag-ministerio-de-comercio-nacional"],"jetpack_featured_media_url":"https:\/\/i0.wp.com\/mincomercionacional.gob.ve\/wp-content\/uploads\/2021\/11\/IMG-20211124-WA0051.jpg?fit=1280%2C720&ssl=1","jetpack_shortlink":"https:\/\/wp.me\/pbvjg9-2gQ","_links":{"self":[{"href":"https:\/\/mincomercionacional.gob.ve\/index.php?rest_route=\/wp\/v2\/posts\/8732","targetHints":{"allow":["GET"]}}],"collection":[{"href":"https:\/\/mincomercionacional.gob.ve\/index.php?rest_route=\/wp\/v2\/posts"}],"about":[{"href":"https:\/\/mincomercionacional.gob.ve\/index.php?rest_route=\/wp\/v2\/types\/post"}],"author":[{"embeddable":true,"href":"https:\/\/mincomercionacional.gob.ve\/index.php?rest_route=\/wp\/v2\/users\/12"}],"replies":[{"embeddable":true,"href":"https:\/\/mincomercionacional.gob.ve\/index.php?rest_route=%2Fwp%2Fv2%2Fcomments&post=8732"}],"version-history":[{"count":1,"href":"https:\/\/mincomercionacional.gob.ve\/index.php?rest_route=\/wp\/v2\/posts\/8732\/revisions"}],"predecessor-version":[{"id":8734,"href":"https:\/\/mincomercionacional.gob.ve\/index.php?rest_route=\/wp\/v2\/posts\/8732\/revisions\/8734"}],"wp:featuredmedia":[{"embeddable":true,"href":"https:\/\/mincomercionacional.gob.ve\/index.php?rest_route=\/wp\/v2\/media\/8733"}],"wp:attachment":[{"href":"https:\/\/mincomercionacional.gob.ve\/index.php?rest_route=%2Fwp%2Fv2%2Fmedia&parent=8732"}],"wp:term":[{"taxonomy":"category","embeddable":true,"href":"https:\/\/mincomercionacional.gob.ve\/index.php?rest_route=%2Fwp%2Fv2%2Fcategories&post=8732"},{"taxonomy":"post_tag","embeddable":true,"href":"https:\/\/mincomercionacional.gob.ve\/index.php?rest_route=%2Fwp%2Fv2%2Ftags&post=8732"}],"curies":[{"name":"wp","href":"https:\/\/api.w.org\/{rel}","templated":true}]}}