{"id":8679,"date":"2021-11-23T07:30:23","date_gmt":"2021-11-23T11:30:23","guid":{"rendered":"http:\/\/mincomercionacional.gob.ve\/?p=8679"},"modified":"2021-12-07T15:28:04","modified_gmt":"2021-12-07T19:28:04","slug":"especial-gobierno-bolivariano-protege-derechos-socioeconomicos-del-pueblo-a-traves-de-la-sundde","status":"publish","type":"post","link":"https:\/\/mincomercionacional.gob.ve\/?p=8679","title":{"rendered":"ESPECIAL | Gobierno Bolivariano protege derechos socioecon\u00f3micos del pueblo a trav\u00e9s de la Sundde"},"content":{"rendered":"<p style=\"text-align: justify;\">La Superintendencia Nacional para la Defensa de los Derechos Socioecon\u00f3micos de Venezuela, ente adscrito al Ministerio del Poder Popular de Comercio Nacional, a trav\u00e9s de la Direcci\u00f3n de Atenci\u00f3n y Protecci\u00f3n se mantiene activa los 365 d\u00edas.<\/p>\n<p style=\"text-align: justify;\">Durante todo el a\u00f1o, atienden de manera personalizada, a las usuarias y a los usuarios que lo requieran en todo el territorio nacional de la Rep\u00fablica. Espec\u00edficamente, considera denuncias, quejas y reclamos de las ciudadanas y los ciudadanos en materia de delitos socioecon\u00f3micos como: la especulaci\u00f3n, el condicionamiento, el incumplimiento de las garant\u00edas y la prestaci\u00f3n de un mal servicio, entre otros.<\/p>\n<h1 style=\"text-align: justify;\">Formulaci\u00f3n de denuncias<\/h1>\n<p style=\"text-align: justify;\">Una vez la usuaria o el usuario asiste a las instalaciones de la Sundde, los servidores p\u00fablicos solicitan una exposici\u00f3n de motivos, original y copia de la c\u00e9dula de identidad y los documentos probatorios como facturas, nota de entrega, capturas de transferencias, entre otros.<\/p>\n<p style=\"text-align: justify;\">Posteriormente, le asignan un n\u00famero de expediente y le agendan una cita para conciliar, mecanismo alternativo de resoluci\u00f3n de conflictos, que en primera instancia realiza la Sundde. Los fiscales de la instituci\u00f3n, les brindan acompa\u00f1amiento a las usuarias y a los usuarios y sirven de intermediarios entre el due\u00f1o o encargado del comercio o servicio denunciado y la persona afectada, con el fin de llegar a un acuerdo satisfactorio.<\/p>\n<p style=\"text-align: justify;\">En caso de que no se logre un acuerdo entre las partes, se pasa a otro procedimiento que genera sanciones de car\u00e1cter administrativo.<\/p>\n<p><img data-recalc-dims=\"1\" loading=\"lazy\" decoding=\"async\" data-attachment-id=\"8681\" data-permalink=\"https:\/\/mincomercionacional.gob.ve\/?attachment_id=8681\" data-orig-file=\"https:\/\/i0.wp.com\/mincomercionacional.gob.ve\/wp-content\/uploads\/2021\/11\/ba7c509b-4951-44ae-9cbe-831d331fd9a1.jpg?fit=1052%2C780&amp;ssl=1\" data-orig-size=\"1052,780\" data-comments-opened=\"0\" data-image-meta=\"{&quot;aperture&quot;:&quot;0&quot;,&quot;credit&quot;:&quot;&quot;,&quot;camera&quot;:&quot;&quot;,&quot;caption&quot;:&quot;&quot;,&quot;created_timestamp&quot;:&quot;0&quot;,&quot;copyright&quot;:&quot;&quot;,&quot;focal_length&quot;:&quot;0&quot;,&quot;iso&quot;:&quot;0&quot;,&quot;shutter_speed&quot;:&quot;0&quot;,&quot;title&quot;:&quot;&quot;,&quot;orientation&quot;:&quot;0&quot;}\" data-image-title=\"ba7c509b-4951-44ae-9cbe-831d331fd9a1\" data-image-description=\"\" data-image-caption=\"\" data-medium-file=\"https:\/\/i0.wp.com\/mincomercionacional.gob.ve\/wp-content\/uploads\/2021\/11\/ba7c509b-4951-44ae-9cbe-831d331fd9a1.jpg?fit=300%2C222&amp;ssl=1\" data-large-file=\"https:\/\/i0.wp.com\/mincomercionacional.gob.ve\/wp-content\/uploads\/2021\/11\/ba7c509b-4951-44ae-9cbe-831d331fd9a1.jpg?fit=1024%2C759&amp;ssl=1\" class=\"alignnone size-full wp-image-8681\" src=\"https:\/\/i0.wp.com\/mincomercionacional.gob.ve\/wp-content\/uploads\/2021\/11\/ba7c509b-4951-44ae-9cbe-831d331fd9a1.jpg?resize=1052%2C780\" alt=\"\" width=\"1052\" height=\"780\" \/><\/p>\n<h1 style=\"text-align: justify;\">Sectores, testimonios y v\u00edas de comunicaci\u00f3n<\/h1>\n<p style=\"text-align: justify;\">Entre los sectores econ\u00f3micos m\u00e1s denunciados, destacan: alquileres, condominios, telecomunicaciones, ventas, educaci\u00f3n, alimentaci\u00f3n, salud, estacionamientos, servicios funerarios y automotrices.<\/p>\n<p style=\"text-align: justify;\">Yuli G\u00e1mez, denunci\u00f3 ante la Sudde el incumplimiento de la garant\u00eda por la compra de un equipo celular y luego de ser atendida manifest\u00f3, \u00abinmediatamente de entregar los requisitos solicitados para el procesamiento de la denuncia, la Sundde me contact\u00f3 para que me dirigiera al comercio conjuntamente con un fiscal. Al llegar al local comercial donde compr\u00e9 el tel\u00e9fono, se le aplic\u00f3 la Ley Org\u00e1nica de Precios Justos y llegamos a un acuerdo con el encargado de la tienda, quien me devolvi\u00f3 el dinero, porque no se pod\u00eda sustituir el equipo\u00bb.<\/p>\n<p style=\"text-align: justify;\">Nelly Rodr\u00edguez, demand\u00f3 ante la Superintendencia el cobr\u00f3 obligatorio de las mensualidades por el arrendamiento de un local comercial, relat\u00f3: \u00abdescargu\u00e9 la planilla de denuncia de arrendamiento de locales comerciales que se encuentra en la p\u00e1gina web www.sundde,gob.ve y me dirig\u00ed a una de las oficinas de la instituci\u00f3n con la planilla y la carta explicativa; me recibieron y a los pocos d\u00edas, me llamaron tanto a m\u00ed como al representante del local, dialogamos y llegamos a un acuerdo satisfactorio en cuanto a los pagos\u00bb.<\/p>\n<p style=\"text-align: justify;\">\u00c1ngela Reyes, interpuso una denuncia por la especulaci\u00f3n y el condicionamiento en el costo de las mensualidades en un liceo privado ubicado en el estado Zulia y manifest\u00f3: \u00abme atendi\u00f3 una funcionaria, quien me solicit\u00f3 una serie de requisitos. Al d\u00eda siguiente de realizar la denuncia, atendieron mi caso; ambas nos dirigimos al centro educativo denunciado, se realiz\u00f3 un acto conciliatorio y se logr\u00f3 la resoluci\u00f3n del caso\u00bb.<\/p>\n<p style=\"text-align: justify;\">As\u00ed como funciona el sistema de denuncias personalizadas, la Superintendencia Nacional para la Defensa de los Derechos Socioecon\u00f3micos, tiene habilitados otros canales que no ameritan de documentaci\u00f3n: estos son la l\u00ednea telef\u00f3nica gratuita 0800 LO JUSTO (5658786), la mensajer\u00eda instant\u00e1nea WhatsApp a trav\u00e9s de los n\u00fameros telef\u00f3nicos: 0412-023-0101 y 0412-830-8580 y las redes sociales en las plataformas Instagram y Twitter @sundde_ve.<\/p>\n<p><img data-recalc-dims=\"1\" loading=\"lazy\" decoding=\"async\" data-attachment-id=\"8682\" data-permalink=\"https:\/\/mincomercionacional.gob.ve\/?attachment_id=8682\" data-orig-file=\"https:\/\/i0.wp.com\/mincomercionacional.gob.ve\/wp-content\/uploads\/2021\/11\/3ef86aaa-d08a-4047-a60d-cb1703c37dce.jpg?fit=1000%2C750&amp;ssl=1\" data-orig-size=\"1000,750\" data-comments-opened=\"0\" data-image-meta=\"{&quot;aperture&quot;:&quot;0&quot;,&quot;credit&quot;:&quot;&quot;,&quot;camera&quot;:&quot;&quot;,&quot;caption&quot;:&quot;&quot;,&quot;created_timestamp&quot;:&quot;0&quot;,&quot;copyright&quot;:&quot;&quot;,&quot;focal_length&quot;:&quot;0&quot;,&quot;iso&quot;:&quot;0&quot;,&quot;shutter_speed&quot;:&quot;0&quot;,&quot;title&quot;:&quot;&quot;,&quot;orientation&quot;:&quot;0&quot;}\" data-image-title=\"3ef86aaa-d08a-4047-a60d-cb1703c37dce\" data-image-description=\"\" data-image-caption=\"\" data-medium-file=\"https:\/\/i0.wp.com\/mincomercionacional.gob.ve\/wp-content\/uploads\/2021\/11\/3ef86aaa-d08a-4047-a60d-cb1703c37dce.jpg?fit=300%2C225&amp;ssl=1\" data-large-file=\"https:\/\/i0.wp.com\/mincomercionacional.gob.ve\/wp-content\/uploads\/2021\/11\/3ef86aaa-d08a-4047-a60d-cb1703c37dce.jpg?fit=1000%2C750&amp;ssl=1\" class=\"size-full wp-image-8682 aligncenter\" src=\"https:\/\/i0.wp.com\/mincomercionacional.gob.ve\/wp-content\/uploads\/2021\/11\/3ef86aaa-d08a-4047-a60d-cb1703c37dce.jpg?resize=1000%2C750\" alt=\"\" width=\"1000\" height=\"750\" \/><\/p>\n<h1 style=\"text-align: justify;\">Despliegue especial<\/h1>\n<p style=\"text-align: justify;\">Actualmente, con motivo de la temporada navide\u00f1a, por instrucciones precisas del presidente de la Rep\u00fablica Bolivariana de Venezuela, Nicol\u00e1s Maduro, la vicepresidenta ejecutiva, Delcy Rodr\u00edguez, y la ministra del Poder Popular de Comercio Nacional, Dheliz \u00c1lvarez, la Superintendencia Nacional para la Defensa de los Derechos Socioecon\u00f3micos, se encuentra desplegada en toda Venezuela.<\/p>\n<p style=\"text-align: justify;\">\u201cEstamos desplegados a escala nacional para proteger los derechos socioecon\u00f3micos del pueblo en la temporada navide\u00f1a, estamos trabajando para que las ciudadanas y los ciudadanos puedan tener acceso a los productos y los servicios que merecen; estamos verificando que el comercio est\u00e9 en sinton\u00eda y aplicando las medidas econ\u00f3micas establecidas por el presidente Nicol\u00e1s Maduro\u201d.<\/p>\n<p><img data-recalc-dims=\"1\" loading=\"lazy\" decoding=\"async\" data-attachment-id=\"8683\" data-permalink=\"https:\/\/mincomercionacional.gob.ve\/?attachment_id=8683\" data-orig-file=\"https:\/\/i0.wp.com\/mincomercionacional.gob.ve\/wp-content\/uploads\/2021\/11\/df69d773-fbbc-4ad5-ae1b-2cf8edec7565.jpg?fit=1008%2C477&amp;ssl=1\" data-orig-size=\"1008,477\" data-comments-opened=\"0\" data-image-meta=\"{&quot;aperture&quot;:&quot;0&quot;,&quot;credit&quot;:&quot;&quot;,&quot;camera&quot;:&quot;&quot;,&quot;caption&quot;:&quot;&quot;,&quot;created_timestamp&quot;:&quot;0&quot;,&quot;copyright&quot;:&quot;&quot;,&quot;focal_length&quot;:&quot;0&quot;,&quot;iso&quot;:&quot;0&quot;,&quot;shutter_speed&quot;:&quot;0&quot;,&quot;title&quot;:&quot;&quot;,&quot;orientation&quot;:&quot;0&quot;}\" data-image-title=\"df69d773-fbbc-4ad5-ae1b-2cf8edec7565\" data-image-description=\"\" data-image-caption=\"\" data-medium-file=\"https:\/\/i0.wp.com\/mincomercionacional.gob.ve\/wp-content\/uploads\/2021\/11\/df69d773-fbbc-4ad5-ae1b-2cf8edec7565.jpg?fit=300%2C142&amp;ssl=1\" data-large-file=\"https:\/\/i0.wp.com\/mincomercionacional.gob.ve\/wp-content\/uploads\/2021\/11\/df69d773-fbbc-4ad5-ae1b-2cf8edec7565.jpg?fit=1008%2C477&amp;ssl=1\" class=\"size-full wp-image-8683 aligncenter\" src=\"https:\/\/i0.wp.com\/mincomercionacional.gob.ve\/wp-content\/uploads\/2021\/11\/df69d773-fbbc-4ad5-ae1b-2cf8edec7565.jpg?resize=1008%2C477\" alt=\"\" width=\"1008\" height=\"477\" \/><\/p>\n<p>&nbsp;<\/p>\n","protected":false},"excerpt":{"rendered":"<p>La Superintendencia Nacional para la Defensa de los Derechos Socioecon\u00f3micos de Venezuela, ente adscrito al Ministerio del Poder Popular de Comercio Nacional, a trav\u00e9s de la Direcci\u00f3n de Atenci\u00f3n y Protecci\u00f3n se mantiene activa los 365 d\u00edas. Durante todo el a\u00f1o, atienden de manera personalizada, a las usuarias y a los usuarios que lo requieran &hellip;<\/p>\n","protected":false},"author":12,"featured_media":8680,"comment_status":"closed","ping_status":"open","sticky":false,"template":"","format":"standard","meta":{"footnotes":""},"categories":[279],"tags":[510,736,34,59,39],"class_list":["post-8679","post","type-post","status-publish","format-standard","has-post-thumbnail","hentry","category-especial","tag-especial","tag-dheliz-alvarez","tag-ministerio-de-comercio-nacional","tag-sundde","tag-venezuela"],"jetpack_featured_media_url":"https:\/\/i0.wp.com\/mincomercionacional.gob.ve\/wp-content\/uploads\/2021\/11\/da7a425c-f757-4d58-8022-94bbd6b823ba.jpg?fit=1280%2C960&ssl=1","jetpack_shortlink":"https:\/\/wp.me\/pbvjg9-2fZ","_links":{"self":[{"href":"https:\/\/mincomercionacional.gob.ve\/index.php?rest_route=\/wp\/v2\/posts\/8679","targetHints":{"allow":["GET"]}}],"collection":[{"href":"https:\/\/mincomercionacional.gob.ve\/index.php?rest_route=\/wp\/v2\/posts"}],"about":[{"href":"https:\/\/mincomercionacional.gob.ve\/index.php?rest_route=\/wp\/v2\/types\/post"}],"author":[{"embeddable":true,"href":"https:\/\/mincomercionacional.gob.ve\/index.php?rest_route=\/wp\/v2\/users\/12"}],"replies":[{"embeddable":true,"href":"https:\/\/mincomercionacional.gob.ve\/index.php?rest_route=%2Fwp%2Fv2%2Fcomments&post=8679"}],"version-history":[{"count":3,"href":"https:\/\/mincomercionacional.gob.ve\/index.php?rest_route=\/wp\/v2\/posts\/8679\/revisions"}],"predecessor-version":[{"id":9078,"href":"https:\/\/mincomercionacional.gob.ve\/index.php?rest_route=\/wp\/v2\/posts\/8679\/revisions\/9078"}],"wp:featuredmedia":[{"embeddable":true,"href":"https:\/\/mincomercionacional.gob.ve\/index.php?rest_route=\/wp\/v2\/media\/8680"}],"wp:attachment":[{"href":"https:\/\/mincomercionacional.gob.ve\/index.php?rest_route=%2Fwp%2Fv2%2Fmedia&parent=8679"}],"wp:term":[{"taxonomy":"category","embeddable":true,"href":"https:\/\/mincomercionacional.gob.ve\/index.php?rest_route=%2Fwp%2Fv2%2Fcategories&post=8679"},{"taxonomy":"post_tag","embeddable":true,"href":"https:\/\/mincomercionacional.gob.ve\/index.php?rest_route=%2Fwp%2Fv2%2Ftags&post=8679"}],"curies":[{"name":"wp","href":"https:\/\/api.w.org\/{rel}","templated":true}]}}