{"id":8665,"date":"2021-11-19T19:31:16","date_gmt":"2021-11-19T23:31:16","guid":{"rendered":"http:\/\/mincomercionacional.gob.ve\/?p=8665"},"modified":"2021-11-19T19:31:16","modified_gmt":"2021-11-19T23:31:16","slug":"almacenadora-caracas-continua-proceso-de-fortalecimiento-del-sector-productivo","status":"publish","type":"post","link":"https:\/\/mincomercionacional.gob.ve\/?p=8665","title":{"rendered":"Almacenadora Caracas contin\u00faa proceso de fortalecimiento del sector productivo"},"content":{"rendered":"<p style=\"text-align: justify;\">La Almacenadora Caracas y sus filiales, ente adscrito al Ministerio del Poder Popular de Comercio Nacional, del 12 al 18 de noviembre de 2021, despach\u00f3 60 contenedores.<\/p>\n<p style=\"text-align: justify;\">La empresa que ejecuta operaciones aduaneras de importaci\u00f3n, exportaci\u00f3n y almacenaje moviliz\u00f3 contenedores contentivos de medicamentos, ladrillos refractarios para la industria cementera, aceites lubricantes, madera MDF aserrada, veh\u00edculos y material destinado a promocionar empresas.<\/p>\n<p style=\"text-align: justify;\">Para la importaci\u00f3n y la exportaci\u00f3n, moviliz\u00f3 contenedores por el Puerto de La Guaira, por el Puerto de Puerto Cabello y por el Aeropuerto Internacional de Maiquet\u00eda.<\/p>\n<p style=\"text-align: justify;\">La Almacenadora Caracas y sus filiales, seguir\u00e1 fortaleciendo al sector productivo ofreciendo asesor\u00eda y servicios a los empresarios y emprendedores del pa\u00eds a fin de colaborar con el desarrollo de la econom\u00eda venezolana.<\/p>\n","protected":false},"excerpt":{"rendered":"<p>La Almacenadora Caracas y sus filiales, ente adscrito al Ministerio del Poder Popular de Comercio Nacional, del 12 al 18 de noviembre de 2021, despach\u00f3 60 contenedores. La empresa que ejecuta operaciones aduaneras de importaci\u00f3n, exportaci\u00f3n y almacenaje moviliz\u00f3 contenedores contentivos de medicamentos, ladrillos refractarios para la industria cementera, aceites lubricantes, madera MDF aserrada, veh\u00edculos &hellip;<\/p>\n","protected":false},"author":12,"featured_media":2065,"comment_status":"closed","ping_status":"open","sticky":false,"template":"","format":"standard","meta":{"footnotes":""},"categories":[79],"tags":[833,55,745,736,766,34,832,744],"class_list":["post-8665","post","type-post","status-publish","format-standard","has-post-thumbnail","hentry","category-noticias","tag-aeropuerto-de-maiquetia","tag-almacenadora-caracas","tag-contenedores","tag-dheliz-alvarez","tag-la-guaira","tag-ministerio-de-comercio-nacional","tag-puerto-cabello","tag-puertos"],"jetpack_featured_media_url":"https:\/\/i0.wp.com\/mincomercionacional.gob.ve\/wp-content\/uploads\/2020\/05\/WhatsApp-Image-2020-05-21-at-1.06.39-PM-2.jpeg?fit=960%2C540&ssl=1","jetpack_shortlink":"https:\/\/wp.me\/pbvjg9-2fL","_links":{"self":[{"href":"https:\/\/mincomercionacional.gob.ve\/index.php?rest_route=\/wp\/v2\/posts\/8665","targetHints":{"allow":["GET"]}}],"collection":[{"href":"https:\/\/mincomercionacional.gob.ve\/index.php?rest_route=\/wp\/v2\/posts"}],"about":[{"href":"https:\/\/mincomercionacional.gob.ve\/index.php?rest_route=\/wp\/v2\/types\/post"}],"author":[{"embeddable":true,"href":"https:\/\/mincomercionacional.gob.ve\/index.php?rest_route=\/wp\/v2\/users\/12"}],"replies":[{"embeddable":true,"href":"https:\/\/mincomercionacional.gob.ve\/index.php?rest_route=%2Fwp%2Fv2%2Fcomments&post=8665"}],"version-history":[{"count":1,"href":"https:\/\/mincomercionacional.gob.ve\/index.php?rest_route=\/wp\/v2\/posts\/8665\/revisions"}],"predecessor-version":[{"id":8666,"href":"https:\/\/mincomercionacional.gob.ve\/index.php?rest_route=\/wp\/v2\/posts\/8665\/revisions\/8666"}],"wp:featuredmedia":[{"embeddable":true,"href":"https:\/\/mincomercionacional.gob.ve\/index.php?rest_route=\/wp\/v2\/media\/2065"}],"wp:attachment":[{"href":"https:\/\/mincomercionacional.gob.ve\/index.php?rest_route=%2Fwp%2Fv2%2Fmedia&parent=8665"}],"wp:term":[{"taxonomy":"category","embeddable":true,"href":"https:\/\/mincomercionacional.gob.ve\/index.php?rest_route=%2Fwp%2Fv2%2Fcategories&post=8665"},{"taxonomy":"post_tag","embeddable":true,"href":"https:\/\/mincomercionacional.gob.ve\/index.php?rest_route=%2Fwp%2Fv2%2Ftags&post=8665"}],"curies":[{"name":"wp","href":"https:\/\/api.w.org\/{rel}","templated":true}]}}