{"id":8640,"date":"2021-11-19T15:41:42","date_gmt":"2021-11-19T19:41:42","guid":{"rendered":"http:\/\/mincomercionacional.gob.ve\/?p=8640"},"modified":"2022-11-28T16:44:35","modified_gmt":"2022-11-28T20:44:35","slug":"ministra-dheliz-alvarez-lidero-inspeccion-en-establecimientos-comerciales-de-caracas","status":"publish","type":"post","link":"https:\/\/mincomercionacional.gob.ve\/?p=8640","title":{"rendered":"Ministra Dheliz \u00c1lvarez lider\u00f3 inspecci\u00f3n en establecimientos comerciales de Caracas"},"content":{"rendered":"<p style=\"text-align: justify;\">La Ministra del Poder Popular de Comercio Nacional, Dheliz \u00c1lvarez, lider\u00f3 una jornada de inspecci\u00f3n en los establecimientos comerciales de la ciudad capital de la Rep\u00fablica Bolivariana de Venezuela.<\/p>\n<p style=\"text-align: justify;\">Acompa\u00f1ada por los fiscales de la Superintendencia Nacional para la Defensa de los Derechos Socioecon\u00f3micos, comprob\u00f3 que los comercios est\u00e1n abastecidos, acatando los precios de los 27 rubros acordados, que expresan los precios de los productos en bol\u00edvares, publican y se gu\u00edan por la tasa del Banco Central de Venezuela y ofrecen la posibilidad de dar el vuelto en pago m\u00f3vil.<\/p>\n<blockquote class=\"quote-light\"><p>\u201c<em>Estamos desplegados a escala nacional para proteger los derechos socioecon\u00f3micos del pueblo en la temporada navide\u00f1a, estamos trabajando para que las ciudadanas y los ciudadanos puedan tener acceso a los productos y los servicios que merecen; estamos verificando que el comercio est\u00e9 en sinton\u00eda y aplicando las medidas econ\u00f3micas establecidas por el presidente Nicol\u00e1s Maduro<\/em>\u201d,<\/p>\n<p>Dheliz \u00c1lvarez<\/p><\/blockquote>\n<p style=\"text-align: justify;\">La Ministra del Poder Popular de Comercio Nacional, Dheliz \u00c1lvarez, tambi\u00e9n evidenci\u00f3 que los establecimientos comerciales cumplen las normas de bioseguridad para prevenir el Covid-19 y la aplicaci\u00f3n del Sem\u00e1foro de Acceso.<\/p>\n<p style=\"text-align: justify;\">La funcionaria, as\u00ed como exhort\u00f3 al sector comercial a cumplir la ley y a evitar sanciones, llam\u00f3 a los fiscales de la Sundde a realizar el trabajo que les corresponde honestamente y con transparencia; la ministra fue enf\u00e1tica en que no permitir\u00e1 delitos de extorsi\u00f3n.<\/p>\n<p style=\"text-align: justify;\">Los fiscales de la Superintendencia Nacional para la Defensa de los Derechos Socioecon\u00f3micos, permanecer\u00e1n desplegados en puntos estrat\u00e9gicos de todo el territorio nacional a fin de atender a las usuarias y usuarios que lo requieran.<\/p>\n<div class=\"tiled-gallery type-rectangular tiled-gallery-unresized\" data-original-width=\"500\" data-carousel-extra='{&quot;blog_id&quot;:1,&quot;permalink&quot;:&quot;https:\\\/\\\/mincomercionacional.gob.ve\\\/?p=8640&quot;,&quot;likes_blog_id&quot;:170001901}' itemscope itemtype=\"http:\/\/schema.org\/ImageGallery\" > <div class=\"gallery-row\" style=\"width: 500px; height: 251px;\" data-original-width=\"500\" data-original-height=\"251\" > <div class=\"gallery-group images-1\" style=\"width: 334px; height: 251px;\" data-original-width=\"334\" data-original-height=\"251\" > <div class=\"tiled-gallery-item tiled-gallery-item-large\" itemprop=\"associatedMedia\" itemscope itemtype=\"http:\/\/schema.org\/ImageObject\"> <a href=\"https:\/\/mincomercionacional.gob.ve\/?attachment_id=8645\" border=\"0\" itemprop=\"url\"> <meta itemprop=\"width\" content=\"330\"> <meta itemprop=\"height\" content=\"247\"> <img decoding=\"async\" class=\"\" data-attachment-id=\"8645\" data-orig-file=\"https:\/\/mincomercionacional.gob.ve\/wp-content\/uploads\/2021\/11\/8fe0a1a4-0c6b-47e5-8385-4f34df9724dd.jpg\" data-orig-size=\"1280,960\" data-comments-opened=\"\" data-image-meta=\"{&quot;aperture&quot;:&quot;0&quot;,&quot;credit&quot;:&quot;&quot;,&quot;camera&quot;:&quot;&quot;,&quot;caption&quot;:&quot;&quot;,&quot;created_timestamp&quot;:&quot;0&quot;,&quot;copyright&quot;:&quot;&quot;,&quot;focal_length&quot;:&quot;0&quot;,&quot;iso&quot;:&quot;0&quot;,&quot;shutter_speed&quot;:&quot;0&quot;,&quot;title&quot;:&quot;&quot;,&quot;orientation&quot;:&quot;1&quot;}\" data-image-title=\"Los comerciantes aplicando la app Sem\u00e1foro de Acceso\" data-image-description=\"\" data-medium-file=\"https:\/\/i0.wp.com\/mincomercionacional.gob.ve\/wp-content\/uploads\/2021\/11\/8fe0a1a4-0c6b-47e5-8385-4f34df9724dd.jpg?fit=300%2C225&#038;ssl=1\" data-large-file=\"https:\/\/i0.wp.com\/mincomercionacional.gob.ve\/wp-content\/uploads\/2021\/11\/8fe0a1a4-0c6b-47e5-8385-4f34df9724dd.jpg?fit=1024%2C768&#038;ssl=1\" src=\"https:\/\/i0.wp.com\/mincomercionacional.gob.ve\/wp-content\/uploads\/2021\/11\/8fe0a1a4-0c6b-47e5-8385-4f34df9724dd.jpg?w=330&#038;h=247&#038;ssl=1\" width=\"330\" height=\"247\" loading=\"lazy\" data-original-width=\"330\" data-original-height=\"247\" itemprop=\"http:\/\/schema.org\/image\" title=\"Los comerciantes aplicando la app Sem\u00e1foro de Acceso\" alt=\"Los comerciantes aplicando la app Sem\u00e1foro de Acceso\" style=\"width: 330px; height: 247px;\" \/> <\/a> <div class=\"tiled-gallery-caption\" itemprop=\"caption description\"> Los comerciantes aplicando la app Sem\u00e1foro de Acceso <\/div> <\/div> <\/div> <!-- close group --> <div class=\"gallery-group images-2\" style=\"width: 166px; height: 251px;\" data-original-width=\"166\" data-original-height=\"251\" > <div class=\"tiled-gallery-item tiled-gallery-item-small\" itemprop=\"associatedMedia\" itemscope itemtype=\"http:\/\/schema.org\/ImageObject\"> <a href=\"https:\/\/mincomercionacional.gob.ve\/?attachment_id=8646\" border=\"0\" itemprop=\"url\"> <meta itemprop=\"width\" content=\"162\"> <meta itemprop=\"height\" content=\"122\"> <img decoding=\"async\" class=\"\" data-attachment-id=\"8646\" data-orig-file=\"https:\/\/mincomercionacional.gob.ve\/wp-content\/uploads\/2021\/11\/c1bb5b80-5efe-4536-93c3-301100199859.jpg\" data-orig-size=\"1280,960\" data-comments-opened=\"\" data-image-meta=\"{&quot;aperture&quot;:&quot;0&quot;,&quot;credit&quot;:&quot;&quot;,&quot;camera&quot;:&quot;&quot;,&quot;caption&quot;:&quot;&quot;,&quot;created_timestamp&quot;:&quot;0&quot;,&quot;copyright&quot;:&quot;&quot;,&quot;focal_length&quot;:&quot;0&quot;,&quot;iso&quot;:&quot;0&quot;,&quot;shutter_speed&quot;:&quot;0&quot;,&quot;title&quot;:&quot;&quot;,&quot;orientation&quot;:&quot;1&quot;}\" data-image-title=\"La Ministra \u00c1lvarez siempre de la mano con el pueblo\" data-image-description=\"\" data-medium-file=\"https:\/\/i0.wp.com\/mincomercionacional.gob.ve\/wp-content\/uploads\/2021\/11\/c1bb5b80-5efe-4536-93c3-301100199859.jpg?fit=300%2C225&#038;ssl=1\" data-large-file=\"https:\/\/i0.wp.com\/mincomercionacional.gob.ve\/wp-content\/uploads\/2021\/11\/c1bb5b80-5efe-4536-93c3-301100199859.jpg?fit=1024%2C768&#038;ssl=1\" src=\"https:\/\/i0.wp.com\/mincomercionacional.gob.ve\/wp-content\/uploads\/2021\/11\/c1bb5b80-5efe-4536-93c3-301100199859.jpg?w=162&#038;h=122&#038;ssl=1\" width=\"162\" height=\"122\" loading=\"lazy\" data-original-width=\"162\" data-original-height=\"122\" itemprop=\"http:\/\/schema.org\/image\" title=\"La Ministra \u00c1lvarez siempre de la mano con el pueblo\" alt=\"La Ministra \u00c1lvarez siempre de la mano con el pueblo\" style=\"width: 162px; height: 122px;\" \/> <\/a> <div class=\"tiled-gallery-caption\" itemprop=\"caption description\"> La Ministra \u00c1lvarez siempre de la mano con el pueblo <\/div> <\/div> <div class=\"tiled-gallery-item tiled-gallery-item-small\" itemprop=\"associatedMedia\" itemscope itemtype=\"http:\/\/schema.org\/ImageObject\"> <a href=\"https:\/\/mincomercionacional.gob.ve\/?attachment_id=8648\" border=\"0\" itemprop=\"url\"> <meta itemprop=\"width\" content=\"162\"> <meta itemprop=\"height\" content=\"121\"> <img decoding=\"async\" class=\"\" data-attachment-id=\"8648\" data-orig-file=\"https:\/\/mincomercionacional.gob.ve\/wp-content\/uploads\/2021\/11\/a3aebd50-f7e1-4311-96e6-99d2a3f45361.jpg\" data-orig-size=\"1280,960\" data-comments-opened=\"\" data-image-meta=\"{&quot;aperture&quot;:&quot;0&quot;,&quot;credit&quot;:&quot;&quot;,&quot;camera&quot;:&quot;&quot;,&quot;caption&quot;:&quot;&quot;,&quot;created_timestamp&quot;:&quot;0&quot;,&quot;copyright&quot;:&quot;&quot;,&quot;focal_length&quot;:&quot;0&quot;,&quot;iso&quot;:&quot;0&quot;,&quot;shutter_speed&quot;:&quot;0&quot;,&quot;title&quot;:&quot;&quot;,&quot;orientation&quot;:&quot;1&quot;}\" data-image-title=\"La Ministra \u00c1lvarez liderando la fiscalizaci\u00f3n\" data-image-description=\"\" data-medium-file=\"https:\/\/i0.wp.com\/mincomercionacional.gob.ve\/wp-content\/uploads\/2021\/11\/a3aebd50-f7e1-4311-96e6-99d2a3f45361.jpg?fit=300%2C225&#038;ssl=1\" data-large-file=\"https:\/\/i0.wp.com\/mincomercionacional.gob.ve\/wp-content\/uploads\/2021\/11\/a3aebd50-f7e1-4311-96e6-99d2a3f45361.jpg?fit=1024%2C768&#038;ssl=1\" src=\"https:\/\/i0.wp.com\/mincomercionacional.gob.ve\/wp-content\/uploads\/2021\/11\/a3aebd50-f7e1-4311-96e6-99d2a3f45361.jpg?w=162&#038;h=121&#038;ssl=1\" width=\"162\" height=\"121\" loading=\"lazy\" data-original-width=\"162\" data-original-height=\"121\" itemprop=\"http:\/\/schema.org\/image\" title=\"La Ministra \u00c1lvarez liderando la fiscalizaci\u00f3n\" alt=\"La Ministra \u00c1lvarez liderando la fiscalizaci\u00f3n\" style=\"width: 162px; height: 121px;\" \/> <\/a> <div class=\"tiled-gallery-caption\" itemprop=\"caption description\"> La Ministra \u00c1lvarez liderando la fiscalizaci\u00f3n <\/div> <\/div> <\/div> <!-- close group --> <\/div> <!-- close row --> <div class=\"gallery-row\" style=\"width: 500px; height: 126px;\" data-original-width=\"500\" data-original-height=\"126\" > <div class=\"gallery-group images-1\" style=\"width: 167px; height: 126px;\" data-original-width=\"167\" data-original-height=\"126\" > <div class=\"tiled-gallery-item tiled-gallery-item-small\" itemprop=\"associatedMedia\" itemscope itemtype=\"http:\/\/schema.org\/ImageObject\"> <a href=\"https:\/\/mincomercionacional.gob.ve\/?attachment_id=8649\" border=\"0\" itemprop=\"url\"> <meta itemprop=\"width\" content=\"163\"> <meta itemprop=\"height\" content=\"122\"> <img decoding=\"async\" class=\"\" data-attachment-id=\"8649\" data-orig-file=\"https:\/\/mincomercionacional.gob.ve\/wp-content\/uploads\/2021\/11\/56277a4a-c22b-4b15-8c0c-61dcb1d67c14.jpg\" data-orig-size=\"1280,960\" data-comments-opened=\"\" data-image-meta=\"{&quot;aperture&quot;:&quot;0&quot;,&quot;credit&quot;:&quot;&quot;,&quot;camera&quot;:&quot;&quot;,&quot;caption&quot;:&quot;&quot;,&quot;created_timestamp&quot;:&quot;0&quot;,&quot;copyright&quot;:&quot;&quot;,&quot;focal_length&quot;:&quot;0&quot;,&quot;iso&quot;:&quot;0&quot;,&quot;shutter_speed&quot;:&quot;0&quot;,&quot;title&quot;:&quot;&quot;,&quot;orientation&quot;:&quot;1&quot;}\" data-image-title=\"La Ministra Dheliz \u00c1lvarez declarando a los medios de comunicaci\u00f3n\" data-image-description=\"\" data-medium-file=\"https:\/\/i0.wp.com\/mincomercionacional.gob.ve\/wp-content\/uploads\/2021\/11\/56277a4a-c22b-4b15-8c0c-61dcb1d67c14.jpg?fit=300%2C225&#038;ssl=1\" data-large-file=\"https:\/\/i0.wp.com\/mincomercionacional.gob.ve\/wp-content\/uploads\/2021\/11\/56277a4a-c22b-4b15-8c0c-61dcb1d67c14.jpg?fit=1024%2C768&#038;ssl=1\" src=\"https:\/\/i0.wp.com\/mincomercionacional.gob.ve\/wp-content\/uploads\/2021\/11\/56277a4a-c22b-4b15-8c0c-61dcb1d67c14.jpg?w=163&#038;h=122&#038;ssl=1\" width=\"163\" height=\"122\" loading=\"lazy\" data-original-width=\"163\" data-original-height=\"122\" itemprop=\"http:\/\/schema.org\/image\" title=\"La Ministra Dheliz \u00c1lvarez declarando a los medios de comunicaci\u00f3n\" alt=\"La Ministra Dheliz \u00c1lvarez declarando a los medios de comunicaci\u00f3n\" style=\"width: 163px; height: 122px;\" \/> <\/a> <div class=\"tiled-gallery-caption\" itemprop=\"caption description\"> La Ministra Dheliz \u00c1lvarez declarando a los medios de comunicaci\u00f3n <\/div> <\/div> <\/div> <!-- close group --> <div class=\"gallery-group images-1\" style=\"width: 167px; height: 126px;\" data-original-width=\"167\" data-original-height=\"126\" > <div class=\"tiled-gallery-item tiled-gallery-item-small\" itemprop=\"associatedMedia\" itemscope itemtype=\"http:\/\/schema.org\/ImageObject\"> <a href=\"https:\/\/mincomercionacional.gob.ve\/?attachment_id=8650\" border=\"0\" itemprop=\"url\"> <meta itemprop=\"width\" content=\"163\"> <meta itemprop=\"height\" content=\"122\"> <img decoding=\"async\" class=\"\" data-attachment-id=\"8650\" data-orig-file=\"https:\/\/mincomercionacional.gob.ve\/wp-content\/uploads\/2021\/11\/54404e2e-c7da-4595-8579-4113b2b35af9.jpg\" data-orig-size=\"1280,960\" data-comments-opened=\"\" data-image-meta=\"{&quot;aperture&quot;:&quot;0&quot;,&quot;credit&quot;:&quot;&quot;,&quot;camera&quot;:&quot;&quot;,&quot;caption&quot;:&quot;&quot;,&quot;created_timestamp&quot;:&quot;0&quot;,&quot;copyright&quot;:&quot;&quot;,&quot;focal_length&quot;:&quot;0&quot;,&quot;iso&quot;:&quot;0&quot;,&quot;shutter_speed&quot;:&quot;0&quot;,&quot;title&quot;:&quot;&quot;,&quot;orientation&quot;:&quot;1&quot;}\" data-image-title=\"El Personal de la SUNDDE verificando el respeto de los precios acordados\" data-image-description=\"\" data-medium-file=\"https:\/\/i0.wp.com\/mincomercionacional.gob.ve\/wp-content\/uploads\/2021\/11\/54404e2e-c7da-4595-8579-4113b2b35af9.jpg?fit=300%2C225&#038;ssl=1\" data-large-file=\"https:\/\/i0.wp.com\/mincomercionacional.gob.ve\/wp-content\/uploads\/2021\/11\/54404e2e-c7da-4595-8579-4113b2b35af9.jpg?fit=1024%2C768&#038;ssl=1\" src=\"https:\/\/i0.wp.com\/mincomercionacional.gob.ve\/wp-content\/uploads\/2021\/11\/54404e2e-c7da-4595-8579-4113b2b35af9.jpg?w=163&#038;h=122&#038;ssl=1\" width=\"163\" height=\"122\" loading=\"lazy\" data-original-width=\"163\" data-original-height=\"122\" itemprop=\"http:\/\/schema.org\/image\" title=\"El Personal de la SUNDDE verificando el respeto de los precios acordados\" alt=\"El Personal de la SUNDDE verificando el respeto de los precios acordados\" style=\"width: 163px; height: 122px;\" \/> <\/a> <div class=\"tiled-gallery-caption\" itemprop=\"caption description\"> El Personal de la SUNDDE verificando el respeto de los precios acordados <\/div> <\/div> <\/div> <!-- close group --> <div class=\"gallery-group images-1\" style=\"width: 166px; height: 126px;\" data-original-width=\"166\" data-original-height=\"126\" > <div class=\"tiled-gallery-item tiled-gallery-item-small\" itemprop=\"associatedMedia\" itemscope itemtype=\"http:\/\/schema.org\/ImageObject\"> <a href=\"https:\/\/mincomercionacional.gob.ve\/?attachment_id=8651\" border=\"0\" itemprop=\"url\"> <meta itemprop=\"width\" content=\"162\"> <meta itemprop=\"height\" content=\"122\"> <img decoding=\"async\" class=\"\" data-attachment-id=\"8651\" data-orig-file=\"https:\/\/mincomercionacional.gob.ve\/wp-content\/uploads\/2021\/11\/888b16c3-3698-4a5d-aec0-962ef5af29bc.jpg\" data-orig-size=\"1280,960\" data-comments-opened=\"\" data-image-meta=\"{&quot;aperture&quot;:&quot;0&quot;,&quot;credit&quot;:&quot;&quot;,&quot;camera&quot;:&quot;&quot;,&quot;caption&quot;:&quot;&quot;,&quot;created_timestamp&quot;:&quot;0&quot;,&quot;copyright&quot;:&quot;&quot;,&quot;focal_length&quot;:&quot;0&quot;,&quot;iso&quot;:&quot;0&quot;,&quot;shutter_speed&quot;:&quot;0&quot;,&quot;title&quot;:&quot;&quot;,&quot;orientation&quot;:&quot;1&quot;}\" data-image-title=\"Los comerciantes aplicando la app Sem\u00e1foro de Acceso\" data-image-description=\"\" data-medium-file=\"https:\/\/i0.wp.com\/mincomercionacional.gob.ve\/wp-content\/uploads\/2021\/11\/888b16c3-3698-4a5d-aec0-962ef5af29bc.jpg?fit=300%2C225&#038;ssl=1\" data-large-file=\"https:\/\/i0.wp.com\/mincomercionacional.gob.ve\/wp-content\/uploads\/2021\/11\/888b16c3-3698-4a5d-aec0-962ef5af29bc.jpg?fit=1024%2C768&#038;ssl=1\" src=\"https:\/\/i0.wp.com\/mincomercionacional.gob.ve\/wp-content\/uploads\/2021\/11\/888b16c3-3698-4a5d-aec0-962ef5af29bc.jpg?w=162&#038;h=122&#038;ssl=1\" width=\"162\" height=\"122\" loading=\"lazy\" data-original-width=\"162\" data-original-height=\"122\" itemprop=\"http:\/\/schema.org\/image\" title=\"Los comerciantes aplicando la app Sem\u00e1foro de Acceso\" alt=\"Los comerciantes aplicando la app Sem\u00e1foro de Acceso\" style=\"width: 162px; height: 122px;\" \/> <\/a> <div class=\"tiled-gallery-caption\" itemprop=\"caption description\"> Los comerciantes aplicando la app Sem\u00e1foro de Acceso <\/div> <\/div> <\/div> <!-- close group --> <\/div> <!-- close row --> <div class=\"gallery-row\" style=\"width: 500px; height: 95px;\" data-original-width=\"500\" data-original-height=\"95\" > <div class=\"gallery-group images-1\" style=\"width: 125px; height: 95px;\" data-original-width=\"125\" data-original-height=\"95\" > <div class=\"tiled-gallery-item tiled-gallery-item-small\" itemprop=\"associatedMedia\" itemscope itemtype=\"http:\/\/schema.org\/ImageObject\"> <a href=\"https:\/\/mincomercionacional.gob.ve\/?attachment_id=8653\" border=\"0\" itemprop=\"url\"> <meta itemprop=\"width\" content=\"121\"> <meta itemprop=\"height\" content=\"91\"> <img decoding=\"async\" class=\"\" data-attachment-id=\"8653\" data-orig-file=\"https:\/\/mincomercionacional.gob.ve\/wp-content\/uploads\/2021\/11\/f61fad10-c046-4728-b704-ea1b397e2519.jpg\" data-orig-size=\"800,600\" data-comments-opened=\"\" data-image-meta=\"{&quot;aperture&quot;:&quot;0&quot;,&quot;credit&quot;:&quot;&quot;,&quot;camera&quot;:&quot;&quot;,&quot;caption&quot;:&quot;&quot;,&quot;created_timestamp&quot;:&quot;0&quot;,&quot;copyright&quot;:&quot;&quot;,&quot;focal_length&quot;:&quot;0&quot;,&quot;iso&quot;:&quot;0&quot;,&quot;shutter_speed&quot;:&quot;0&quot;,&quot;title&quot;:&quot;&quot;,&quot;orientation&quot;:&quot;1&quot;}\" data-image-title=\"La Ministra \u00c1lvarez liderando la fiscalizaci\u00f3n\" data-image-description=\"\" data-medium-file=\"https:\/\/i0.wp.com\/mincomercionacional.gob.ve\/wp-content\/uploads\/2021\/11\/f61fad10-c046-4728-b704-ea1b397e2519.jpg?fit=300%2C225&#038;ssl=1\" data-large-file=\"https:\/\/i0.wp.com\/mincomercionacional.gob.ve\/wp-content\/uploads\/2021\/11\/f61fad10-c046-4728-b704-ea1b397e2519.jpg?fit=800%2C600&#038;ssl=1\" src=\"https:\/\/i0.wp.com\/mincomercionacional.gob.ve\/wp-content\/uploads\/2021\/11\/f61fad10-c046-4728-b704-ea1b397e2519.jpg?w=121&#038;h=91&#038;ssl=1\" width=\"121\" height=\"91\" loading=\"lazy\" data-original-width=\"121\" data-original-height=\"91\" itemprop=\"http:\/\/schema.org\/image\" title=\"La Ministra \u00c1lvarez liderando la fiscalizaci\u00f3n\" alt=\"La Ministra \u00c1lvarez liderando la fiscalizaci\u00f3n\" style=\"width: 121px; height: 91px;\" \/> <\/a> <div class=\"tiled-gallery-caption\" itemprop=\"caption description\"> La Ministra \u00c1lvarez liderando la fiscalizaci\u00f3n <\/div> <\/div> <\/div> <!-- close group --> <div class=\"gallery-group images-1\" style=\"width: 125px; height: 95px;\" data-original-width=\"125\" data-original-height=\"95\" > <div class=\"tiled-gallery-item tiled-gallery-item-small\" itemprop=\"associatedMedia\" itemscope itemtype=\"http:\/\/schema.org\/ImageObject\"> <a href=\"https:\/\/mincomercionacional.gob.ve\/?attachment_id=8642\" border=\"0\" itemprop=\"url\"> <meta itemprop=\"width\" content=\"121\"> <meta itemprop=\"height\" content=\"91\"> <img decoding=\"async\" class=\"\" data-attachment-id=\"8642\" data-orig-file=\"https:\/\/mincomercionacional.gob.ve\/wp-content\/uploads\/2021\/11\/photo1637341691.jpeg\" data-orig-size=\"1280,960\" data-comments-opened=\"\" data-image-meta=\"{&quot;aperture&quot;:&quot;0&quot;,&quot;credit&quot;:&quot;&quot;,&quot;camera&quot;:&quot;&quot;,&quot;caption&quot;:&quot;&quot;,&quot;created_timestamp&quot;:&quot;0&quot;,&quot;copyright&quot;:&quot;&quot;,&quot;focal_length&quot;:&quot;0&quot;,&quot;iso&quot;:&quot;0&quot;,&quot;shutter_speed&quot;:&quot;0&quot;,&quot;title&quot;:&quot;&quot;,&quot;orientation&quot;:&quot;0&quot;}\" data-image-title=\"La Ministra \u00c1lvarez liderando la fiscalizaci\u00f3n\" data-image-description=\"\" data-medium-file=\"https:\/\/i0.wp.com\/mincomercionacional.gob.ve\/wp-content\/uploads\/2021\/11\/photo1637341691.jpeg?fit=300%2C225&#038;ssl=1\" data-large-file=\"https:\/\/i0.wp.com\/mincomercionacional.gob.ve\/wp-content\/uploads\/2021\/11\/photo1637341691.jpeg?fit=1024%2C768&#038;ssl=1\" src=\"https:\/\/i0.wp.com\/mincomercionacional.gob.ve\/wp-content\/uploads\/2021\/11\/photo1637341691.jpeg?w=121&#038;h=91&#038;ssl=1\" width=\"121\" height=\"91\" loading=\"lazy\" data-original-width=\"121\" data-original-height=\"91\" itemprop=\"http:\/\/schema.org\/image\" title=\"La Ministra \u00c1lvarez liderando la fiscalizaci\u00f3n\" alt=\"La Ministra \u00c1lvarez liderando la fiscalizaci\u00f3n\" style=\"width: 121px; height: 91px;\" \/> <\/a> <div class=\"tiled-gallery-caption\" itemprop=\"caption description\"> La Ministra \u00c1lvarez liderando la fiscalizaci\u00f3n <\/div> <\/div> <\/div> <!-- close group --> <div class=\"gallery-group images-1\" style=\"width: 125px; height: 95px;\" data-original-width=\"125\" data-original-height=\"95\" > <div class=\"tiled-gallery-item tiled-gallery-item-small\" itemprop=\"associatedMedia\" itemscope itemtype=\"http:\/\/schema.org\/ImageObject\"> <a href=\"https:\/\/mincomercionacional.gob.ve\/?attachment_id=8641\" border=\"0\" itemprop=\"url\"> <meta itemprop=\"width\" content=\"121\"> <meta itemprop=\"height\" content=\"91\"> <img decoding=\"async\" class=\"\" data-attachment-id=\"8641\" data-orig-file=\"https:\/\/mincomercionacional.gob.ve\/wp-content\/uploads\/2021\/11\/photo1637341689.jpeg\" data-orig-size=\"1280,960\" data-comments-opened=\"\" data-image-meta=\"{&quot;aperture&quot;:&quot;0&quot;,&quot;credit&quot;:&quot;&quot;,&quot;camera&quot;:&quot;&quot;,&quot;caption&quot;:&quot;&quot;,&quot;created_timestamp&quot;:&quot;0&quot;,&quot;copyright&quot;:&quot;&quot;,&quot;focal_length&quot;:&quot;0&quot;,&quot;iso&quot;:&quot;0&quot;,&quot;shutter_speed&quot;:&quot;0&quot;,&quot;title&quot;:&quot;&quot;,&quot;orientation&quot;:&quot;0&quot;}\" data-image-title=\"La Ministra \u00c1lvarez liderando la fiscalizaci\u00f3n\" data-image-description=\"\" data-medium-file=\"https:\/\/i0.wp.com\/mincomercionacional.gob.ve\/wp-content\/uploads\/2021\/11\/photo1637341689.jpeg?fit=300%2C225&#038;ssl=1\" data-large-file=\"https:\/\/i0.wp.com\/mincomercionacional.gob.ve\/wp-content\/uploads\/2021\/11\/photo1637341689.jpeg?fit=1024%2C768&#038;ssl=1\" src=\"https:\/\/i0.wp.com\/mincomercionacional.gob.ve\/wp-content\/uploads\/2021\/11\/photo1637341689.jpeg?w=121&#038;h=91&#038;ssl=1\" width=\"121\" height=\"91\" loading=\"lazy\" data-original-width=\"121\" data-original-height=\"91\" itemprop=\"http:\/\/schema.org\/image\" title=\"La Ministra \u00c1lvarez liderando la fiscalizaci\u00f3n\" alt=\"La Ministra \u00c1lvarez liderando la fiscalizaci\u00f3n\" style=\"width: 121px; height: 91px;\" \/> <\/a> <div class=\"tiled-gallery-caption\" itemprop=\"caption description\"> La Ministra \u00c1lvarez liderando la fiscalizaci\u00f3n <\/div> <\/div> <\/div> <!-- close group --> <div class=\"gallery-group images-1\" style=\"width: 125px; height: 95px;\" data-original-width=\"125\" data-original-height=\"95\" > <div class=\"tiled-gallery-item tiled-gallery-item-small\" itemprop=\"associatedMedia\" itemscope itemtype=\"http:\/\/schema.org\/ImageObject\"> <a href=\"https:\/\/mincomercionacional.gob.ve\/?attachment_id=8647\" border=\"0\" itemprop=\"url\"> <meta itemprop=\"width\" content=\"121\"> <meta itemprop=\"height\" content=\"91\"> <img decoding=\"async\" class=\"\" data-attachment-id=\"8647\" data-orig-file=\"https:\/\/mincomercionacional.gob.ve\/wp-content\/uploads\/2021\/11\/b4407b17-786e-4da7-97fe-372b6ee06f89.jpg\" data-orig-size=\"1280,960\" data-comments-opened=\"\" data-image-meta=\"{&quot;aperture&quot;:&quot;0&quot;,&quot;credit&quot;:&quot;&quot;,&quot;camera&quot;:&quot;&quot;,&quot;caption&quot;:&quot;&quot;,&quot;created_timestamp&quot;:&quot;0&quot;,&quot;copyright&quot;:&quot;&quot;,&quot;focal_length&quot;:&quot;0&quot;,&quot;iso&quot;:&quot;0&quot;,&quot;shutter_speed&quot;:&quot;0&quot;,&quot;title&quot;:&quot;&quot;,&quot;orientation&quot;:&quot;1&quot;}\" data-image-title=\"La Ministra \u00c1lvarez liderando la fiscalizaci\u00f3n\" data-image-description=\"\" data-medium-file=\"https:\/\/i0.wp.com\/mincomercionacional.gob.ve\/wp-content\/uploads\/2021\/11\/b4407b17-786e-4da7-97fe-372b6ee06f89.jpg?fit=300%2C225&#038;ssl=1\" data-large-file=\"https:\/\/i0.wp.com\/mincomercionacional.gob.ve\/wp-content\/uploads\/2021\/11\/b4407b17-786e-4da7-97fe-372b6ee06f89.jpg?fit=1024%2C768&#038;ssl=1\" src=\"https:\/\/i0.wp.com\/mincomercionacional.gob.ve\/wp-content\/uploads\/2021\/11\/b4407b17-786e-4da7-97fe-372b6ee06f89.jpg?w=121&#038;h=91&#038;ssl=1\" width=\"121\" height=\"91\" loading=\"lazy\" data-original-width=\"121\" data-original-height=\"91\" itemprop=\"http:\/\/schema.org\/image\" title=\"La Ministra \u00c1lvarez liderando la fiscalizaci\u00f3n\" alt=\"La Ministra \u00c1lvarez liderando la fiscalizaci\u00f3n\" style=\"width: 121px; height: 91px;\" \/> <\/a> <div class=\"tiled-gallery-caption\" itemprop=\"caption description\"> La Ministra \u00c1lvarez liderando la fiscalizaci\u00f3n <\/div> <\/div> <\/div> <!-- close group --> <\/div> <!-- close row --> <\/div>\n","protected":false},"excerpt":{"rendered":"<p>La Ministra del Poder Popular de Comercio Nacional, Dheliz \u00c1lvarez, lider\u00f3 una jornada de inspecci\u00f3n en los establecimientos comerciales de la ciudad capital de la Rep\u00fablica Bolivariana de Venezuela. Acompa\u00f1ada por los fiscales de la Superintendencia Nacional para la Defensa de los Derechos Socioecon\u00f3micos, comprob\u00f3 que los comercios est\u00e1n abastecidos, acatando los precios de los &hellip;<\/p>\n","protected":false},"author":12,"featured_media":8647,"comment_status":"closed","ping_status":"open","sticky":false,"template":"","format":"standard","meta":{"footnotes":""},"categories":[1256,79,1],"tags":[702,48,736,830,303,829,763,59,831,115],"class_list":["post-8640","post","type-post","status-publish","format-standard","has-post-thumbnail","hentry","category-comercio-nacional","category-noticias","category-prensa","tag-bioseguridad","tag-covid-19","tag-dheliz-alvarez","tag-extorsion","tag-fiscalizacion","tag-ministerio-nacional-de-comercio","tag-semaforo-de-acceso","tag-sundde","tag-usuarias","tag-usuarios"],"jetpack_featured_media_url":"https:\/\/i0.wp.com\/mincomercionacional.gob.ve\/wp-content\/uploads\/2021\/11\/b4407b17-786e-4da7-97fe-372b6ee06f89.jpg?fit=1280%2C960&ssl=1","jetpack_shortlink":"https:\/\/wp.me\/pbvjg9-2fm","_links":{"self":[{"href":"https:\/\/mincomercionacional.gob.ve\/index.php?rest_route=\/wp\/v2\/posts\/8640","targetHints":{"allow":["GET"]}}],"collection":[{"href":"https:\/\/mincomercionacional.gob.ve\/index.php?rest_route=\/wp\/v2\/posts"}],"about":[{"href":"https:\/\/mincomercionacional.gob.ve\/index.php?rest_route=\/wp\/v2\/types\/post"}],"author":[{"embeddable":true,"href":"https:\/\/mincomercionacional.gob.ve\/index.php?rest_route=\/wp\/v2\/users\/12"}],"replies":[{"embeddable":true,"href":"https:\/\/mincomercionacional.gob.ve\/index.php?rest_route=%2Fwp%2Fv2%2Fcomments&post=8640"}],"version-history":[{"count":1,"href":"https:\/\/mincomercionacional.gob.ve\/index.php?rest_route=\/wp\/v2\/posts\/8640\/revisions"}],"predecessor-version":[{"id":8654,"href":"https:\/\/mincomercionacional.gob.ve\/index.php?rest_route=\/wp\/v2\/posts\/8640\/revisions\/8654"}],"wp:featuredmedia":[{"embeddable":true,"href":"https:\/\/mincomercionacional.gob.ve\/index.php?rest_route=\/wp\/v2\/media\/8647"}],"wp:attachment":[{"href":"https:\/\/mincomercionacional.gob.ve\/index.php?rest_route=%2Fwp%2Fv2%2Fmedia&parent=8640"}],"wp:term":[{"taxonomy":"category","embeddable":true,"href":"https:\/\/mincomercionacional.gob.ve\/index.php?rest_route=%2Fwp%2Fv2%2Fcategories&post=8640"},{"taxonomy":"post_tag","embeddable":true,"href":"https:\/\/mincomercionacional.gob.ve\/index.php?rest_route=%2Fwp%2Fv2%2Ftags&post=8640"}],"curies":[{"name":"wp","href":"https:\/\/api.w.org\/{rel}","templated":true}]}}