{"id":8499,"date":"2021-11-10T23:18:26","date_gmt":"2021-11-11T03:18:26","guid":{"rendered":"http:\/\/mincomercionacional.gob.ve\/?p=8499"},"modified":"2021-11-10T23:18:26","modified_gmt":"2021-11-11T03:18:26","slug":"sencamer-promueve-cultura-de-la-calidad","status":"publish","type":"post","link":"https:\/\/mincomercionacional.gob.ve\/?p=8499","title":{"rendered":"Sencamer promueve cultura de la calidad"},"content":{"rendered":"<p style=\"text-align: justify;\">Como motivo de la celebraci\u00f3n del D\u00eda Mundial de la Calidad, el Servicio Desconcentrado de Normalizaci\u00f3n, Calidad, Metrolog\u00eda y Reglamentos T\u00e9cnicos (Sencamer), realiz\u00f3 el Webinar \u201cHablemos de Calidad\u201d.<\/p>\n<p style=\"text-align: justify;\">Se trat\u00f3 de una actividad que reuni\u00f3 a representantes y expertos en materia de comercio exterior, cultura, turismo e industria nacional, para promover la cultura de la calidad y la mejora continua de los procesos productivos en las empresas, organizaciones e instituciones.<\/p>\n<p style=\"text-align: justify;\">Juan Free Romero, vicepresidente de Promoci\u00f3n, Exportaci\u00f3n e Inversi\u00f3n del Banco de Comercio Exterior (Bancoex), expres\u00f3 que promueven asesor\u00edas personalizadas y acompa\u00f1an a los clientes en materia de calidad, para garantizar que los productos puedan exportarse con altos est\u00e1ndares de calidad.<\/p>\n<p style=\"text-align: justify;\">La presidenta de la C\u00e1mara Venezolana de Calzado de la Peque\u00f1a y Mediana Industria (Calzapymi), Marie Jeanne Costa, expres\u00f3 que la calidad es la herramienta principal que tienen los empresarios para distinguirse de sus competidores y es un orgullo obtener el sello Norven.<\/p>\n<p style=\"text-align: justify;\">La directora ejecutiva de la Asociaci\u00f3n Venezolana de Hoteles Cinco Estrellas (Avecintel), Mar\u00eda Vel\u00e1squez, destac\u00f3 que los integrantes de la asociaci\u00f3n est\u00e1n contentos porque se encuentran en una fase de cooperaci\u00f3n con el ente rector de la calidad en el pa\u00eds.<\/p>\n<p style=\"text-align: justify;\">Durante la actividad, que se transmiti\u00f3 v\u00eda redes sociales, tambi\u00e9n se convers\u00f3 sobre el \u201cSello Bien Venezolano, Hecho a Mano\u201d; Mar\u00eda Inojosa, directora para la Participaci\u00f3n en la Cultura Productiva del Viceministerio de Fomento para la Econom\u00eda Cultural, destac\u00f3 que con el sello se certifican los productos artesanales que poseen la calidad ideal para distribuirse en los mercados nacionales e internacionales.<\/p>\n","protected":false},"excerpt":{"rendered":"<p>Como motivo de la celebraci\u00f3n del D\u00eda Mundial de la Calidad, el Servicio Desconcentrado de Normalizaci\u00f3n, Calidad, Metrolog\u00eda y Reglamentos T\u00e9cnicos (Sencamer), realiz\u00f3 el Webinar \u201cHablemos de Calidad\u201d. Se trat\u00f3 de una actividad que reuni\u00f3 a representantes y expertos en materia de comercio exterior, cultura, turismo e industria nacional, para promover la cultura de la &hellip;<\/p>\n","protected":false},"author":12,"featured_media":8500,"comment_status":"closed","ping_status":"open","sticky":false,"template":"","format":"standard","meta":{"footnotes":""},"categories":[79,1],"tags":[728,800,300,801,736,797,803,34,799,802,60,804,798],"class_list":["post-8499","post","type-post","status-publish","format-standard","has-post-thumbnail","hentry","category-noticias","category-prensa","tag-bancoex","tag-avecintel","tag-calidad","tag-calzapymi","tag-dheliz-alvarez","tag-hablemos-de-calidad","tag-hecho-a-mano","tag-ministerio-de-comercio-nacional","tag-norven","tag-sello-bien-venezolano","tag-sencamer","tag-viceministerio-de-fomento-para-la-economia-cultural","tag-webinar"],"jetpack_featured_media_url":"https:\/\/i0.wp.com\/mincomercionacional.gob.ve\/wp-content\/uploads\/2021\/11\/photo1636554178.jpeg?fit=1199%2C554&ssl=1","jetpack_shortlink":"https:\/\/wp.me\/pbvjg9-2d5","_links":{"self":[{"href":"https:\/\/mincomercionacional.gob.ve\/index.php?rest_route=\/wp\/v2\/posts\/8499","targetHints":{"allow":["GET"]}}],"collection":[{"href":"https:\/\/mincomercionacional.gob.ve\/index.php?rest_route=\/wp\/v2\/posts"}],"about":[{"href":"https:\/\/mincomercionacional.gob.ve\/index.php?rest_route=\/wp\/v2\/types\/post"}],"author":[{"embeddable":true,"href":"https:\/\/mincomercionacional.gob.ve\/index.php?rest_route=\/wp\/v2\/users\/12"}],"replies":[{"embeddable":true,"href":"https:\/\/mincomercionacional.gob.ve\/index.php?rest_route=%2Fwp%2Fv2%2Fcomments&post=8499"}],"version-history":[{"count":1,"href":"https:\/\/mincomercionacional.gob.ve\/index.php?rest_route=\/wp\/v2\/posts\/8499\/revisions"}],"predecessor-version":[{"id":8501,"href":"https:\/\/mincomercionacional.gob.ve\/index.php?rest_route=\/wp\/v2\/posts\/8499\/revisions\/8501"}],"wp:featuredmedia":[{"embeddable":true,"href":"https:\/\/mincomercionacional.gob.ve\/index.php?rest_route=\/wp\/v2\/media\/8500"}],"wp:attachment":[{"href":"https:\/\/mincomercionacional.gob.ve\/index.php?rest_route=%2Fwp%2Fv2%2Fmedia&parent=8499"}],"wp:term":[{"taxonomy":"category","embeddable":true,"href":"https:\/\/mincomercionacional.gob.ve\/index.php?rest_route=%2Fwp%2Fv2%2Fcategories&post=8499"},{"taxonomy":"post_tag","embeddable":true,"href":"https:\/\/mincomercionacional.gob.ve\/index.php?rest_route=%2Fwp%2Fv2%2Ftags&post=8499"}],"curies":[{"name":"wp","href":"https:\/\/api.w.org\/{rel}","templated":true}]}}