{"id":8484,"date":"2021-11-10T18:34:00","date_gmt":"2021-11-10T22:34:00","guid":{"rendered":"http:\/\/mincomercionacional.gob.ve\/?p=8484"},"modified":"2021-11-10T18:34:00","modified_gmt":"2021-11-10T22:34:00","slug":"sundde-instalo-puntos-de-atencion-al-usuario-en-centros-comerciales-de-caracas","status":"publish","type":"post","link":"https:\/\/mincomercionacional.gob.ve\/?p=8484","title":{"rendered":"Sundde instal\u00f3 puntos de atenci\u00f3n al usuario en centros comerciales de Caracas"},"content":{"rendered":"<p style=\"text-align: justify;\">La Superintendencia Nacional para la Defensa de los Derechos Socioecon\u00f3micos (Sundde), instal\u00f3 en los principales centros comerciales de la ciudad capital, puntos estrat\u00e9gicos de atenci\u00f3n para las usuarias y los usuarios.<\/p>\n<p style=\"text-align: justify;\">Por instrucciones precisas de la Ministra del Poder Popular de Comercio Nacional, <a href=\"https:\/\/twitter.com\/DhelizAlvarez\">Dheliz \u00c1lvarez<\/a>, los fiscales de la Sundde permanecer\u00e1n en los reconocidos y concurridos centros comerciales: Sambil, Recreo, Tol\u00f3n, San Ignacio, Milenium y City Market, a disposici\u00f3n de la ciudadan\u00eda.<\/p>\n<p style=\"text-align: justify;\">Cualquier usuario o usuaria que detecte una irregularidad, debe reportarla en el punto Sundde y de inmediato, un fiscal visitar\u00e1 el comercio para proteger los derechos del pueblo de cualquier distorsi\u00f3n en la temporada navide\u00f1a.<\/p>\n<p style=\"text-align: justify;\">La vigilancia, se incrementar\u00e1 en todos los estados del territorio de la Rep\u00fablica Bolivariana de Venezuela. El Gobierno Nacional, exhorta a los consumidores y las consumidoras, a denunciar cualquier pr\u00e1ctica que atente contra la salud y la econom\u00eda.<\/p>\n<p>&nbsp;<\/p>\n<div class=\"tiled-gallery type-rectangular tiled-gallery-unresized\" data-original-width=\"500\" data-carousel-extra='{&quot;blog_id&quot;:1,&quot;permalink&quot;:&quot;https:\\\/\\\/mincomercionacional.gob.ve\\\/?p=8484&quot;,&quot;likes_blog_id&quot;:170001901}' itemscope itemtype=\"http:\/\/schema.org\/ImageGallery\" > <div class=\"gallery-row\" style=\"width: 500px; height: 214px;\" data-original-width=\"500\" data-original-height=\"214\" > <div class=\"gallery-group images-1\" style=\"width: 378px; height: 214px;\" data-original-width=\"378\" data-original-height=\"214\" > <div class=\"tiled-gallery-item tiled-gallery-item-large\" itemprop=\"associatedMedia\" itemscope itemtype=\"http:\/\/schema.org\/ImageObject\"> <a href=\"https:\/\/mincomercionacional.gob.ve\/?attachment_id=8487\" border=\"0\" itemprop=\"url\"> <meta itemprop=\"width\" content=\"374\"> <meta itemprop=\"height\" content=\"210\"> <img decoding=\"async\" class=\"\" data-attachment-id=\"8487\" data-orig-file=\"https:\/\/mincomercionacional.gob.ve\/wp-content\/uploads\/2021\/11\/WhatsApp-Image-2021-11-10-at-6.07.33-PM-1.jpeg\" data-orig-size=\"1000,563\" data-comments-opened=\"\" data-image-meta=\"{&quot;aperture&quot;:&quot;0&quot;,&quot;credit&quot;:&quot;&quot;,&quot;camera&quot;:&quot;&quot;,&quot;caption&quot;:&quot;&quot;,&quot;created_timestamp&quot;:&quot;0&quot;,&quot;copyright&quot;:&quot;&quot;,&quot;focal_length&quot;:&quot;0&quot;,&quot;iso&quot;:&quot;0&quot;,&quot;shutter_speed&quot;:&quot;0&quot;,&quot;title&quot;:&quot;&quot;,&quot;orientation&quot;:&quot;0&quot;}\" data-image-title=\"Punto de atenci\u00f3n al usuario en el Centro Comercial Millennium\" data-image-description=\"\" data-medium-file=\"https:\/\/i0.wp.com\/mincomercionacional.gob.ve\/wp-content\/uploads\/2021\/11\/WhatsApp-Image-2021-11-10-at-6.07.33-PM-1.jpeg?fit=300%2C169&#038;ssl=1\" data-large-file=\"https:\/\/i0.wp.com\/mincomercionacional.gob.ve\/wp-content\/uploads\/2021\/11\/WhatsApp-Image-2021-11-10-at-6.07.33-PM-1.jpeg?fit=1000%2C563&#038;ssl=1\" src=\"https:\/\/i0.wp.com\/mincomercionacional.gob.ve\/wp-content\/uploads\/2021\/11\/WhatsApp-Image-2021-11-10-at-6.07.33-PM-1.jpeg?w=374&#038;h=210&#038;ssl=1\" width=\"374\" height=\"210\" loading=\"lazy\" data-original-width=\"374\" data-original-height=\"210\" itemprop=\"http:\/\/schema.org\/image\" title=\"Punto de atenci\u00f3n al usuario en el Centro Comercial Millennium\" alt=\"Punto de atenci\u00f3n al usuario en el Centro Comercial Millennium\" style=\"width: 374px; height: 210px;\" \/> <\/a> <\/div> <\/div> <!-- close group --> <div class=\"gallery-group images-1\" style=\"width: 122px; height: 214px;\" data-original-width=\"122\" data-original-height=\"214\" > <div class=\"tiled-gallery-item tiled-gallery-item-small\" itemprop=\"associatedMedia\" itemscope itemtype=\"http:\/\/schema.org\/ImageObject\"> <a href=\"https:\/\/mincomercionacional.gob.ve\/?attachment_id=8488\" border=\"0\" itemprop=\"url\"> <meta itemprop=\"width\" content=\"118\"> <meta itemprop=\"height\" content=\"210\"> <img decoding=\"async\" class=\"\" data-attachment-id=\"8488\" data-orig-file=\"https:\/\/mincomercionacional.gob.ve\/wp-content\/uploads\/2021\/11\/WhatsApp-Image-2021-11-10-at-6.07.35-PM.jpeg\" data-orig-size=\"562,1000\" data-comments-opened=\"\" data-image-meta=\"{&quot;aperture&quot;:&quot;0&quot;,&quot;credit&quot;:&quot;&quot;,&quot;camera&quot;:&quot;&quot;,&quot;caption&quot;:&quot;&quot;,&quot;created_timestamp&quot;:&quot;0&quot;,&quot;copyright&quot;:&quot;&quot;,&quot;focal_length&quot;:&quot;0&quot;,&quot;iso&quot;:&quot;0&quot;,&quot;shutter_speed&quot;:&quot;0&quot;,&quot;title&quot;:&quot;&quot;,&quot;orientation&quot;:&quot;0&quot;}\" data-image-title=\"Punto de atenci\u00f3n al usuario en el Centro Comercial City Market\" data-image-description=\"\" data-medium-file=\"https:\/\/i0.wp.com\/mincomercionacional.gob.ve\/wp-content\/uploads\/2021\/11\/WhatsApp-Image-2021-11-10-at-6.07.35-PM.jpeg?fit=169%2C300&#038;ssl=1\" data-large-file=\"https:\/\/i0.wp.com\/mincomercionacional.gob.ve\/wp-content\/uploads\/2021\/11\/WhatsApp-Image-2021-11-10-at-6.07.35-PM.jpeg?fit=562%2C1000&#038;ssl=1\" src=\"https:\/\/i0.wp.com\/mincomercionacional.gob.ve\/wp-content\/uploads\/2021\/11\/WhatsApp-Image-2021-11-10-at-6.07.35-PM.jpeg?w=118&#038;h=210&#038;ssl=1\" width=\"118\" height=\"210\" loading=\"lazy\" data-original-width=\"118\" data-original-height=\"210\" itemprop=\"http:\/\/schema.org\/image\" title=\"Punto de atenci\u00f3n al usuario en el Centro Comercial City Market\" alt=\"Punto de atenci\u00f3n al usuario en el Centro Comercial City Market\" style=\"width: 118px; height: 210px;\" \/> <\/a> <\/div> <\/div> <!-- close group --> <\/div> <!-- close row --> <div class=\"gallery-row\" style=\"width: 500px; height: 351px;\" data-original-width=\"500\" data-original-height=\"351\" > <div class=\"gallery-group images-1\" style=\"width: 264px; height: 351px;\" data-original-width=\"264\" data-original-height=\"351\" > <div class=\"tiled-gallery-item tiled-gallery-item-large\" itemprop=\"associatedMedia\" itemscope itemtype=\"http:\/\/schema.org\/ImageObject\"> <a href=\"https:\/\/mincomercionacional.gob.ve\/?attachment_id=8490\" border=\"0\" itemprop=\"url\"> <meta itemprop=\"width\" content=\"260\"> <meta itemprop=\"height\" content=\"347\"> <img decoding=\"async\" class=\"\" data-attachment-id=\"8490\" data-orig-file=\"https:\/\/mincomercionacional.gob.ve\/wp-content\/uploads\/2021\/11\/WhatsApp-Image-2021-11-10-at-6.07.34-PM-2.jpeg\" data-orig-size=\"756,1008\" data-comments-opened=\"\" data-image-meta=\"{&quot;aperture&quot;:&quot;0&quot;,&quot;credit&quot;:&quot;&quot;,&quot;camera&quot;:&quot;&quot;,&quot;caption&quot;:&quot;&quot;,&quot;created_timestamp&quot;:&quot;0&quot;,&quot;copyright&quot;:&quot;&quot;,&quot;focal_length&quot;:&quot;0&quot;,&quot;iso&quot;:&quot;0&quot;,&quot;shutter_speed&quot;:&quot;0&quot;,&quot;title&quot;:&quot;&quot;,&quot;orientation&quot;:&quot;0&quot;}\" data-image-title=\"Punto de atenci\u00f3n al usuario en el Centro Comercial El Recreo\" data-image-description=\"\" data-medium-file=\"https:\/\/i0.wp.com\/mincomercionacional.gob.ve\/wp-content\/uploads\/2021\/11\/WhatsApp-Image-2021-11-10-at-6.07.34-PM-2.jpeg?fit=225%2C300&#038;ssl=1\" data-large-file=\"https:\/\/i0.wp.com\/mincomercionacional.gob.ve\/wp-content\/uploads\/2021\/11\/WhatsApp-Image-2021-11-10-at-6.07.34-PM-2.jpeg?fit=756%2C1008&#038;ssl=1\" src=\"https:\/\/i0.wp.com\/mincomercionacional.gob.ve\/wp-content\/uploads\/2021\/11\/WhatsApp-Image-2021-11-10-at-6.07.34-PM-2.jpeg?w=260&#038;h=347&#038;ssl=1\" width=\"260\" height=\"347\" loading=\"lazy\" data-original-width=\"260\" data-original-height=\"347\" itemprop=\"http:\/\/schema.org\/image\" title=\"Punto de atenci\u00f3n al usuario en el Centro Comercial El Recreo\" alt=\"Punto de atenci\u00f3n al usuario en el Centro Comercial El Recreo\" style=\"width: 260px; height: 347px;\" \/> <\/a> <\/div> <\/div> <!-- close group --> <div class=\"gallery-group images-2\" style=\"width: 236px; height: 351px;\" data-original-width=\"236\" data-original-height=\"351\" > <div class=\"tiled-gallery-item tiled-gallery-item-small\" itemprop=\"associatedMedia\" itemscope itemtype=\"http:\/\/schema.org\/ImageObject\"> <a href=\"https:\/\/mincomercionacional.gob.ve\/?attachment_id=8491\" border=\"0\" itemprop=\"url\"> <meta itemprop=\"width\" content=\"232\"> <meta itemprop=\"height\" content=\"174\"> <img decoding=\"async\" class=\"\" data-attachment-id=\"8491\" data-orig-file=\"https:\/\/mincomercionacional.gob.ve\/wp-content\/uploads\/2021\/11\/WhatsApp-Image-2021-11-10-at-6.07.34-PM-1.jpeg\" data-orig-size=\"1000,748\" data-comments-opened=\"\" data-image-meta=\"{&quot;aperture&quot;:&quot;0&quot;,&quot;credit&quot;:&quot;&quot;,&quot;camera&quot;:&quot;&quot;,&quot;caption&quot;:&quot;&quot;,&quot;created_timestamp&quot;:&quot;0&quot;,&quot;copyright&quot;:&quot;&quot;,&quot;focal_length&quot;:&quot;0&quot;,&quot;iso&quot;:&quot;0&quot;,&quot;shutter_speed&quot;:&quot;0&quot;,&quot;title&quot;:&quot;&quot;,&quot;orientation&quot;:&quot;0&quot;}\" data-image-title=\"WhatsApPunto de atenci\u00f3n al usuario en el Centro Comercial San IgnacioPunto de atenci\u00f3n al usuario en el Centro Comercial San Ignaciop Image 2021-11-10 at 6.07.34 PM (1)\" data-image-description=\"\" data-medium-file=\"https:\/\/i0.wp.com\/mincomercionacional.gob.ve\/wp-content\/uploads\/2021\/11\/WhatsApp-Image-2021-11-10-at-6.07.34-PM-1.jpeg?fit=300%2C224&#038;ssl=1\" data-large-file=\"https:\/\/i0.wp.com\/mincomercionacional.gob.ve\/wp-content\/uploads\/2021\/11\/WhatsApp-Image-2021-11-10-at-6.07.34-PM-1.jpeg?fit=1000%2C748&#038;ssl=1\" src=\"https:\/\/i0.wp.com\/mincomercionacional.gob.ve\/wp-content\/uploads\/2021\/11\/WhatsApp-Image-2021-11-10-at-6.07.34-PM-1.jpeg?w=232&#038;h=174&#038;ssl=1\" width=\"232\" height=\"174\" loading=\"lazy\" data-original-width=\"232\" data-original-height=\"174\" itemprop=\"http:\/\/schema.org\/image\" title=\"WhatsApPunto de atenci\u00f3n al usuario en el Centro Comercial San IgnacioPunto de atenci\u00f3n al usuario en el Centro Comercial San Ignaciop Image 2021-11-10 at 6.07.34 PM (1)\" alt=\"WhatsApPunto de atenci\u00f3n al usuario en el Centro Comercial San IgnacioPunto de atenci\u00f3n al usuario en el Centro Comercial San Ignaciop Image 2021-11-10 at 6.07.34 PM (1)\" style=\"width: 232px; height: 174px;\" \/> <\/a> <\/div> <div class=\"tiled-gallery-item tiled-gallery-item-small\" itemprop=\"associatedMedia\" itemscope itemtype=\"http:\/\/schema.org\/ImageObject\"> <a href=\"https:\/\/mincomercionacional.gob.ve\/?attachment_id=8489\" border=\"0\" itemprop=\"url\"> <meta itemprop=\"width\" content=\"232\"> <meta itemprop=\"height\" content=\"169\"> <img decoding=\"async\" class=\"\" data-attachment-id=\"8489\" data-orig-file=\"https:\/\/mincomercionacional.gob.ve\/wp-content\/uploads\/2021\/11\/WhatsApp-Image-2021-11-10-at-6.07.34-PM-3.jpeg\" data-orig-size=\"1080,786\" data-comments-opened=\"\" data-image-meta=\"{&quot;aperture&quot;:&quot;0&quot;,&quot;credit&quot;:&quot;&quot;,&quot;camera&quot;:&quot;&quot;,&quot;caption&quot;:&quot;&quot;,&quot;created_timestamp&quot;:&quot;0&quot;,&quot;copyright&quot;:&quot;&quot;,&quot;focal_length&quot;:&quot;0&quot;,&quot;iso&quot;:&quot;0&quot;,&quot;shutter_speed&quot;:&quot;0&quot;,&quot;title&quot;:&quot;&quot;,&quot;orientation&quot;:&quot;0&quot;}\" data-image-title=\"Punto de atenci\u00f3n al usuario en el Centro Comercial Sambil\" data-image-description=\"\" data-medium-file=\"https:\/\/i0.wp.com\/mincomercionacional.gob.ve\/wp-content\/uploads\/2021\/11\/WhatsApp-Image-2021-11-10-at-6.07.34-PM-3.jpeg?fit=300%2C218&#038;ssl=1\" data-large-file=\"https:\/\/i0.wp.com\/mincomercionacional.gob.ve\/wp-content\/uploads\/2021\/11\/WhatsApp-Image-2021-11-10-at-6.07.34-PM-3.jpeg?fit=1024%2C745&#038;ssl=1\" src=\"https:\/\/i0.wp.com\/mincomercionacional.gob.ve\/wp-content\/uploads\/2021\/11\/WhatsApp-Image-2021-11-10-at-6.07.34-PM-3.jpeg?w=232&#038;h=169&#038;ssl=1\" width=\"232\" height=\"169\" loading=\"lazy\" data-original-width=\"232\" data-original-height=\"169\" itemprop=\"http:\/\/schema.org\/image\" title=\"Punto de atenci\u00f3n al usuario en el Centro Comercial Sambil\" alt=\"Punto de atenci\u00f3n al usuario en el Centro Comercial Sambil\" style=\"width: 232px; height: 169px;\" \/> <\/a> <\/div> <\/div> <!-- close group --> <\/div> <!-- close row --> <\/div>\n","protected":false},"excerpt":{"rendered":"<p>La Superintendencia Nacional para la Defensa de los Derechos Socioecon\u00f3micos (Sundde), instal\u00f3 en los principales centros comerciales de la ciudad capital, puntos estrat\u00e9gicos de atenci\u00f3n para las usuarias y los usuarios. Por instrucciones precisas de la Ministra del Poder Popular de Comercio Nacional, Dheliz \u00c1lvarez, los fiscales de la Sundde permanecer\u00e1n en los reconocidos y &hellip;<\/p>\n","protected":false},"author":12,"featured_media":8487,"comment_status":"closed","ping_status":"open","sticky":false,"template":"","format":"standard","meta":{"footnotes":""},"categories":[79],"tags":[736,514,303,34,786,787,59],"class_list":["post-8484","post","type-post","status-publish","format-standard","has-post-thumbnail","hentry","category-noticias","tag-dheliz-alvarez","tag-fiscales","tag-fiscalizacion","tag-ministerio-de-comercio-nacional","tag-proteccion-al-usuario-y-usuaria","tag-puntos-de-atencion","tag-sundde"],"jetpack_featured_media_url":"https:\/\/i0.wp.com\/mincomercionacional.gob.ve\/wp-content\/uploads\/2021\/11\/WhatsApp-Image-2021-11-10-at-6.07.33-PM-1.jpeg?fit=1000%2C563&ssl=1","jetpack_shortlink":"https:\/\/wp.me\/pbvjg9-2cQ","_links":{"self":[{"href":"https:\/\/mincomercionacional.gob.ve\/index.php?rest_route=\/wp\/v2\/posts\/8484","targetHints":{"allow":["GET"]}}],"collection":[{"href":"https:\/\/mincomercionacional.gob.ve\/index.php?rest_route=\/wp\/v2\/posts"}],"about":[{"href":"https:\/\/mincomercionacional.gob.ve\/index.php?rest_route=\/wp\/v2\/types\/post"}],"author":[{"embeddable":true,"href":"https:\/\/mincomercionacional.gob.ve\/index.php?rest_route=\/wp\/v2\/users\/12"}],"replies":[{"embeddable":true,"href":"https:\/\/mincomercionacional.gob.ve\/index.php?rest_route=%2Fwp%2Fv2%2Fcomments&post=8484"}],"version-history":[{"count":1,"href":"https:\/\/mincomercionacional.gob.ve\/index.php?rest_route=\/wp\/v2\/posts\/8484\/revisions"}],"predecessor-version":[{"id":8492,"href":"https:\/\/mincomercionacional.gob.ve\/index.php?rest_route=\/wp\/v2\/posts\/8484\/revisions\/8492"}],"wp:featuredmedia":[{"embeddable":true,"href":"https:\/\/mincomercionacional.gob.ve\/index.php?rest_route=\/wp\/v2\/media\/8487"}],"wp:attachment":[{"href":"https:\/\/mincomercionacional.gob.ve\/index.php?rest_route=%2Fwp%2Fv2%2Fmedia&parent=8484"}],"wp:term":[{"taxonomy":"category","embeddable":true,"href":"https:\/\/mincomercionacional.gob.ve\/index.php?rest_route=%2Fwp%2Fv2%2Fcategories&post=8484"},{"taxonomy":"post_tag","embeddable":true,"href":"https:\/\/mincomercionacional.gob.ve\/index.php?rest_route=%2Fwp%2Fv2%2Ftags&post=8484"}],"curies":[{"name":"wp","href":"https:\/\/api.w.org\/{rel}","templated":true}]}}