{"id":8466,"date":"2021-11-10T16:17:13","date_gmt":"2021-11-10T20:17:13","guid":{"rendered":"http:\/\/mincomercionacional.gob.ve\/?p=8466"},"modified":"2021-11-10T16:17:13","modified_gmt":"2021-11-10T20:17:13","slug":"ministerio-de-comercio-nacional-formalizo-pymes-de-emprendedores","status":"publish","type":"post","link":"https:\/\/mincomercionacional.gob.ve\/?p=8466","title":{"rendered":"Ministerio de Comercio Nacional formaliz\u00f3 PYMES de emprendedores"},"content":{"rendered":"<p style=\"text-align: justify;\">16 peque\u00f1as y medianas empresas (PYMES), fueron formalizadas ante el Servicio Aut\u00f3nomo de Registro y Notar\u00edas (SAREN), este mi\u00e9rcoles 10 de noviembre de 2021, por el Ministerio del Poder Popular de Comercio Nacional.<\/p>\n<p style=\"text-align: justify;\">Jos\u00e9 Coello, director general de Pol\u00edticas P\u00fablicas del Ministerio de Comercio Nacional, inform\u00f3 que las emprendedoras y los emprendedores, fueron acompa\u00f1ados en lo que respecta a la elaboraci\u00f3n de las actas constitutivas, los balances, entre otros procesos necesarios para formalizar su actividad comercial.<\/p>\n<p style=\"text-align: justify;\">Coello explic\u00f3, que posterior al proceso de formalizaci\u00f3n de las PYMES, a los emprendedores y a las emprendedoras, se les articula, por medio de las instituciones del Estado como el Seniat, la Sundde, Inces, Banavih, la emisi\u00f3n de los documentos que se derivan de la naturaleza de la empresa que constituyeron.<\/p>\n<p style=\"text-align: justify;\">El emprendedor de la parroquia Santa Rosal\u00eda del municipio Libertador, Michell Merlo, manifest\u00f3 su agradecimiento al Gobierno Bolivariano, \u00ab<em>estamos muy alegres y agradecidos con el Ministerio de Comercio Nacional, nuestro emprendimiento de servicio t\u00e9cnico de telecomunicaciones est\u00e1 legalmente constituido como M&amp;A Sat\u00e9lite, C.A<\/em>\u00ab.<\/p>\n<p>&nbsp;<\/p>\n<div class=\"tiled-gallery type-square tiled-gallery-unresized\" data-original-width=\"500\" data-carousel-extra='{&quot;blog_id&quot;:1,&quot;permalink&quot;:&quot;https:\\\/\\\/mincomercionacional.gob.ve\\\/?p=8466&quot;,&quot;likes_blog_id&quot;:170001901}' itemscope itemtype=\"http:\/\/schema.org\/ImageGallery\" > <div class=\"gallery-row\" style=\"width: 500px; height: 166px;\" data-original-width=\"500\" data-original-height=\"166\" > <div class=\"gallery-group\" style=\"width: 166px; height: 166px;\" data-original-width=\"166\" data-original-height=\"166\" > <div class=\"tiled-gallery-item \" itemprop=\"associatedMedia\" itemscope itemtype=\"http:\/\/schema.org\/ImageObject\"> <a href=\"https:\/\/mincomercionacional.gob.ve\/?attachment_id=8478\" border=\"0\" itemprop=\"url\"> <meta itemprop=\"width\" content=\"162\"> <meta itemprop=\"height\" content=\"162\"> <img decoding=\"async\" class=\"\" data-attachment-id=\"8478\" data-orig-file=\"https:\/\/mincomercionacional.gob.ve\/wp-content\/uploads\/2021\/11\/Representante-de-la-empresa-Yenidey.jpeg\" data-orig-size=\"1080,810\" data-comments-opened=\"\" data-image-meta=\"{&quot;aperture&quot;:&quot;0&quot;,&quot;credit&quot;:&quot;&quot;,&quot;camera&quot;:&quot;&quot;,&quot;caption&quot;:&quot;&quot;,&quot;created_timestamp&quot;:&quot;0&quot;,&quot;copyright&quot;:&quot;&quot;,&quot;focal_length&quot;:&quot;0&quot;,&quot;iso&quot;:&quot;0&quot;,&quot;shutter_speed&quot;:&quot;0&quot;,&quot;title&quot;:&quot;&quot;,&quot;orientation&quot;:&quot;0&quot;}\" data-image-title=\"Representante de la empresa Yenidey\" data-image-description=\"\" data-medium-file=\"https:\/\/i0.wp.com\/mincomercionacional.gob.ve\/wp-content\/uploads\/2021\/11\/Representante-de-la-empresa-Yenidey.jpeg?fit=300%2C225&#038;ssl=1\" data-large-file=\"https:\/\/i0.wp.com\/mincomercionacional.gob.ve\/wp-content\/uploads\/2021\/11\/Representante-de-la-empresa-Yenidey.jpeg?fit=1024%2C768&#038;ssl=1\" src=\"https:\/\/i0.wp.com\/mincomercionacional.gob.ve\/wp-content\/uploads\/2021\/11\/Representante-de-la-empresa-Yenidey.jpeg?w=162&#038;h=162&#038;crop=1&#038;ssl=1\" width=\"162\" height=\"162\" loading=\"lazy\" data-original-width=\"162\" data-original-height=\"162\" itemprop=\"http:\/\/schema.org\/image\" title=\"Representante de la empresa Yenidey\" alt=\"Representante de la empresa Yenidey\" style=\"width: 162px; height: 162px;\" \/> <\/a> <\/div> <\/div> <div class=\"gallery-group\" style=\"width: 166px; height: 166px;\" data-original-width=\"166\" data-original-height=\"166\" > <div class=\"tiled-gallery-item \" itemprop=\"associatedMedia\" itemscope itemtype=\"http:\/\/schema.org\/ImageObject\"> <a href=\"https:\/\/mincomercionacional.gob.ve\/?attachment_id=8479\" border=\"0\" itemprop=\"url\"> <meta itemprop=\"width\" content=\"162\"> <meta itemprop=\"height\" content=\"162\"> <img decoding=\"async\" class=\"\" data-attachment-id=\"8479\" data-orig-file=\"https:\/\/mincomercionacional.gob.ve\/wp-content\/uploads\/2021\/11\/Representante-de-la-empresa-Bodegon-Siete-gotas-2.jpeg\" data-orig-size=\"1080,810\" data-comments-opened=\"\" data-image-meta=\"{&quot;aperture&quot;:&quot;0&quot;,&quot;credit&quot;:&quot;&quot;,&quot;camera&quot;:&quot;&quot;,&quot;caption&quot;:&quot;&quot;,&quot;created_timestamp&quot;:&quot;0&quot;,&quot;copyright&quot;:&quot;&quot;,&quot;focal_length&quot;:&quot;0&quot;,&quot;iso&quot;:&quot;0&quot;,&quot;shutter_speed&quot;:&quot;0&quot;,&quot;title&quot;:&quot;&quot;,&quot;orientation&quot;:&quot;0&quot;}\" data-image-title=\"Representante de la empresa Bodeg\u00f3n Siete gotas (2)\" data-image-description=\"\" data-medium-file=\"https:\/\/i0.wp.com\/mincomercionacional.gob.ve\/wp-content\/uploads\/2021\/11\/Representante-de-la-empresa-Bodegon-Siete-gotas-2.jpeg?fit=300%2C225&#038;ssl=1\" data-large-file=\"https:\/\/i0.wp.com\/mincomercionacional.gob.ve\/wp-content\/uploads\/2021\/11\/Representante-de-la-empresa-Bodegon-Siete-gotas-2.jpeg?fit=1024%2C768&#038;ssl=1\" src=\"https:\/\/i0.wp.com\/mincomercionacional.gob.ve\/wp-content\/uploads\/2021\/11\/Representante-de-la-empresa-Bodegon-Siete-gotas-2.jpeg?w=162&#038;h=162&#038;crop=1&#038;ssl=1\" width=\"162\" height=\"162\" loading=\"lazy\" data-original-width=\"162\" data-original-height=\"162\" itemprop=\"http:\/\/schema.org\/image\" title=\"Representante de la empresa Bodeg\u00f3n Siete gotas (2)\" alt=\"Representante de la empresa Bodeg\u00f3n Siete gotas (2)\" style=\"width: 162px; height: 162px;\" \/> <\/a> <\/div> <\/div> <div class=\"gallery-group\" style=\"width: 166px; height: 166px;\" data-original-width=\"166\" data-original-height=\"166\" > <div class=\"tiled-gallery-item \" itemprop=\"associatedMedia\" itemscope itemtype=\"http:\/\/schema.org\/ImageObject\"> <a href=\"https:\/\/mincomercionacional.gob.ve\/?attachment_id=8476\" border=\"0\" itemprop=\"url\"> <meta itemprop=\"width\" content=\"162\"> <meta itemprop=\"height\" content=\"162\"> <img decoding=\"async\" class=\"\" data-attachment-id=\"8476\" data-orig-file=\"https:\/\/mincomercionacional.gob.ve\/wp-content\/uploads\/2021\/11\/Representante-de-la-empresa-Yudibel-C.A.jpeg\" data-orig-size=\"1080,810\" data-comments-opened=\"\" data-image-meta=\"{&quot;aperture&quot;:&quot;0&quot;,&quot;credit&quot;:&quot;&quot;,&quot;camera&quot;:&quot;&quot;,&quot;caption&quot;:&quot;&quot;,&quot;created_timestamp&quot;:&quot;0&quot;,&quot;copyright&quot;:&quot;&quot;,&quot;focal_length&quot;:&quot;0&quot;,&quot;iso&quot;:&quot;0&quot;,&quot;shutter_speed&quot;:&quot;0&quot;,&quot;title&quot;:&quot;&quot;,&quot;orientation&quot;:&quot;0&quot;}\" data-image-title=\"Representante de la empresa Yudibel, C.A\" data-image-description=\"\" data-medium-file=\"https:\/\/i0.wp.com\/mincomercionacional.gob.ve\/wp-content\/uploads\/2021\/11\/Representante-de-la-empresa-Yudibel-C.A.jpeg?fit=300%2C225&#038;ssl=1\" data-large-file=\"https:\/\/i0.wp.com\/mincomercionacional.gob.ve\/wp-content\/uploads\/2021\/11\/Representante-de-la-empresa-Yudibel-C.A.jpeg?fit=1024%2C768&#038;ssl=1\" src=\"https:\/\/i0.wp.com\/mincomercionacional.gob.ve\/wp-content\/uploads\/2021\/11\/Representante-de-la-empresa-Yudibel-C.A.jpeg?w=162&#038;h=162&#038;crop=1&#038;ssl=1\" width=\"162\" height=\"162\" loading=\"lazy\" data-original-width=\"162\" data-original-height=\"162\" itemprop=\"http:\/\/schema.org\/image\" title=\"Representante de la empresa Yudibel, C.A\" alt=\"Representante de la empresa Yudibel, C.A\" style=\"width: 162px; height: 162px;\" \/> <\/a> <\/div> <\/div> <\/div> <\/div>\n","protected":false},"excerpt":{"rendered":"<p>16 peque\u00f1as y medianas empresas (PYMES), fueron formalizadas ante el Servicio Aut\u00f3nomo de Registro y Notar\u00edas (SAREN), este mi\u00e9rcoles 10 de noviembre de 2021, por el Ministerio del Poder Popular de Comercio Nacional. Jos\u00e9 Coello, director general de Pol\u00edticas P\u00fablicas del Ministerio de Comercio Nacional, inform\u00f3 que las emprendedoras y los emprendedores, fueron acompa\u00f1ados en &hellip;<\/p>\n","protected":false},"author":12,"featured_media":8477,"comment_status":"closed","ping_status":"open","sticky":false,"template":"","format":"standard","meta":{"footnotes":""},"categories":[79],"tags":[785,736,503,784,783,34,235,448,476,59,39],"class_list":["post-8466","post","type-post","status-publish","format-standard","has-post-thumbnail","hentry","category-noticias","tag-banavih","tag-dheliz-alvarez","tag-emprendedores","tag-inces","tag-jose-coello","tag-ministerio-de-comercio-nacional","tag-pymes","tag-saren","tag-seniat","tag-sundde","tag-venezuela"],"jetpack_featured_media_url":"https:\/\/i0.wp.com\/mincomercionacional.gob.ve\/wp-content\/uploads\/2021\/11\/Representante-de-la-empresa-Bodegon-Siete-gotas.jpeg?fit=1080%2C810&ssl=1","jetpack_shortlink":"https:\/\/wp.me\/pbvjg9-2cy","_links":{"self":[{"href":"https:\/\/mincomercionacional.gob.ve\/index.php?rest_route=\/wp\/v2\/posts\/8466","targetHints":{"allow":["GET"]}}],"collection":[{"href":"https:\/\/mincomercionacional.gob.ve\/index.php?rest_route=\/wp\/v2\/posts"}],"about":[{"href":"https:\/\/mincomercionacional.gob.ve\/index.php?rest_route=\/wp\/v2\/types\/post"}],"author":[{"embeddable":true,"href":"https:\/\/mincomercionacional.gob.ve\/index.php?rest_route=\/wp\/v2\/users\/12"}],"replies":[{"embeddable":true,"href":"https:\/\/mincomercionacional.gob.ve\/index.php?rest_route=%2Fwp%2Fv2%2Fcomments&post=8466"}],"version-history":[{"count":5,"href":"https:\/\/mincomercionacional.gob.ve\/index.php?rest_route=\/wp\/v2\/posts\/8466\/revisions"}],"predecessor-version":[{"id":8482,"href":"https:\/\/mincomercionacional.gob.ve\/index.php?rest_route=\/wp\/v2\/posts\/8466\/revisions\/8482"}],"wp:featuredmedia":[{"embeddable":true,"href":"https:\/\/mincomercionacional.gob.ve\/index.php?rest_route=\/wp\/v2\/media\/8477"}],"wp:attachment":[{"href":"https:\/\/mincomercionacional.gob.ve\/index.php?rest_route=%2Fwp%2Fv2%2Fmedia&parent=8466"}],"wp:term":[{"taxonomy":"category","embeddable":true,"href":"https:\/\/mincomercionacional.gob.ve\/index.php?rest_route=%2Fwp%2Fv2%2Fcategories&post=8466"},{"taxonomy":"post_tag","embeddable":true,"href":"https:\/\/mincomercionacional.gob.ve\/index.php?rest_route=%2Fwp%2Fv2%2Ftags&post=8466"}],"curies":[{"name":"wp","href":"https:\/\/api.w.org\/{rel}","templated":true}]}}