{"id":8442,"date":"2021-11-07T19:59:09","date_gmt":"2021-11-07T23:59:09","guid":{"rendered":"http:\/\/mincomercionacional.gob.ve\/?p=8442"},"modified":"2021-11-09T13:34:34","modified_gmt":"2021-11-09T17:34:34","slug":"venezuela-aplica-semaforo-de-acceso-para-evitar-cadenas-de-transmision-masiva-por-covid-19","status":"publish","type":"post","link":"https:\/\/mincomercionacional.gob.ve\/?p=8442","title":{"rendered":"Venezuela aplica Sem\u00e1foro de Acceso para evitar cadenas de transmisi\u00f3n masiva por Covid-19"},"content":{"rendered":"<p style=\"text-align: justify;\">Los fiscales de la Superintendencia Nacional para la Defensa de los Derechos Socioecon\u00f3micos, ente adscrito al Ministerio del Poder Popular de Comercio Nacional, se desplegaron este domingo 7 de octubre de 2021 en la ciudad de Caracas, para orientar al personal, a las usuarias y a los usuarios de varios restaurantes, sobre el uso del aplicativo del Sem\u00e1foro de Acceso.<\/p>\n<p style=\"text-align: justify;\">Se trata de una herramienta tecnol\u00f3gica que permite saber si el usuario que desea ingresar al establecimiento comercial, est\u00e1 o no vacunado, o posee una prueba PCR positiva al Covid-19.<\/p>\n<p style=\"text-align: justify;\">La mayor\u00eda de las personas abordadas, manifestaron que la aplicaci\u00f3n m\u00f3vil es muy \u00fatil, ayudar\u00e1 a controlar la pandemia que ha paralizado al mundo y permitir\u00e1 elevar los niveles de vacunaci\u00f3n voluntaria en Venezuela.<\/p>\n<p style=\"text-align: justify;\">El uso del Sem\u00e1foro de Acceso, debe estar autorizado por el Ministerio de Comercio Nacional y no amerita inversi\u00f3n alguna por parte del sector privado, debido a que las herramientas para su ejecuci\u00f3n, las suministra el Estado venezolano.<\/p>\n<p style=\"text-align: justify;\">La idea es ir m\u00e1s all\u00e1 de las medidas de bioseguridad y entre otras cosas, promover la vacunaci\u00f3n contra el Coronavirus, para asumir la nueva normalidad de forma segura.<\/p>\n<div class=\"tiled-gallery type-rectangular tiled-gallery-unresized\" data-original-width=\"500\" data-carousel-extra='{&quot;blog_id&quot;:1,&quot;permalink&quot;:&quot;https:\\\/\\\/mincomercionacional.gob.ve\\\/?p=8442&quot;,&quot;likes_blog_id&quot;:170001901}' itemscope itemtype=\"http:\/\/schema.org\/ImageGallery\" > <div class=\"gallery-row\" style=\"width: 500px; height: 251px;\" data-original-width=\"500\" data-original-height=\"251\" > <div class=\"gallery-group images-1\" style=\"width: 334px; height: 251px;\" data-original-width=\"334\" data-original-height=\"251\" > <div class=\"tiled-gallery-item tiled-gallery-item-large\" itemprop=\"associatedMedia\" itemscope itemtype=\"http:\/\/schema.org\/ImageObject\"> <a href=\"https:\/\/mincomercionacional.gob.ve\/?attachment_id=8444\" border=\"0\" itemprop=\"url\"> <meta itemprop=\"width\" content=\"330\"> <meta itemprop=\"height\" content=\"247\"> <img decoding=\"async\" class=\"\" data-attachment-id=\"8444\" data-orig-file=\"https:\/\/mincomercionacional.gob.ve\/wp-content\/uploads\/2021\/11\/40340b24-a3d7-4fa7-a72b-ec1b15702c8c.jpg\" data-orig-size=\"1024,768\" data-comments-opened=\"\" data-image-meta=\"{&quot;aperture&quot;:&quot;0&quot;,&quot;credit&quot;:&quot;&quot;,&quot;camera&quot;:&quot;&quot;,&quot;caption&quot;:&quot;&quot;,&quot;created_timestamp&quot;:&quot;0&quot;,&quot;copyright&quot;:&quot;&quot;,&quot;focal_length&quot;:&quot;0&quot;,&quot;iso&quot;:&quot;0&quot;,&quot;shutter_speed&quot;:&quot;0&quot;,&quot;title&quot;:&quot;&quot;,&quot;orientation&quot;:&quot;0&quot;}\" data-image-title=\"Usuarios reciben informaci\u00f3n sobre uso de la aplicaci\u00f3n Sem\u00e1foro de Acceso\" data-image-description=\"\" data-medium-file=\"https:\/\/i0.wp.com\/mincomercionacional.gob.ve\/wp-content\/uploads\/2021\/11\/40340b24-a3d7-4fa7-a72b-ec1b15702c8c.jpg?fit=300%2C225&#038;ssl=1\" data-large-file=\"https:\/\/i0.wp.com\/mincomercionacional.gob.ve\/wp-content\/uploads\/2021\/11\/40340b24-a3d7-4fa7-a72b-ec1b15702c8c.jpg?fit=1024%2C768&#038;ssl=1\" src=\"https:\/\/i0.wp.com\/mincomercionacional.gob.ve\/wp-content\/uploads\/2021\/11\/40340b24-a3d7-4fa7-a72b-ec1b15702c8c.jpg?w=330&#038;h=247&#038;ssl=1\" width=\"330\" height=\"247\" loading=\"lazy\" data-original-width=\"330\" data-original-height=\"247\" itemprop=\"http:\/\/schema.org\/image\" title=\"Usuarios reciben informaci\u00f3n sobre uso de la aplicaci\u00f3n Sem\u00e1foro de Acceso\" alt=\"Usuarios reciben informaci\u00f3n sobre uso de la aplicaci\u00f3n Sem\u00e1foro de Acceso\" style=\"width: 330px; height: 247px;\" \/> <\/a> <\/div> <\/div> <!-- close group --> <div class=\"gallery-group images-2\" style=\"width: 166px; height: 251px;\" data-original-width=\"166\" data-original-height=\"251\" > <div class=\"tiled-gallery-item tiled-gallery-item-small\" itemprop=\"associatedMedia\" itemscope itemtype=\"http:\/\/schema.org\/ImageObject\"> <a href=\"https:\/\/mincomercionacional.gob.ve\/?attachment_id=8445\" border=\"0\" itemprop=\"url\"> <meta itemprop=\"width\" content=\"162\"> <meta itemprop=\"height\" content=\"122\"> <img decoding=\"async\" class=\"\" data-attachment-id=\"8445\" data-orig-file=\"https:\/\/mincomercionacional.gob.ve\/wp-content\/uploads\/2021\/11\/81506d17-3de9-465c-8656-bfbe229aac5f.jpg\" data-orig-size=\"1024,768\" data-comments-opened=\"\" data-image-meta=\"{&quot;aperture&quot;:&quot;0&quot;,&quot;credit&quot;:&quot;&quot;,&quot;camera&quot;:&quot;&quot;,&quot;caption&quot;:&quot;&quot;,&quot;created_timestamp&quot;:&quot;0&quot;,&quot;copyright&quot;:&quot;&quot;,&quot;focal_length&quot;:&quot;0&quot;,&quot;iso&quot;:&quot;0&quot;,&quot;shutter_speed&quot;:&quot;0&quot;,&quot;title&quot;:&quot;&quot;,&quot;orientation&quot;:&quot;0&quot;}\" data-image-title=\"Personal de locales comerciales reciben inducci\u00f3n sobre el uso del Sem\u00e1foro de Acceso\" data-image-description=\"\" data-medium-file=\"https:\/\/i0.wp.com\/mincomercionacional.gob.ve\/wp-content\/uploads\/2021\/11\/81506d17-3de9-465c-8656-bfbe229aac5f.jpg?fit=300%2C225&#038;ssl=1\" data-large-file=\"https:\/\/i0.wp.com\/mincomercionacional.gob.ve\/wp-content\/uploads\/2021\/11\/81506d17-3de9-465c-8656-bfbe229aac5f.jpg?fit=1024%2C768&#038;ssl=1\" src=\"https:\/\/i0.wp.com\/mincomercionacional.gob.ve\/wp-content\/uploads\/2021\/11\/81506d17-3de9-465c-8656-bfbe229aac5f.jpg?w=162&#038;h=122&#038;ssl=1\" width=\"162\" height=\"122\" loading=\"lazy\" data-original-width=\"162\" data-original-height=\"122\" itemprop=\"http:\/\/schema.org\/image\" title=\"Personal de locales comerciales reciben inducci\u00f3n sobre el uso del Sem\u00e1foro de Acceso\" alt=\"Personal de locales comerciales reciben inducci\u00f3n sobre el uso del Sem\u00e1foro de Acceso\" style=\"width: 162px; height: 122px;\" \/> <\/a> <\/div> <div class=\"tiled-gallery-item tiled-gallery-item-small\" itemprop=\"associatedMedia\" itemscope itemtype=\"http:\/\/schema.org\/ImageObject\"> <a href=\"https:\/\/mincomercionacional.gob.ve\/?attachment_id=8446\" border=\"0\" itemprop=\"url\"> <meta itemprop=\"width\" content=\"162\"> <meta itemprop=\"height\" content=\"121\"> <img decoding=\"async\" class=\"\" data-attachment-id=\"8446\" data-orig-file=\"https:\/\/mincomercionacional.gob.ve\/wp-content\/uploads\/2021\/11\/40ab7405-b4d2-434c-a7ce-a1488ef7becd.jpg\" data-orig-size=\"1024,768\" data-comments-opened=\"\" data-image-meta=\"{&quot;aperture&quot;:&quot;0&quot;,&quot;credit&quot;:&quot;&quot;,&quot;camera&quot;:&quot;&quot;,&quot;caption&quot;:&quot;&quot;,&quot;created_timestamp&quot;:&quot;0&quot;,&quot;copyright&quot;:&quot;&quot;,&quot;focal_length&quot;:&quot;0&quot;,&quot;iso&quot;:&quot;0&quot;,&quot;shutter_speed&quot;:&quot;0&quot;,&quot;title&quot;:&quot;&quot;,&quot;orientation&quot;:&quot;0&quot;}\" data-image-title=\"Personal de la Sundde recibe inquietudes de comerciantes sobre la aplicaci\u00f3n Sem\u00e1foro de Acceso\" data-image-description=\"\" data-medium-file=\"https:\/\/i0.wp.com\/mincomercionacional.gob.ve\/wp-content\/uploads\/2021\/11\/40ab7405-b4d2-434c-a7ce-a1488ef7becd.jpg?fit=300%2C225&#038;ssl=1\" data-large-file=\"https:\/\/i0.wp.com\/mincomercionacional.gob.ve\/wp-content\/uploads\/2021\/11\/40ab7405-b4d2-434c-a7ce-a1488ef7becd.jpg?fit=1024%2C768&#038;ssl=1\" src=\"https:\/\/i0.wp.com\/mincomercionacional.gob.ve\/wp-content\/uploads\/2021\/11\/40ab7405-b4d2-434c-a7ce-a1488ef7becd.jpg?w=162&#038;h=121&#038;ssl=1\" width=\"162\" height=\"121\" loading=\"lazy\" data-original-width=\"162\" data-original-height=\"121\" itemprop=\"http:\/\/schema.org\/image\" title=\"Personal de la Sundde recibe inquietudes de comerciantes sobre la aplicaci\u00f3n Sem\u00e1foro de Acceso\" alt=\"Personal de la Sundde recibe inquietudes de comerciantes sobre la aplicaci\u00f3n Sem\u00e1foro de Acceso\" style=\"width: 162px; height: 121px;\" \/> <\/a> <\/div> <\/div> <!-- close group --> <\/div> <!-- close row --> <div class=\"gallery-row\" style=\"width: 500px; height: 126px;\" data-original-width=\"500\" data-original-height=\"126\" > <div class=\"gallery-group images-1\" style=\"width: 167px; height: 126px;\" data-original-width=\"167\" data-original-height=\"126\" > <div class=\"tiled-gallery-item tiled-gallery-item-small\" itemprop=\"associatedMedia\" itemscope itemtype=\"http:\/\/schema.org\/ImageObject\"> <a href=\"https:\/\/mincomercionacional.gob.ve\/?attachment_id=8447\" border=\"0\" itemprop=\"url\"> <meta itemprop=\"width\" content=\"163\"> <meta itemprop=\"height\" content=\"122\"> <img decoding=\"async\" class=\"\" data-attachment-id=\"8447\" data-orig-file=\"https:\/\/mincomercionacional.gob.ve\/wp-content\/uploads\/2021\/11\/50b761d7-ae4b-4b37-8a5e-96a66580d1f1.jpg\" data-orig-size=\"1024,768\" data-comments-opened=\"\" data-image-meta=\"{&quot;aperture&quot;:&quot;0&quot;,&quot;credit&quot;:&quot;&quot;,&quot;camera&quot;:&quot;&quot;,&quot;caption&quot;:&quot;&quot;,&quot;created_timestamp&quot;:&quot;0&quot;,&quot;copyright&quot;:&quot;&quot;,&quot;focal_length&quot;:&quot;0&quot;,&quot;iso&quot;:&quot;0&quot;,&quot;shutter_speed&quot;:&quot;0&quot;,&quot;title&quot;:&quot;&quot;,&quot;orientation&quot;:&quot;0&quot;}\" data-image-title=\"Personal de locales comerciales reciben inducci\u00f3n sobre el uso del Sem\u00e1foro de Acceso\" data-image-description=\"\" data-medium-file=\"https:\/\/i0.wp.com\/mincomercionacional.gob.ve\/wp-content\/uploads\/2021\/11\/50b761d7-ae4b-4b37-8a5e-96a66580d1f1.jpg?fit=300%2C225&#038;ssl=1\" data-large-file=\"https:\/\/i0.wp.com\/mincomercionacional.gob.ve\/wp-content\/uploads\/2021\/11\/50b761d7-ae4b-4b37-8a5e-96a66580d1f1.jpg?fit=1024%2C768&#038;ssl=1\" src=\"https:\/\/i0.wp.com\/mincomercionacional.gob.ve\/wp-content\/uploads\/2021\/11\/50b761d7-ae4b-4b37-8a5e-96a66580d1f1.jpg?w=163&#038;h=122&#038;ssl=1\" width=\"163\" height=\"122\" loading=\"lazy\" data-original-width=\"163\" data-original-height=\"122\" itemprop=\"http:\/\/schema.org\/image\" title=\"Personal de locales comerciales reciben inducci\u00f3n sobre el uso del Sem\u00e1foro de Acceso\" alt=\"Personal de locales comerciales reciben inducci\u00f3n sobre el uso del Sem\u00e1foro de Acceso\" style=\"width: 163px; height: 122px;\" \/> <\/a> <\/div> <\/div> <!-- close group --> <div class=\"gallery-group images-1\" style=\"width: 167px; height: 126px;\" data-original-width=\"167\" data-original-height=\"126\" > <div class=\"tiled-gallery-item tiled-gallery-item-small\" itemprop=\"associatedMedia\" itemscope itemtype=\"http:\/\/schema.org\/ImageObject\"> <a href=\"https:\/\/mincomercionacional.gob.ve\/?attachment_id=8448\" border=\"0\" itemprop=\"url\"> <meta itemprop=\"width\" content=\"163\"> <meta itemprop=\"height\" content=\"122\"> <img decoding=\"async\" class=\"\" data-attachment-id=\"8448\" data-orig-file=\"https:\/\/mincomercionacional.gob.ve\/wp-content\/uploads\/2021\/11\/6e65b136-edaf-45a1-b231-a842e767bce4.jpg\" data-orig-size=\"1024,768\" data-comments-opened=\"\" data-image-meta=\"{&quot;aperture&quot;:&quot;0&quot;,&quot;credit&quot;:&quot;&quot;,&quot;camera&quot;:&quot;&quot;,&quot;caption&quot;:&quot;&quot;,&quot;created_timestamp&quot;:&quot;0&quot;,&quot;copyright&quot;:&quot;&quot;,&quot;focal_length&quot;:&quot;0&quot;,&quot;iso&quot;:&quot;0&quot;,&quot;shutter_speed&quot;:&quot;0&quot;,&quot;title&quot;:&quot;&quot;,&quot;orientation&quot;:&quot;0&quot;}\" data-image-title=\"Personal de la Sundde recibe inquietudes de comerciantes sobre la aplicaci\u00f3n Sem\u00e1foro de Acceso\" data-image-description=\"\" data-medium-file=\"https:\/\/i0.wp.com\/mincomercionacional.gob.ve\/wp-content\/uploads\/2021\/11\/6e65b136-edaf-45a1-b231-a842e767bce4.jpg?fit=300%2C225&#038;ssl=1\" data-large-file=\"https:\/\/i0.wp.com\/mincomercionacional.gob.ve\/wp-content\/uploads\/2021\/11\/6e65b136-edaf-45a1-b231-a842e767bce4.jpg?fit=1024%2C768&#038;ssl=1\" src=\"https:\/\/i0.wp.com\/mincomercionacional.gob.ve\/wp-content\/uploads\/2021\/11\/6e65b136-edaf-45a1-b231-a842e767bce4.jpg?w=163&#038;h=122&#038;ssl=1\" width=\"163\" height=\"122\" loading=\"lazy\" data-original-width=\"163\" data-original-height=\"122\" itemprop=\"http:\/\/schema.org\/image\" title=\"Personal de la Sundde recibe inquietudes de comerciantes sobre la aplicaci\u00f3n Sem\u00e1foro de Acceso\" alt=\"Personal de la Sundde recibe inquietudes de comerciantes sobre la aplicaci\u00f3n Sem\u00e1foro de Acceso\" style=\"width: 163px; height: 122px;\" \/> <\/a> <\/div> <\/div> <!-- close group --> <div class=\"gallery-group images-1\" style=\"width: 166px; height: 126px;\" data-original-width=\"166\" data-original-height=\"126\" > <div class=\"tiled-gallery-item tiled-gallery-item-small\" itemprop=\"associatedMedia\" itemscope itemtype=\"http:\/\/schema.org\/ImageObject\"> <a href=\"https:\/\/mincomercionacional.gob.ve\/?attachment_id=8449\" border=\"0\" itemprop=\"url\"> <meta itemprop=\"width\" content=\"162\"> <meta itemprop=\"height\" content=\"122\"> <img decoding=\"async\" class=\"\" data-attachment-id=\"8449\" data-orig-file=\"https:\/\/mincomercionacional.gob.ve\/wp-content\/uploads\/2021\/11\/e48790e0-cc98-4644-a35f-01bdc3c518b5.jpg\" data-orig-size=\"1024,768\" data-comments-opened=\"\" data-image-meta=\"{&quot;aperture&quot;:&quot;0&quot;,&quot;credit&quot;:&quot;&quot;,&quot;camera&quot;:&quot;&quot;,&quot;caption&quot;:&quot;&quot;,&quot;created_timestamp&quot;:&quot;0&quot;,&quot;copyright&quot;:&quot;&quot;,&quot;focal_length&quot;:&quot;0&quot;,&quot;iso&quot;:&quot;0&quot;,&quot;shutter_speed&quot;:&quot;0&quot;,&quot;title&quot;:&quot;&quot;,&quot;orientation&quot;:&quot;0&quot;}\" data-image-title=\"Personal de locales comerciales reciben inducci\u00f3n sobre el uso del Sem\u00e1foro de Acceso\" data-image-description=\"\" data-medium-file=\"https:\/\/i0.wp.com\/mincomercionacional.gob.ve\/wp-content\/uploads\/2021\/11\/e48790e0-cc98-4644-a35f-01bdc3c518b5.jpg?fit=300%2C225&#038;ssl=1\" data-large-file=\"https:\/\/i0.wp.com\/mincomercionacional.gob.ve\/wp-content\/uploads\/2021\/11\/e48790e0-cc98-4644-a35f-01bdc3c518b5.jpg?fit=1024%2C768&#038;ssl=1\" src=\"https:\/\/i0.wp.com\/mincomercionacional.gob.ve\/wp-content\/uploads\/2021\/11\/e48790e0-cc98-4644-a35f-01bdc3c518b5.jpg?w=162&#038;h=122&#038;ssl=1\" width=\"162\" height=\"122\" loading=\"lazy\" data-original-width=\"162\" data-original-height=\"122\" itemprop=\"http:\/\/schema.org\/image\" title=\"Personal de locales comerciales reciben inducci\u00f3n sobre el uso del Sem\u00e1foro de Acceso\" alt=\"Personal de locales comerciales reciben inducci\u00f3n sobre el uso del Sem\u00e1foro de Acceso\" style=\"width: 162px; height: 122px;\" \/> <\/a> <\/div> <\/div> <!-- close group --> <\/div> <!-- close row --> <\/div>\n","protected":false},"excerpt":{"rendered":"<p>Los fiscales de la Superintendencia Nacional para la Defensa de los Derechos Socioecon\u00f3micos, ente adscrito al Ministerio del Poder Popular de Comercio Nacional, se desplegaron este domingo 7 de octubre de 2021 en la ciudad de Caracas, para orientar al personal, a las usuarias y a los usuarios de varios restaurantes, sobre el uso del &hellip;<\/p>\n","protected":false},"author":12,"featured_media":8443,"comment_status":"closed","ping_status":"open","sticky":false,"template":"","format":"standard","meta":{"footnotes":""},"categories":[79],"tags":[754,702,777,48,736,320,34,236,776,763,59],"class_list":["post-8442","post","type-post","status-publish","format-standard","has-post-thumbnail","hentry","category-noticias","tag-app","tag-bioseguridad","tag-coronavirus","tag-covid-19","tag-dheliz-alvarez","tag-medidas-de-bioseguridad","tag-ministerio-de-comercio-nacional","tag-proteccion","tag-restaurantes","tag-semaforo-de-acceso","tag-sundde"],"jetpack_featured_media_url":"https:\/\/i0.wp.com\/mincomercionacional.gob.ve\/wp-content\/uploads\/2021\/11\/6cc77c55-e7f8-4448-837f-91fa42f8f681.jpg?fit=1024%2C768&ssl=1","jetpack_shortlink":"https:\/\/wp.me\/pbvjg9-2ca","_links":{"self":[{"href":"https:\/\/mincomercionacional.gob.ve\/index.php?rest_route=\/wp\/v2\/posts\/8442","targetHints":{"allow":["GET"]}}],"collection":[{"href":"https:\/\/mincomercionacional.gob.ve\/index.php?rest_route=\/wp\/v2\/posts"}],"about":[{"href":"https:\/\/mincomercionacional.gob.ve\/index.php?rest_route=\/wp\/v2\/types\/post"}],"author":[{"embeddable":true,"href":"https:\/\/mincomercionacional.gob.ve\/index.php?rest_route=\/wp\/v2\/users\/12"}],"replies":[{"embeddable":true,"href":"https:\/\/mincomercionacional.gob.ve\/index.php?rest_route=%2Fwp%2Fv2%2Fcomments&post=8442"}],"version-history":[{"count":2,"href":"https:\/\/mincomercionacional.gob.ve\/index.php?rest_route=\/wp\/v2\/posts\/8442\/revisions"}],"predecessor-version":[{"id":8464,"href":"https:\/\/mincomercionacional.gob.ve\/index.php?rest_route=\/wp\/v2\/posts\/8442\/revisions\/8464"}],"wp:featuredmedia":[{"embeddable":true,"href":"https:\/\/mincomercionacional.gob.ve\/index.php?rest_route=\/wp\/v2\/media\/8443"}],"wp:attachment":[{"href":"https:\/\/mincomercionacional.gob.ve\/index.php?rest_route=%2Fwp%2Fv2%2Fmedia&parent=8442"}],"wp:term":[{"taxonomy":"category","embeddable":true,"href":"https:\/\/mincomercionacional.gob.ve\/index.php?rest_route=%2Fwp%2Fv2%2Fcategories&post=8442"},{"taxonomy":"post_tag","embeddable":true,"href":"https:\/\/mincomercionacional.gob.ve\/index.php?rest_route=%2Fwp%2Fv2%2Ftags&post=8442"}],"curies":[{"name":"wp","href":"https:\/\/api.w.org\/{rel}","templated":true}]}}