{"id":8438,"date":"2021-11-07T17:27:36","date_gmt":"2021-11-07T21:27:36","guid":{"rendered":"http:\/\/mincomercionacional.gob.ve\/?p=8438"},"modified":"2021-11-09T13:43:01","modified_gmt":"2021-11-09T17:43:01","slug":"8438","status":"publish","type":"post","link":"https:\/\/mincomercionacional.gob.ve\/?p=8438","title":{"rendered":"Sundde inici\u00f3 gran jornada de fiscalizaci\u00f3n"},"content":{"rendered":"<p style=\"text-align: justify;\">El Ministerio del Poder Popular de Comercio Nacional, a trav\u00e9s de la Superintendencia Nacional para la Defensa de los Derechos Socioecon\u00f3micos, se despleg\u00f3 en una gran jornada de fiscalizaci\u00f3n.<\/p>\n<p style=\"text-align: justify;\">La ministra Dheliz \u00c1lvarez, inform\u00f3 por medio de su cuenta en la red social <a href=\"https:\/\/twitter.com\/DhelizAlvarez\">Twitter<\/a>, que el objetivo es proteger al pueblo de toda Venezuela ante posibles distorsiones del comercio nacional en la temporada navide\u00f1a, por esa raz\u00f3n, la vigilancia se incrementar\u00e1 en todos los estados del pa\u00eds.<\/p>\n<p style=\"text-align: justify;\">Durante el inicio del proceso de fiscalizaci\u00f3n, se detect\u00f3 que un reconocido establecimiento comercial, comercializaba productos vencidos.<\/p>\n<p style=\"text-align: justify;\">Las autoridades del Gobierno Bolivariano, exhortan a las consumidoras y a los consumidores, a denunciar todas las pr\u00e1cticas que atenten contra la salud y la econom\u00eda, a trav\u00e9s de la web <a href=\"http:\/\/www.sundde.gob.ve\/\">http:\/\/www.sundde.gob.ve\/<\/a>, en la cual se da acceso a una planilla electr\u00f3nica.<\/p>\n<p style=\"text-align: justify;\">Adem\u00e1s, se instalar\u00e1n centros de atenci\u00f3n en puntos estrat\u00e9gicos de las principales ciudades del territorio nacional, para atender a las usuarias y los usuarios.<\/p>\n","protected":false},"excerpt":{"rendered":"<p>El Ministerio del Poder Popular de Comercio Nacional, a trav\u00e9s de la Superintendencia Nacional para la Defensa de los Derechos Socioecon\u00f3micos, se despleg\u00f3 en una gran jornada de fiscalizaci\u00f3n. La ministra Dheliz \u00c1lvarez, inform\u00f3 por medio de su cuenta en la red social Twitter, que el objetivo es proteger al pueblo de toda Venezuela ante &hellip;<\/p>\n","protected":false},"author":12,"featured_media":8439,"comment_status":"closed","ping_status":"open","sticky":false,"template":"","format":"standard","meta":{"footnotes":""},"categories":[79],"tags":[736,303,34,767,59,775],"class_list":["post-8438","post","type-post","status-publish","format-standard","has-post-thumbnail","hentry","category-noticias","tag-dheliz-alvarez","tag-fiscalizacion","tag-ministerio-de-comercio-nacional","tag-navidades-felices-2021","tag-sundde","tag-temporada-navidena"],"jetpack_featured_media_url":"https:\/\/i0.wp.com\/mincomercionacional.gob.ve\/wp-content\/uploads\/2021\/11\/WhatsApp-Image-2021-11-07-at-4.29.32-PM.jpeg?fit=1000%2C563&ssl=1","jetpack_shortlink":"https:\/\/wp.me\/sbvjg9-8438","_links":{"self":[{"href":"https:\/\/mincomercionacional.gob.ve\/index.php?rest_route=\/wp\/v2\/posts\/8438","targetHints":{"allow":["GET"]}}],"collection":[{"href":"https:\/\/mincomercionacional.gob.ve\/index.php?rest_route=\/wp\/v2\/posts"}],"about":[{"href":"https:\/\/mincomercionacional.gob.ve\/index.php?rest_route=\/wp\/v2\/types\/post"}],"author":[{"embeddable":true,"href":"https:\/\/mincomercionacional.gob.ve\/index.php?rest_route=\/wp\/v2\/users\/12"}],"replies":[{"embeddable":true,"href":"https:\/\/mincomercionacional.gob.ve\/index.php?rest_route=%2Fwp%2Fv2%2Fcomments&post=8438"}],"version-history":[{"count":2,"href":"https:\/\/mincomercionacional.gob.ve\/index.php?rest_route=\/wp\/v2\/posts\/8438\/revisions"}],"predecessor-version":[{"id":8441,"href":"https:\/\/mincomercionacional.gob.ve\/index.php?rest_route=\/wp\/v2\/posts\/8438\/revisions\/8441"}],"wp:featuredmedia":[{"embeddable":true,"href":"https:\/\/mincomercionacional.gob.ve\/index.php?rest_route=\/wp\/v2\/media\/8439"}],"wp:attachment":[{"href":"https:\/\/mincomercionacional.gob.ve\/index.php?rest_route=%2Fwp%2Fv2%2Fmedia&parent=8438"}],"wp:term":[{"taxonomy":"category","embeddable":true,"href":"https:\/\/mincomercionacional.gob.ve\/index.php?rest_route=%2Fwp%2Fv2%2Fcategories&post=8438"},{"taxonomy":"post_tag","embeddable":true,"href":"https:\/\/mincomercionacional.gob.ve\/index.php?rest_route=%2Fwp%2Fv2%2Ftags&post=8438"}],"curies":[{"name":"wp","href":"https:\/\/api.w.org\/{rel}","templated":true}]}}