{"id":8420,"date":"2021-11-07T10:49:19","date_gmt":"2021-11-07T14:49:19","guid":{"rendered":"http:\/\/mincomercionacional.gob.ve\/?p=8420"},"modified":"2021-11-09T13:34:40","modified_gmt":"2021-11-09T17:34:40","slug":"sundde-redobla-esfuerzos-para-garantizar-derechos-socioeconomicos-del-pueblo","status":"publish","type":"post","link":"https:\/\/mincomercionacional.gob.ve\/?p=8420","title":{"rendered":"Sundde redobla esfuerzos para garantizar derechos socioecon\u00f3micos del pueblo"},"content":{"rendered":"<p style=\"text-align: justify;\">Por instrucciones del presidente de la Rep\u00fablica Bolivariana de Venezuela, Nicol\u00e1s Maduro y la superintendente, Dheliz \u00c1lvarez, la Superintendencia Nacional para la Defensa para los Derechos Socioecon\u00f3micos (Sundde), redobl\u00f3 los esfuerzos para proteger a los usuarios y las usuarias durante toda la temporada navide\u00f1a.<\/p>\n<p style=\"text-align: justify;\">El despliegue nacional, fue encabezado la noche del s\u00e1bado 6 de octubre de 2021, por Juan Alejandro Iriarte, intendente de Protecci\u00f3n de los Derechos Socioecon\u00f3micos.<\/p>\n<p style=\"text-align: justify;\">La Sundde tiene como objetivo proteger los derechos individuales y colectivos de la ciudadan\u00eda, de los delitos tipificados en la Ley Org\u00e1nica de Precios Justos.<\/p>\n<p style=\"text-align: justify;\">M\u00e1s de 600 fiscales de la Sundde, estar\u00e1n en las calles del pa\u00eds, visitando los comercios para evitar que los especuladores se aprovechen de las fechas para beneficiarse ilegalmente del pueblo.<\/p>\n<p class=\"jetpack-slideshow-noscript robots-nocontent\">El pase de diapositivas requiere JavaScript.<\/p><div id=\"gallery-8420-1-slideshow\" class=\"jetpack-slideshow-window jetpack-slideshow jetpack-slideshow-black\" data-trans=\"fade\" data-autostart=\"1\" data-gallery=\"[{&quot;src&quot;:&quot;https:\\\/\\\/i0.wp.com\\\/mincomercionacional.gob.ve\\\/wp-content\\\/uploads\\\/2021\\\/11\\\/WhatsApp-Image-2021-11-07-at-10.36.12-AM-4.jpeg?fit=683%2C1024\\u0026ssl=1&quot;,&quot;id&quot;:&quot;8423&quot;,&quot;title&quot;:&quot;Fiscales revisando si hay remarcaje o problemas con las fechas de vencimientos de los productos&quot;,&quot;alt&quot;:&quot;&quot;,&quot;caption&quot;:&quot;&quot;,&quot;itemprop&quot;:&quot;image&quot;},{&quot;src&quot;:&quot;https:\\\/\\\/i0.wp.com\\\/mincomercionacional.gob.ve\\\/wp-content\\\/uploads\\\/2021\\\/11\\\/WhatsApp-Image-2021-11-07-at-10.36.10-AM-4.jpeg?fit=1024%2C683\\u0026ssl=1&quot;,&quot;id&quot;:&quot;8426&quot;,&quot;title&quot;:&quot;Productos descartados por irregularidades&quot;,&quot;alt&quot;:&quot;&quot;,&quot;caption&quot;:&quot;&quot;,&quot;itemprop&quot;:&quot;image&quot;},{&quot;src&quot;:&quot;https:\\\/\\\/i0.wp.com\\\/mincomercionacional.gob.ve\\\/wp-content\\\/uploads\\\/2021\\\/11\\\/WhatsApp-Image-2021-11-07-at-10.36.10-AM-3.jpeg?fit=1024%2C683\\u0026ssl=1&quot;,&quot;id&quot;:&quot;8427&quot;,&quot;title&quot;:&quot;Productos descartados por irregularidades&quot;,&quot;alt&quot;:&quot;&quot;,&quot;caption&quot;:&quot;&quot;,&quot;itemprop&quot;:&quot;image&quot;},{&quot;src&quot;:&quot;https:\\\/\\\/i0.wp.com\\\/mincomercionacional.gob.ve\\\/wp-content\\\/uploads\\\/2021\\\/11\\\/WhatsApp-Image-2021-11-07-at-10.36.12-AM-3.jpeg?fit=1024%2C683\\u0026ssl=1&quot;,&quot;id&quot;:&quot;8424&quot;,&quot;title&quot;:&quot;Fiscales revisando si hay remarcaje o problemas con las fechas de vencimientos de los productos&quot;,&quot;alt&quot;:&quot;&quot;,&quot;caption&quot;:&quot;&quot;,&quot;itemprop&quot;:&quot;image&quot;},{&quot;src&quot;:&quot;https:\\\/\\\/i0.wp.com\\\/mincomercionacional.gob.ve\\\/wp-content\\\/uploads\\\/2021\\\/11\\\/WhatsApp-Image-2021-11-07-at-10.36.11-AM-3.jpeg?fit=1024%2C683\\u0026ssl=1&quot;,&quot;id&quot;:&quot;8425&quot;,&quot;title&quot;:&quot;Fiscales revisando si hay remarcaje o problemas con las fechas de vencimientos de los productos&quot;,&quot;alt&quot;:&quot;&quot;,&quot;caption&quot;:&quot;&quot;,&quot;itemprop&quot;:&quot;image&quot;},{&quot;src&quot;:&quot;https:\\\/\\\/i0.wp.com\\\/mincomercionacional.gob.ve\\\/wp-content\\\/uploads\\\/2021\\\/11\\\/WhatsApp-Image-2021-11-07-at-10.36.10-AM-1.jpeg?fit=683%2C1024\\u0026ssl=1&quot;,&quot;id&quot;:&quot;8428&quot;,&quot;title&quot;:&quot;Fiscales revisando si hay remarcaje o problemas con las fechas de vencimientos de los productos&quot;,&quot;alt&quot;:&quot;&quot;,&quot;caption&quot;:&quot;&quot;,&quot;itemprop&quot;:&quot;image&quot;},{&quot;src&quot;:&quot;https:\\\/\\\/i0.wp.com\\\/mincomercionacional.gob.ve\\\/wp-content\\\/uploads\\\/2021\\\/11\\\/WhatsApp-Image-2021-11-07-at-10.36.08-AM.jpeg?fit=1024%2C683\\u0026ssl=1&quot;,&quot;id&quot;:&quot;8431&quot;,&quot;title&quot;:&quot;Fiscales revisando si hay remarcaje o problemas con las fechas de vencimientos de los productos&quot;,&quot;alt&quot;:&quot;&quot;,&quot;caption&quot;:&quot;&quot;,&quot;itemprop&quot;:&quot;image&quot;}]\" itemscope itemtype=\"https:\/\/schema.org\/ImageGallery\"><\/div>\n<p>&nbsp;<\/p>\n<p>&nbsp;<\/p>\n","protected":false},"excerpt":{"rendered":"<p>Por instrucciones del presidente de la Rep\u00fablica Bolivariana de Venezuela, Nicol\u00e1s Maduro y la superintendente, Dheliz \u00c1lvarez, la Superintendencia Nacional para la Defensa para los Derechos Socioecon\u00f3micos (Sundde), redobl\u00f3 los esfuerzos para proteger a los usuarios y las usuarias durante toda la temporada navide\u00f1a. El despliegue nacional, fue encabezado la noche del s\u00e1bado 6 de &hellip;<\/p>\n","protected":false},"author":12,"featured_media":8422,"comment_status":"closed","ping_status":"open","sticky":false,"template":"","format":"standard","meta":{"footnotes":""},"categories":[79],"tags":[343,736,773,34,49,322,774,59,39],"class_list":["post-8420","post","type-post","status-publish","format-standard","has-post-thumbnail","hentry","category-noticias","tag-derechos-socioeconomicos","tag-dheliz-alvarez","tag-juan-alejandro-iriarte","tag-ministerio-de-comercio-nacional","tag-nicolas-maduro","tag-precios-justos","tag-remarcaje-de-precios","tag-sundde","tag-venezuela"],"jetpack_featured_media_url":"https:\/\/i0.wp.com\/mincomercionacional.gob.ve\/wp-content\/uploads\/2021\/11\/WhatsApp-Image-2021-11-07-at-10.36.09-AM-3.jpeg?fit=1024%2C683&ssl=1","jetpack_shortlink":"https:\/\/wp.me\/pbvjg9-2bO","_links":{"self":[{"href":"https:\/\/mincomercionacional.gob.ve\/index.php?rest_route=\/wp\/v2\/posts\/8420","targetHints":{"allow":["GET"]}}],"collection":[{"href":"https:\/\/mincomercionacional.gob.ve\/index.php?rest_route=\/wp\/v2\/posts"}],"about":[{"href":"https:\/\/mincomercionacional.gob.ve\/index.php?rest_route=\/wp\/v2\/types\/post"}],"author":[{"embeddable":true,"href":"https:\/\/mincomercionacional.gob.ve\/index.php?rest_route=\/wp\/v2\/users\/12"}],"replies":[{"embeddable":true,"href":"https:\/\/mincomercionacional.gob.ve\/index.php?rest_route=%2Fwp%2Fv2%2Fcomments&post=8420"}],"version-history":[{"count":3,"href":"https:\/\/mincomercionacional.gob.ve\/index.php?rest_route=\/wp\/v2\/posts\/8420\/revisions"}],"predecessor-version":[{"id":8433,"href":"https:\/\/mincomercionacional.gob.ve\/index.php?rest_route=\/wp\/v2\/posts\/8420\/revisions\/8433"}],"wp:featuredmedia":[{"embeddable":true,"href":"https:\/\/mincomercionacional.gob.ve\/index.php?rest_route=\/wp\/v2\/media\/8422"}],"wp:attachment":[{"href":"https:\/\/mincomercionacional.gob.ve\/index.php?rest_route=%2Fwp%2Fv2%2Fmedia&parent=8420"}],"wp:term":[{"taxonomy":"category","embeddable":true,"href":"https:\/\/mincomercionacional.gob.ve\/index.php?rest_route=%2Fwp%2Fv2%2Fcategories&post=8420"},{"taxonomy":"post_tag","embeddable":true,"href":"https:\/\/mincomercionacional.gob.ve\/index.php?rest_route=%2Fwp%2Fv2%2Ftags&post=8420"}],"curies":[{"name":"wp","href":"https:\/\/api.w.org\/{rel}","templated":true}]}}