{"id":8395,"date":"2021-11-06T14:09:57","date_gmt":"2021-11-06T18:09:57","guid":{"rendered":"http:\/\/mincomercionacional.gob.ve\/?p=8395"},"modified":"2021-11-09T13:34:51","modified_gmt":"2021-11-09T17:34:51","slug":"sencamer-sapi-y-almacenadora-caracas-atendieron-emprendedores-que-desean-formalizar-presencia-en-comercio-nacional","status":"publish","type":"post","link":"https:\/\/mincomercionacional.gob.ve\/?p=8395","title":{"rendered":"Sencamer, Sapi y Almacenadora Caracas atendieron emprendedores que desean formalizar presencia en comercio nacional"},"content":{"rendered":"<p style=\"text-align: justify;\">Los entes adscritos al Ministerio del Poder Popular de Comercio Nacional, por instrucciones de la ministra Dheliz \u00c1lvarez, instalaron la Zona de atenci\u00f3n a las Peque\u00f1as y Medianas Industrias en el Parque Sim\u00f3n Bol\u00edvar, ubicado en la Base A\u00e9rea General\u00edsimo Francisco de Miranda de Caracas.<\/p>\n<p style=\"text-align: justify;\">Trabajadores y trabajadoras del Servicio Desconcentrado de Normalizaci\u00f3n, Calidad, Metrolog\u00eda y Reglamentos T\u00e9cnicos (SENCAMER), el Servicio Aut\u00f3nomo de Propiedad Intelectual (SAPI) y de la Almacenadora Caracas, estuvieron presentes en la Feria de Emprendedores \u201cMiranda Gastron\u00f3mica\u201d, que se desarroll\u00f3 del 4 al 7 de noviembre de 2021.<\/p>\n<p style=\"text-align: justify;\">Las instituciones del Estado venezolano, ofrecieron sus servicios a los emprendedores y las emprendedoras y promovieron sus productos dentro del ecosistema del comercio nacional en un encuentro donde se demostr\u00f3 el talento que desean formalizar su presencia en el comercio nacional.<\/p>\n<p style=\"text-align: justify;\">En \u201cMiranda Gastron\u00f3mica\u201d, aproximadamente 70 emprendedores exhibieron sus proyectos y recibieron atenci\u00f3n directa y gratuita del Ministerio de Comercio Nacional en materia de comercializaci\u00f3n, registro de empresas, entre otros procesos administrativos.<\/p>\n<p style=\"text-align: justify;\">Mar\u00eda Antonieta Cobo, productora de Caracas Emprende, manifest\u00f3 que gracias a la asesor\u00eda de las trabajadoras y los trabajadores de Sencamer, Sapi y la Almacenadora Caracas, le dieron la oportunidad a los emprendedores de ver como se impulsan sus proyectos.<\/p>\n<p style=\"text-align: justify;\">Saileska Solorzano, directora de Alimentos La Villa, productora de harinas alternativas para personas con r\u00e9gimen especial de alimentaci\u00f3n, manifest\u00f3 que gracias a la atenci\u00f3n de los entes adscritos al Ministerio de Comercio, tramita con Sencamer el registro de empresa manufacturera y el Control de Producto Envasado, c\u00f3digo que certifica el contenido neto de un producto.<\/p>\n<figure id=\"attachment_8397\" aria-describedby=\"caption-attachment-8397\" style=\"width: 1280px\" class=\"wp-caption aligncenter\"><img data-recalc-dims=\"1\" loading=\"lazy\" decoding=\"async\" data-attachment-id=\"8397\" data-permalink=\"https:\/\/mincomercionacional.gob.ve\/?attachment_id=8397\" data-orig-file=\"https:\/\/i0.wp.com\/mincomercionacional.gob.ve\/wp-content\/uploads\/2021\/11\/WhatsApp-Image-2021-11-06-at-1.40.36-PM.jpeg?fit=1280%2C720&amp;ssl=1\" data-orig-size=\"1280,720\" data-comments-opened=\"0\" data-image-meta=\"{&quot;aperture&quot;:&quot;0&quot;,&quot;credit&quot;:&quot;&quot;,&quot;camera&quot;:&quot;&quot;,&quot;caption&quot;:&quot;&quot;,&quot;created_timestamp&quot;:&quot;0&quot;,&quot;copyright&quot;:&quot;&quot;,&quot;focal_length&quot;:&quot;0&quot;,&quot;iso&quot;:&quot;0&quot;,&quot;shutter_speed&quot;:&quot;0&quot;,&quot;title&quot;:&quot;&quot;,&quot;orientation&quot;:&quot;0&quot;}\" data-image-title=\"El SAPI atendiendo a emprendedores y Emprendendoras en la Base A\u00e9rea General\u00edsimo Francisco de Miranda de Caracas\" data-image-description=\"\" data-image-caption=\"\" data-medium-file=\"https:\/\/i0.wp.com\/mincomercionacional.gob.ve\/wp-content\/uploads\/2021\/11\/WhatsApp-Image-2021-11-06-at-1.40.36-PM.jpeg?fit=300%2C169&amp;ssl=1\" data-large-file=\"https:\/\/i0.wp.com\/mincomercionacional.gob.ve\/wp-content\/uploads\/2021\/11\/WhatsApp-Image-2021-11-06-at-1.40.36-PM.jpeg?fit=1024%2C576&amp;ssl=1\" class=\"wp-image-8397 size-full\" src=\"https:\/\/i0.wp.com\/mincomercionacional.gob.ve\/wp-content\/uploads\/2021\/11\/WhatsApp-Image-2021-11-06-at-1.40.36-PM.jpeg?resize=1280%2C720\" alt=\"\" width=\"1280\" height=\"720\" \/><figcaption id=\"caption-attachment-8397\" class=\"wp-caption-text\">Los entes adscritos al Ministerio de Comercio Nacional atienden a emprendedoras y emprendedores en la Base A\u00e9rea General\u00edsimo Francisco de Miranda de Caracas<\/figcaption><\/figure>\n","protected":false},"excerpt":{"rendered":"<p>Los entes adscritos al Ministerio del Poder Popular de Comercio Nacional, por instrucciones de la ministra Dheliz \u00c1lvarez, instalaron la Zona de atenci\u00f3n a las Peque\u00f1as y Medianas Industrias en el Parque Sim\u00f3n Bol\u00edvar, ubicado en la Base A\u00e9rea General\u00edsimo Francisco de Miranda de Caracas. Trabajadores y trabajadoras del Servicio Desconcentrado de Normalizaci\u00f3n, Calidad, Metrolog\u00eda &hellip;<\/p>\n","protected":false},"author":12,"featured_media":8396,"comment_status":"closed","ping_status":"open","sticky":false,"template":"","format":"standard","meta":{"footnotes":""},"categories":[79],"tags":[55,735,736,503,34,75,60,39],"class_list":["post-8395","post","type-post","status-publish","format-standard","has-post-thumbnail","hentry","category-noticias","tag-almacenadora-caracas","tag-atencion","tag-dheliz-alvarez","tag-emprendedores","tag-ministerio-de-comercio-nacional","tag-sapi","tag-sencamer","tag-venezuela"],"jetpack_featured_media_url":"https:\/\/i0.wp.com\/mincomercionacional.gob.ve\/wp-content\/uploads\/2021\/11\/20211106-atencion-a-emprendedores.jpeg?fit=1280%2C960&ssl=1","jetpack_shortlink":"https:\/\/wp.me\/pbvjg9-2bp","_links":{"self":[{"href":"https:\/\/mincomercionacional.gob.ve\/index.php?rest_route=\/wp\/v2\/posts\/8395","targetHints":{"allow":["GET"]}}],"collection":[{"href":"https:\/\/mincomercionacional.gob.ve\/index.php?rest_route=\/wp\/v2\/posts"}],"about":[{"href":"https:\/\/mincomercionacional.gob.ve\/index.php?rest_route=\/wp\/v2\/types\/post"}],"author":[{"embeddable":true,"href":"https:\/\/mincomercionacional.gob.ve\/index.php?rest_route=\/wp\/v2\/users\/12"}],"replies":[{"embeddable":true,"href":"https:\/\/mincomercionacional.gob.ve\/index.php?rest_route=%2Fwp%2Fv2%2Fcomments&post=8395"}],"version-history":[{"count":2,"href":"https:\/\/mincomercionacional.gob.ve\/index.php?rest_route=\/wp\/v2\/posts\/8395\/revisions"}],"predecessor-version":[{"id":8465,"href":"https:\/\/mincomercionacional.gob.ve\/index.php?rest_route=\/wp\/v2\/posts\/8395\/revisions\/8465"}],"wp:featuredmedia":[{"embeddable":true,"href":"https:\/\/mincomercionacional.gob.ve\/index.php?rest_route=\/wp\/v2\/media\/8396"}],"wp:attachment":[{"href":"https:\/\/mincomercionacional.gob.ve\/index.php?rest_route=%2Fwp%2Fv2%2Fmedia&parent=8395"}],"wp:term":[{"taxonomy":"category","embeddable":true,"href":"https:\/\/mincomercionacional.gob.ve\/index.php?rest_route=%2Fwp%2Fv2%2Fcategories&post=8395"},{"taxonomy":"post_tag","embeddable":true,"href":"https:\/\/mincomercionacional.gob.ve\/index.php?rest_route=%2Fwp%2Fv2%2Ftags&post=8395"}],"curies":[{"name":"wp","href":"https:\/\/api.w.org\/{rel}","templated":true}]}}