{"id":8382,"date":"2021-11-05T18:32:16","date_gmt":"2021-11-05T22:32:16","guid":{"rendered":"http:\/\/mincomercionacional.gob.ve\/?p=8382"},"modified":"2022-11-28T16:48:10","modified_gmt":"2022-11-28T20:48:10","slug":"sundde-velara-por-cumplimiento-de-precios-y-aplicacion-del-semaforo-de-acceso","status":"publish","type":"post","link":"https:\/\/mincomercionacional.gob.ve\/?p=8382","title":{"rendered":"Sundde velar\u00e1 por cumplimiento de precios y aplicaci\u00f3n del Sem\u00e1foro de Acceso"},"content":{"rendered":"<p style=\"text-align: justify;\">El Ministerio del Poder Popular de Comercio Nacional, se velar\u00e1 para proteger los derechos socioecon\u00f3micos del pueblo durante la temporada navide\u00f1a.<\/p>\n<p style=\"text-align: justify;\">La ministra del Poder Popular de Comercio Nacional, <a href=\"https:\/\/twitter.com\/DhelizAlvarez\">Dheliz \u00c1lvarez<\/a>, sostuvo un encuentro con los responsables de la Superintendencia Nacional para la Defensa de los Derechos Socioecon\u00f3micos (Sundde) de todo el pa\u00eds.<\/p>\n<p style=\"text-align: justify;\">\u00ab<em>El presidente Nicol\u00e1s Maduro y la vicepresidenta Delcy Rodr\u00edguez, desean que el pueblo pase unas navidades felices; estamos trabajando para que el comercio y los consumidores, logren un equilibrio<\/em>\u00ab, expres\u00f3 este viernes 5 de noviembre la ministra.<\/p>\n<p style=\"text-align: justify;\">600 fiscales de la Sundde, vigilar\u00e1n el cumplimiento de los precios acordados de los productos de primera necesidad, los rubros navide\u00f1os y por la aplicaci\u00f3n del Sem\u00e1foro de Acceso, para evitar el contagio masivo del Covid-19.<\/p>\n<p style=\"text-align: justify;\">\u00ab<em>El comercio privado que apuesta al pa\u00eds, tambi\u00e9n se incorpor\u00f3 al trabajo que realiza el Gobierno Bolivariano, para garantizar los rubros de la \u00e9poca navide\u00f1a a precios solidarios<\/em>\u00ab, manifiest\u00f3 la ministra Dheliz \u00c1lvarez.<\/p>\n<p>Si deseas escuchas las declaraciones de la Ministra \u00c1lvarez a los medios de comunicaci\u00f3n puedes hacerlo ac\u00e1<\/p>\n<audio class=\"wp-audio-shortcode\" id=\"audio-8382-1\" preload=\"none\" style=\"width: 100%;\" controls=\"controls\"><source type=\"audio\/mpeg\" src=\"http:\/\/mincomercionacional.gob.ve\/wp-content\/uploads\/2021\/11\/2021-11-05-Dheliz-Alvarez-Sundde-fiscalizacion.mp3?_=1\" \/><a href=\"http:\/\/mincomercionacional.gob.ve\/wp-content\/uploads\/2021\/11\/2021-11-05-Dheliz-Alvarez-Sundde-fiscalizacion.mp3\">http:\/\/mincomercionacional.gob.ve\/wp-content\/uploads\/2021\/11\/2021-11-05-Dheliz-Alvarez-Sundde-fiscalizacion.mp3<\/a><\/audio>\n<div class=\"tiled-gallery type-square tiled-gallery-unresized\" data-original-width=\"500\" data-carousel-extra='{&quot;blog_id&quot;:1,&quot;permalink&quot;:&quot;https:\\\/\\\/mincomercionacional.gob.ve\\\/?p=8382&quot;,&quot;likes_blog_id&quot;:170001901}' itemscope itemtype=\"http:\/\/schema.org\/ImageGallery\" > <div class=\"gallery-row\" style=\"width: 500px; height: 250px;\" data-original-width=\"500\" data-original-height=\"250\" > <div class=\"gallery-group\" style=\"width: 250px; height: 250px;\" data-original-width=\"250\" data-original-height=\"250\" > <div class=\"tiled-gallery-item \" itemprop=\"associatedMedia\" itemscope itemtype=\"http:\/\/schema.org\/ImageObject\"> <a href=\"https:\/\/mincomercionacional.gob.ve\/?attachment_id=8392\" border=\"0\" itemprop=\"url\"> <meta itemprop=\"width\" content=\"246\"> <meta itemprop=\"height\" content=\"246\"> <img decoding=\"async\" class=\"\" data-attachment-id=\"8392\" data-orig-file=\"https:\/\/mincomercionacional.gob.ve\/wp-content\/uploads\/2021\/11\/photo4913929176810105389.jpg\" data-orig-size=\"1280,960\" data-comments-opened=\"\" data-image-meta=\"{&quot;aperture&quot;:&quot;0&quot;,&quot;credit&quot;:&quot;&quot;,&quot;camera&quot;:&quot;&quot;,&quot;caption&quot;:&quot;&quot;,&quot;created_timestamp&quot;:&quot;0&quot;,&quot;copyright&quot;:&quot;&quot;,&quot;focal_length&quot;:&quot;0&quot;,&quot;iso&quot;:&quot;0&quot;,&quot;shutter_speed&quot;:&quot;0&quot;,&quot;title&quot;:&quot;&quot;,&quot;orientation&quot;:&quot;0&quot;}\" data-image-title=\"La Ministra Dheliz \u00c1lvarez comparte con los compa\u00f1eros de la SUNDDE\" data-image-description=\"\" data-medium-file=\"https:\/\/i0.wp.com\/mincomercionacional.gob.ve\/wp-content\/uploads\/2021\/11\/photo4913929176810105389.jpg?fit=300%2C225&#038;ssl=1\" data-large-file=\"https:\/\/i0.wp.com\/mincomercionacional.gob.ve\/wp-content\/uploads\/2021\/11\/photo4913929176810105389.jpg?fit=1024%2C768&#038;ssl=1\" src=\"https:\/\/i0.wp.com\/mincomercionacional.gob.ve\/wp-content\/uploads\/2021\/11\/photo4913929176810105389.jpg?w=246&#038;h=246&#038;crop=1&#038;ssl=1\" width=\"246\" height=\"246\" loading=\"lazy\" data-original-width=\"246\" data-original-height=\"246\" itemprop=\"http:\/\/schema.org\/image\" title=\"La Ministra Dheliz \u00c1lvarez comparte con los compa\u00f1eros de la SUNDDE\" alt=\"La Ministra Dheliz \u00c1lvarez comparte con los compa\u00f1eros de la SUNDDE\" style=\"width: 246px; height: 246px;\" \/> <\/a> <\/div> <\/div> <div class=\"gallery-group\" style=\"width: 250px; height: 250px;\" data-original-width=\"250\" data-original-height=\"250\" > <div class=\"tiled-gallery-item \" itemprop=\"associatedMedia\" itemscope itemtype=\"http:\/\/schema.org\/ImageObject\"> <a href=\"https:\/\/mincomercionacional.gob.ve\/?attachment_id=8391\" border=\"0\" itemprop=\"url\"> <meta itemprop=\"width\" content=\"246\"> <meta itemprop=\"height\" content=\"246\"> <img decoding=\"async\" class=\"\" data-attachment-id=\"8391\" data-orig-file=\"https:\/\/mincomercionacional.gob.ve\/wp-content\/uploads\/2021\/11\/photo4913929176810105391.jpg\" data-orig-size=\"1280,960\" data-comments-opened=\"\" data-image-meta=\"{&quot;aperture&quot;:&quot;0&quot;,&quot;credit&quot;:&quot;&quot;,&quot;camera&quot;:&quot;&quot;,&quot;caption&quot;:&quot;&quot;,&quot;created_timestamp&quot;:&quot;0&quot;,&quot;copyright&quot;:&quot;&quot;,&quot;focal_length&quot;:&quot;0&quot;,&quot;iso&quot;:&quot;0&quot;,&quot;shutter_speed&quot;:&quot;0&quot;,&quot;title&quot;:&quot;&quot;,&quot;orientation&quot;:&quot;0&quot;}\" data-image-title=\"La Ministra Dheliz \u00c1lvarez comparte con los compa\u00f1eros de la SUNDDE\" data-image-description=\"\" data-medium-file=\"https:\/\/i0.wp.com\/mincomercionacional.gob.ve\/wp-content\/uploads\/2021\/11\/photo4913929176810105391.jpg?fit=300%2C225&#038;ssl=1\" data-large-file=\"https:\/\/i0.wp.com\/mincomercionacional.gob.ve\/wp-content\/uploads\/2021\/11\/photo4913929176810105391.jpg?fit=1024%2C768&#038;ssl=1\" src=\"https:\/\/i0.wp.com\/mincomercionacional.gob.ve\/wp-content\/uploads\/2021\/11\/photo4913929176810105391.jpg?w=246&#038;h=246&#038;crop=1&#038;ssl=1\" width=\"246\" height=\"246\" loading=\"lazy\" data-original-width=\"246\" data-original-height=\"246\" itemprop=\"http:\/\/schema.org\/image\" title=\"La Ministra Dheliz \u00c1lvarez comparte con los compa\u00f1eros de la SUNDDE\" alt=\"La Ministra Dheliz \u00c1lvarez comparte con los compa\u00f1eros de la SUNDDE\" style=\"width: 246px; height: 246px;\" \/> <\/a> <\/div> <\/div> <\/div> <div class=\"gallery-row\" style=\"width: 500px; height: 166px;\" data-original-width=\"500\" data-original-height=\"166\" > <div class=\"gallery-group\" style=\"width: 166px; height: 166px;\" data-original-width=\"166\" data-original-height=\"166\" > <div class=\"tiled-gallery-item \" itemprop=\"associatedMedia\" itemscope itemtype=\"http:\/\/schema.org\/ImageObject\"> <a href=\"https:\/\/mincomercionacional.gob.ve\/?attachment_id=8390\" border=\"0\" itemprop=\"url\"> <meta itemprop=\"width\" content=\"162\"> <meta itemprop=\"height\" content=\"162\"> <img decoding=\"async\" class=\"\" data-attachment-id=\"8390\" data-orig-file=\"https:\/\/mincomercionacional.gob.ve\/wp-content\/uploads\/2021\/11\/photo4913929176810105392.jpg\" data-orig-size=\"1280,960\" data-comments-opened=\"\" data-image-meta=\"{&quot;aperture&quot;:&quot;0&quot;,&quot;credit&quot;:&quot;&quot;,&quot;camera&quot;:&quot;&quot;,&quot;caption&quot;:&quot;&quot;,&quot;created_timestamp&quot;:&quot;0&quot;,&quot;copyright&quot;:&quot;&quot;,&quot;focal_length&quot;:&quot;0&quot;,&quot;iso&quot;:&quot;0&quot;,&quot;shutter_speed&quot;:&quot;0&quot;,&quot;title&quot;:&quot;&quot;,&quot;orientation&quot;:&quot;0&quot;}\" data-image-title=\"Reuni\u00f3n con los coordinadores regionales\" data-image-description=\"\" data-medium-file=\"https:\/\/i0.wp.com\/mincomercionacional.gob.ve\/wp-content\/uploads\/2021\/11\/photo4913929176810105392.jpg?fit=300%2C225&#038;ssl=1\" data-large-file=\"https:\/\/i0.wp.com\/mincomercionacional.gob.ve\/wp-content\/uploads\/2021\/11\/photo4913929176810105392.jpg?fit=1024%2C768&#038;ssl=1\" src=\"https:\/\/i0.wp.com\/mincomercionacional.gob.ve\/wp-content\/uploads\/2021\/11\/photo4913929176810105392.jpg?w=162&#038;h=162&#038;crop=1&#038;ssl=1\" width=\"162\" height=\"162\" loading=\"lazy\" data-original-width=\"162\" data-original-height=\"162\" itemprop=\"http:\/\/schema.org\/image\" title=\"Reuni\u00f3n con los coordinadores regionales\" alt=\"Reuni\u00f3n con los coordinadores regionales\" style=\"width: 162px; height: 162px;\" \/> <\/a> <\/div> <\/div> <div class=\"gallery-group\" style=\"width: 166px; height: 166px;\" data-original-width=\"166\" data-original-height=\"166\" > <div class=\"tiled-gallery-item \" itemprop=\"associatedMedia\" itemscope itemtype=\"http:\/\/schema.org\/ImageObject\"> <a href=\"https:\/\/mincomercionacional.gob.ve\/?attachment_id=8389\" border=\"0\" itemprop=\"url\"> <meta itemprop=\"width\" content=\"162\"> <meta itemprop=\"height\" content=\"162\"> <img decoding=\"async\" class=\"\" data-attachment-id=\"8389\" data-orig-file=\"https:\/\/mincomercionacional.gob.ve\/wp-content\/uploads\/2021\/11\/photo4913929176810105393.jpg\" data-orig-size=\"1280,960\" data-comments-opened=\"\" data-image-meta=\"{&quot;aperture&quot;:&quot;0&quot;,&quot;credit&quot;:&quot;&quot;,&quot;camera&quot;:&quot;&quot;,&quot;caption&quot;:&quot;&quot;,&quot;created_timestamp&quot;:&quot;0&quot;,&quot;copyright&quot;:&quot;&quot;,&quot;focal_length&quot;:&quot;0&quot;,&quot;iso&quot;:&quot;0&quot;,&quot;shutter_speed&quot;:&quot;0&quot;,&quot;title&quot;:&quot;&quot;,&quot;orientation&quot;:&quot;0&quot;}\" data-image-title=\"La Ministra Dheliz \u00c1lvarez conversa con los Coordinadores Regionales\" data-image-description=\"\" data-medium-file=\"https:\/\/i0.wp.com\/mincomercionacional.gob.ve\/wp-content\/uploads\/2021\/11\/photo4913929176810105393.jpg?fit=300%2C225&#038;ssl=1\" data-large-file=\"https:\/\/i0.wp.com\/mincomercionacional.gob.ve\/wp-content\/uploads\/2021\/11\/photo4913929176810105393.jpg?fit=1024%2C768&#038;ssl=1\" src=\"https:\/\/i0.wp.com\/mincomercionacional.gob.ve\/wp-content\/uploads\/2021\/11\/photo4913929176810105393.jpg?w=162&#038;h=162&#038;crop=1&#038;ssl=1\" width=\"162\" height=\"162\" loading=\"lazy\" data-original-width=\"162\" data-original-height=\"162\" itemprop=\"http:\/\/schema.org\/image\" title=\"La Ministra Dheliz \u00c1lvarez conversa con los Coordinadores Regionales\" alt=\"La Ministra Dheliz \u00c1lvarez conversa con los Coordinadores Regionales\" style=\"width: 162px; height: 162px;\" \/> <\/a> <\/div> <\/div> <div class=\"gallery-group\" style=\"width: 166px; height: 166px;\" data-original-width=\"166\" data-original-height=\"166\" > <div class=\"tiled-gallery-item \" itemprop=\"associatedMedia\" itemscope itemtype=\"http:\/\/schema.org\/ImageObject\"> <a href=\"https:\/\/mincomercionacional.gob.ve\/?attachment_id=8388\" border=\"0\" itemprop=\"url\"> <meta itemprop=\"width\" content=\"162\"> <meta itemprop=\"height\" content=\"162\"> <img decoding=\"async\" class=\"\" data-attachment-id=\"8388\" data-orig-file=\"https:\/\/mincomercionacional.gob.ve\/wp-content\/uploads\/2021\/11\/photo4913929176810105394.jpg\" data-orig-size=\"1280,960\" data-comments-opened=\"\" data-image-meta=\"{&quot;aperture&quot;:&quot;0&quot;,&quot;credit&quot;:&quot;&quot;,&quot;camera&quot;:&quot;&quot;,&quot;caption&quot;:&quot;&quot;,&quot;created_timestamp&quot;:&quot;0&quot;,&quot;copyright&quot;:&quot;&quot;,&quot;focal_length&quot;:&quot;0&quot;,&quot;iso&quot;:&quot;0&quot;,&quot;shutter_speed&quot;:&quot;0&quot;,&quot;title&quot;:&quot;&quot;,&quot;orientation&quot;:&quot;0&quot;}\" data-image-title=\"Reuni\u00f3n con los coordinadores regionales\" data-image-description=\"\" data-medium-file=\"https:\/\/i0.wp.com\/mincomercionacional.gob.ve\/wp-content\/uploads\/2021\/11\/photo4913929176810105394.jpg?fit=300%2C225&#038;ssl=1\" data-large-file=\"https:\/\/i0.wp.com\/mincomercionacional.gob.ve\/wp-content\/uploads\/2021\/11\/photo4913929176810105394.jpg?fit=1024%2C768&#038;ssl=1\" src=\"https:\/\/i0.wp.com\/mincomercionacional.gob.ve\/wp-content\/uploads\/2021\/11\/photo4913929176810105394.jpg?w=162&#038;h=162&#038;crop=1&#038;ssl=1\" width=\"162\" height=\"162\" loading=\"lazy\" data-original-width=\"162\" data-original-height=\"162\" itemprop=\"http:\/\/schema.org\/image\" title=\"Reuni\u00f3n con los coordinadores regionales\" alt=\"Reuni\u00f3n con los coordinadores regionales\" style=\"width: 162px; height: 162px;\" \/> <\/a> <\/div> <\/div> <\/div> <div class=\"gallery-row\" style=\"width: 500px; height: 166px;\" data-original-width=\"500\" data-original-height=\"166\" > <div class=\"gallery-group\" style=\"width: 166px; height: 166px;\" data-original-width=\"166\" data-original-height=\"166\" > <div class=\"tiled-gallery-item \" itemprop=\"associatedMedia\" itemscope itemtype=\"http:\/\/schema.org\/ImageObject\"> <a href=\"https:\/\/mincomercionacional.gob.ve\/?attachment_id=8387\" border=\"0\" itemprop=\"url\"> <meta itemprop=\"width\" content=\"162\"> <meta itemprop=\"height\" content=\"162\"> <img decoding=\"async\" class=\"\" data-attachment-id=\"8387\" data-orig-file=\"https:\/\/mincomercionacional.gob.ve\/wp-content\/uploads\/2021\/11\/photo4913929176810105395.jpg\" data-orig-size=\"1280,960\" data-comments-opened=\"\" data-image-meta=\"{&quot;aperture&quot;:&quot;0&quot;,&quot;credit&quot;:&quot;&quot;,&quot;camera&quot;:&quot;&quot;,&quot;caption&quot;:&quot;&quot;,&quot;created_timestamp&quot;:&quot;0&quot;,&quot;copyright&quot;:&quot;&quot;,&quot;focal_length&quot;:&quot;0&quot;,&quot;iso&quot;:&quot;0&quot;,&quot;shutter_speed&quot;:&quot;0&quot;,&quot;title&quot;:&quot;&quot;,&quot;orientation&quot;:&quot;0&quot;}\" data-image-title=\"Reuni\u00f3n con los coordinadores regionales\" data-image-description=\"\" data-medium-file=\"https:\/\/i0.wp.com\/mincomercionacional.gob.ve\/wp-content\/uploads\/2021\/11\/photo4913929176810105395.jpg?fit=300%2C225&#038;ssl=1\" data-large-file=\"https:\/\/i0.wp.com\/mincomercionacional.gob.ve\/wp-content\/uploads\/2021\/11\/photo4913929176810105395.jpg?fit=1024%2C768&#038;ssl=1\" src=\"https:\/\/i0.wp.com\/mincomercionacional.gob.ve\/wp-content\/uploads\/2021\/11\/photo4913929176810105395.jpg?w=162&#038;h=162&#038;crop=1&#038;ssl=1\" width=\"162\" height=\"162\" loading=\"lazy\" data-original-width=\"162\" data-original-height=\"162\" itemprop=\"http:\/\/schema.org\/image\" title=\"Reuni\u00f3n con los coordinadores regionales\" alt=\"Reuni\u00f3n con los coordinadores regionales\" style=\"width: 162px; height: 162px;\" \/> <\/a> <\/div> <\/div> <div class=\"gallery-group\" style=\"width: 166px; height: 166px;\" data-original-width=\"166\" data-original-height=\"166\" > <div class=\"tiled-gallery-item \" itemprop=\"associatedMedia\" itemscope itemtype=\"http:\/\/schema.org\/ImageObject\"> <a href=\"https:\/\/mincomercionacional.gob.ve\/?attachment_id=8386\" border=\"0\" itemprop=\"url\"> <meta itemprop=\"width\" content=\"162\"> <meta itemprop=\"height\" content=\"162\"> <img decoding=\"async\" class=\"\" data-attachment-id=\"8386\" data-orig-file=\"https:\/\/mincomercionacional.gob.ve\/wp-content\/uploads\/2021\/11\/photo4913929176810105396.jpg\" data-orig-size=\"1280,960\" data-comments-opened=\"\" data-image-meta=\"{&quot;aperture&quot;:&quot;0&quot;,&quot;credit&quot;:&quot;&quot;,&quot;camera&quot;:&quot;&quot;,&quot;caption&quot;:&quot;&quot;,&quot;created_timestamp&quot;:&quot;0&quot;,&quot;copyright&quot;:&quot;&quot;,&quot;focal_length&quot;:&quot;0&quot;,&quot;iso&quot;:&quot;0&quot;,&quot;shutter_speed&quot;:&quot;0&quot;,&quot;title&quot;:&quot;&quot;,&quot;orientation&quot;:&quot;0&quot;}\" data-image-title=\"intervenci\u00f3n de la Ministra Dheliz \u00c1lvarez\" data-image-description=\"\" data-medium-file=\"https:\/\/i0.wp.com\/mincomercionacional.gob.ve\/wp-content\/uploads\/2021\/11\/photo4913929176810105396.jpg?fit=300%2C225&#038;ssl=1\" data-large-file=\"https:\/\/i0.wp.com\/mincomercionacional.gob.ve\/wp-content\/uploads\/2021\/11\/photo4913929176810105396.jpg?fit=1024%2C768&#038;ssl=1\" src=\"https:\/\/i0.wp.com\/mincomercionacional.gob.ve\/wp-content\/uploads\/2021\/11\/photo4913929176810105396.jpg?w=162&#038;h=162&#038;crop=1&#038;ssl=1\" width=\"162\" height=\"162\" loading=\"lazy\" data-original-width=\"162\" data-original-height=\"162\" itemprop=\"http:\/\/schema.org\/image\" title=\"intervenci\u00f3n de la Ministra Dheliz \u00c1lvarez\" alt=\"intervenci\u00f3n de la Ministra Dheliz \u00c1lvarez\" style=\"width: 162px; height: 162px;\" \/> <\/a> <\/div> <\/div> <div class=\"gallery-group\" style=\"width: 166px; height: 166px;\" data-original-width=\"166\" data-original-height=\"166\" > <div class=\"tiled-gallery-item \" itemprop=\"associatedMedia\" itemscope itemtype=\"http:\/\/schema.org\/ImageObject\"> <a href=\"https:\/\/mincomercionacional.gob.ve\/?attachment_id=8385\" border=\"0\" itemprop=\"url\"> <meta itemprop=\"width\" content=\"162\"> <meta itemprop=\"height\" content=\"162\"> <img decoding=\"async\" class=\"\" data-attachment-id=\"8385\" data-orig-file=\"https:\/\/mincomercionacional.gob.ve\/wp-content\/uploads\/2021\/11\/photo4913929176810105397.jpg\" data-orig-size=\"1280,960\" data-comments-opened=\"\" data-image-meta=\"{&quot;aperture&quot;:&quot;0&quot;,&quot;credit&quot;:&quot;&quot;,&quot;camera&quot;:&quot;&quot;,&quot;caption&quot;:&quot;&quot;,&quot;created_timestamp&quot;:&quot;0&quot;,&quot;copyright&quot;:&quot;&quot;,&quot;focal_length&quot;:&quot;0&quot;,&quot;iso&quot;:&quot;0&quot;,&quot;shutter_speed&quot;:&quot;0&quot;,&quot;title&quot;:&quot;&quot;,&quot;orientation&quot;:&quot;0&quot;}\" data-image-title=\"Reuni\u00f3n con los coordinadores regionales\" data-image-description=\"\" data-medium-file=\"https:\/\/i0.wp.com\/mincomercionacional.gob.ve\/wp-content\/uploads\/2021\/11\/photo4913929176810105397.jpg?fit=300%2C225&#038;ssl=1\" data-large-file=\"https:\/\/i0.wp.com\/mincomercionacional.gob.ve\/wp-content\/uploads\/2021\/11\/photo4913929176810105397.jpg?fit=1024%2C768&#038;ssl=1\" src=\"https:\/\/i0.wp.com\/mincomercionacional.gob.ve\/wp-content\/uploads\/2021\/11\/photo4913929176810105397.jpg?w=162&#038;h=162&#038;crop=1&#038;ssl=1\" width=\"162\" height=\"162\" loading=\"lazy\" data-original-width=\"162\" data-original-height=\"162\" itemprop=\"http:\/\/schema.org\/image\" title=\"Reuni\u00f3n con los coordinadores regionales\" alt=\"Reuni\u00f3n con los coordinadores regionales\" style=\"width: 162px; height: 162px;\" \/> <\/a> <\/div> <\/div> <\/div> <\/div>\n","protected":false},"excerpt":{"rendered":"<p>El Ministerio del Poder Popular de Comercio Nacional, se velar\u00e1 para proteger los derechos socioecon\u00f3micos del pueblo durante la temporada navide\u00f1a. La ministra del Poder Popular de Comercio Nacional, Dheliz \u00c1lvarez, sostuvo un encuentro con los responsables de la Superintendencia Nacional para la Defensa de los Derechos Socioecon\u00f3micos (Sundde) de todo el pa\u00eds. \u00abEl presidente &hellip;<\/p>\n","protected":false},"author":12,"featured_media":8383,"comment_status":"closed","ping_status":"open","sticky":false,"template":"","format":"standard","meta":{"footnotes":""},"categories":[1256,79,1],"tags":[764,736,237,514,303,34,761,322,763,59],"class_list":["post-8382","post","type-post","status-publish","format-standard","has-post-thumbnail","hentry","category-comercio-nacional","category-noticias","category-prensa","tag-comercio-privado","tag-dheliz-alvarez","tag-empresarios","tag-fiscales","tag-fiscalizacion","tag-ministerio-de-comercio-nacional","tag-navidades-felices","tag-precios-justos","tag-semaforo-de-acceso","tag-sundde"],"jetpack_featured_media_url":"https:\/\/i0.wp.com\/mincomercionacional.gob.ve\/wp-content\/uploads\/2021\/11\/photo4913929176810105390.jpg?fit=1280%2C960&ssl=1","jetpack_shortlink":"https:\/\/wp.me\/pbvjg9-2bc","_links":{"self":[{"href":"https:\/\/mincomercionacional.gob.ve\/index.php?rest_route=\/wp\/v2\/posts\/8382","targetHints":{"allow":["GET"]}}],"collection":[{"href":"https:\/\/mincomercionacional.gob.ve\/index.php?rest_route=\/wp\/v2\/posts"}],"about":[{"href":"https:\/\/mincomercionacional.gob.ve\/index.php?rest_route=\/wp\/v2\/types\/post"}],"author":[{"embeddable":true,"href":"https:\/\/mincomercionacional.gob.ve\/index.php?rest_route=\/wp\/v2\/users\/12"}],"replies":[{"embeddable":true,"href":"https:\/\/mincomercionacional.gob.ve\/index.php?rest_route=%2Fwp%2Fv2%2Fcomments&post=8382"}],"version-history":[{"count":1,"href":"https:\/\/mincomercionacional.gob.ve\/index.php?rest_route=\/wp\/v2\/posts\/8382\/revisions"}],"predecessor-version":[{"id":8393,"href":"https:\/\/mincomercionacional.gob.ve\/index.php?rest_route=\/wp\/v2\/posts\/8382\/revisions\/8393"}],"wp:featuredmedia":[{"embeddable":true,"href":"https:\/\/mincomercionacional.gob.ve\/index.php?rest_route=\/wp\/v2\/media\/8383"}],"wp:attachment":[{"href":"https:\/\/mincomercionacional.gob.ve\/index.php?rest_route=%2Fwp%2Fv2%2Fmedia&parent=8382"}],"wp:term":[{"taxonomy":"category","embeddable":true,"href":"https:\/\/mincomercionacional.gob.ve\/index.php?rest_route=%2Fwp%2Fv2%2Fcategories&post=8382"},{"taxonomy":"post_tag","embeddable":true,"href":"https:\/\/mincomercionacional.gob.ve\/index.php?rest_route=%2Fwp%2Fv2%2Ftags&post=8382"}],"curies":[{"name":"wp","href":"https:\/\/api.w.org\/{rel}","templated":true}]}}