{"id":8036,"date":"2021-10-09T19:06:18","date_gmt":"2021-10-09T23:06:18","guid":{"rendered":"http:\/\/mincomercionacional.gob.ve\/?p=8036"},"modified":"2021-10-09T19:24:24","modified_gmt":"2021-10-09T23:24:24","slug":"restaurantes-conocen-paso-a-paso-del-semaforo-de-acceso","status":"publish","type":"post","link":"https:\/\/mincomercionacional.gob.ve\/?p=8036","title":{"rendered":"Restaurantes conocen paso a paso del Sem\u00e1foro de Acceso"},"content":{"rendered":"<p style=\"text-align: justify;\">Tal y como lo instruy\u00f3 el presidente Nicol\u00e1s Maduro, este s\u00e1bado los representantes de restaurantes y hoteles del pa\u00eds conocieron el paso a paso del Sem\u00e1foro de Acceso que ser\u00e1 implementado <strong>como medida de protecci\u00f3n contra la COVID-19.<\/strong><\/p>\n<p style=\"text-align: justify;\"><strong>La ministra del Poder Popular de Comercio Nacional, Eneida Laya<\/strong>, fue la encargada de explicarles las bondades de esta pesta\u00f1a que se encuentra en la aplicaci\u00f3n veQR, en principio se aplicar\u00e1 en los restaurantes a fin de que puedan trabajar y mantener los protocolos de bioseguridad.<\/p>\n<p style=\"text-align: justify;\">\u201cLes explicamos c\u00f3mo descargar la aplicaci\u00f3n, <strong>cu\u00e1les son los beneficios<\/strong> y en funci\u00f3n de esto ya esta semana estaremos en la calle haciendo la prueba piloto en los restaurantes y dentro de 20 d\u00edas ya todos los restaurantes y cafeter\u00edas estar\u00e1n incorporados en este proceso\u201d, dijo la Ministra.<\/p>\n<p style=\"text-align: justify;\"><strong>Explic\u00f3 que las personas que est\u00e1n vacunadas<\/strong>, cuyo registro est\u00e1 en el sistema del Ministerio del Poder Popular para la salud ser\u00e1n identificadas en la aplicaci\u00f3n y esto le va a permitir al comercio evitar los contagios en el lugar.<\/p>\n<p style=\"text-align: justify;\">En la reuni\u00f3n, estuvieron presente diversos representantes del sector de alimentaci\u00f3n del pa\u00eds, entre ellos Iv\u00e1n Puerta, presidente de la<strong> C\u00e1mara Nacional de Restaurantes (CANARE),<\/strong> quien asegur\u00f3 que el proceso es bastante amigable.<\/p>\n<p style=\"text-align: justify;\">\u201cHoy tuvimos un encuentro donde conocimos de primera mano como ser\u00e1 todo el proceso y la din\u00e1mica de la implementaci\u00f3n del Sem\u00e1foro de Acceso, quienes estuvimos presente comprobamos que se trata de un proceso amigable, es una din\u00e1mica que dura un par de segundos y que ser\u00e1 beneficioso para los establecimientos\u201d, <strong>dijo Puerta, a la vez que hizo una invitaci\u00f3n a los comerciantes del pa\u00eds a unirse a este proceso.<\/strong><\/p>\n<p style=\"text-align: justify;\"><strong>\u201cEsperamos que esto sea en pro de lograr<\/strong> una comunidad del reba\u00f1o donde podamos tener de nuevo la normalidad que tanto esperamos\u201d, finaliz\u00f3.<\/p>\n<p style=\"text-align: justify;\">Este viernes el presidente Nicol\u00e1s Maduro anunci\u00f3 que la aplicaci\u00f3n funcionar\u00e1 de la siguiente manera: La luz verde registrar\u00e1 a las personas vacunadas, la luz amarilla a las personas sanas, pero sin vacuna y la luz roja, registrar\u00e1 a las personas que tengan prueba <strong>PCR positiva para COVID-19 en los \u00faltimos 21 d\u00edas.<img data-recalc-dims=\"1\" loading=\"lazy\" decoding=\"async\" data-attachment-id=\"8039\" data-permalink=\"https:\/\/mincomercionacional.gob.ve\/?attachment_id=8039\" data-orig-file=\"https:\/\/i0.wp.com\/mincomercionacional.gob.ve\/wp-content\/uploads\/2021\/10\/IMG_9144.jpg?fit=320%2C213&amp;ssl=1\" data-orig-size=\"320,213\" data-comments-opened=\"0\" data-image-meta=\"{&quot;aperture&quot;:&quot;0&quot;,&quot;credit&quot;:&quot;&quot;,&quot;camera&quot;:&quot;&quot;,&quot;caption&quot;:&quot;&quot;,&quot;created_timestamp&quot;:&quot;0&quot;,&quot;copyright&quot;:&quot;&quot;,&quot;focal_length&quot;:&quot;0&quot;,&quot;iso&quot;:&quot;0&quot;,&quot;shutter_speed&quot;:&quot;0&quot;,&quot;title&quot;:&quot;&quot;,&quot;orientation&quot;:&quot;0&quot;}\" data-image-title=\"IMG_9144\" data-image-description=\"\" data-image-caption=\"\" data-medium-file=\"https:\/\/i0.wp.com\/mincomercionacional.gob.ve\/wp-content\/uploads\/2021\/10\/IMG_9144.jpg?fit=300%2C200&amp;ssl=1\" data-large-file=\"https:\/\/i0.wp.com\/mincomercionacional.gob.ve\/wp-content\/uploads\/2021\/10\/IMG_9144.jpg?fit=320%2C213&amp;ssl=1\" class=\"alignnone size-full wp-image-8039\" src=\"https:\/\/i0.wp.com\/mincomercionacional.gob.ve\/wp-content\/uploads\/2021\/10\/IMG_9144.jpg?resize=320%2C213\" alt=\"\" width=\"320\" height=\"213\" \/> <img data-recalc-dims=\"1\" loading=\"lazy\" decoding=\"async\" data-attachment-id=\"8038\" data-permalink=\"https:\/\/mincomercionacional.gob.ve\/?attachment_id=8038\" data-orig-file=\"https:\/\/i0.wp.com\/mincomercionacional.gob.ve\/wp-content\/uploads\/2021\/10\/IMG_9136-1.jpg?fit=320%2C213&amp;ssl=1\" data-orig-size=\"320,213\" data-comments-opened=\"0\" data-image-meta=\"{&quot;aperture&quot;:&quot;0&quot;,&quot;credit&quot;:&quot;&quot;,&quot;camera&quot;:&quot;&quot;,&quot;caption&quot;:&quot;&quot;,&quot;created_timestamp&quot;:&quot;0&quot;,&quot;copyright&quot;:&quot;&quot;,&quot;focal_length&quot;:&quot;0&quot;,&quot;iso&quot;:&quot;0&quot;,&quot;shutter_speed&quot;:&quot;0&quot;,&quot;title&quot;:&quot;&quot;,&quot;orientation&quot;:&quot;0&quot;}\" data-image-title=\"IMG_9136\" data-image-description=\"\" data-image-caption=\"\" data-medium-file=\"https:\/\/i0.wp.com\/mincomercionacional.gob.ve\/wp-content\/uploads\/2021\/10\/IMG_9136-1.jpg?fit=300%2C200&amp;ssl=1\" data-large-file=\"https:\/\/i0.wp.com\/mincomercionacional.gob.ve\/wp-content\/uploads\/2021\/10\/IMG_9136-1.jpg?fit=320%2C213&amp;ssl=1\" class=\"alignnone size-full wp-image-8038\" src=\"https:\/\/i0.wp.com\/mincomercionacional.gob.ve\/wp-content\/uploads\/2021\/10\/IMG_9136-1.jpg?resize=320%2C213\" alt=\"\" width=\"320\" height=\"213\" \/> <img data-recalc-dims=\"1\" loading=\"lazy\" decoding=\"async\" data-attachment-id=\"8043\" data-permalink=\"https:\/\/mincomercionacional.gob.ve\/?attachment_id=8043\" data-orig-file=\"https:\/\/i0.wp.com\/mincomercionacional.gob.ve\/wp-content\/uploads\/2021\/10\/IMG_9183.jpg?fit=320%2C213&amp;ssl=1\" data-orig-size=\"320,213\" data-comments-opened=\"0\" data-image-meta=\"{&quot;aperture&quot;:&quot;0&quot;,&quot;credit&quot;:&quot;&quot;,&quot;camera&quot;:&quot;&quot;,&quot;caption&quot;:&quot;&quot;,&quot;created_timestamp&quot;:&quot;0&quot;,&quot;copyright&quot;:&quot;&quot;,&quot;focal_length&quot;:&quot;0&quot;,&quot;iso&quot;:&quot;0&quot;,&quot;shutter_speed&quot;:&quot;0&quot;,&quot;title&quot;:&quot;&quot;,&quot;orientation&quot;:&quot;0&quot;}\" data-image-title=\"IMG_9183\" data-image-description=\"\" data-image-caption=\"\" data-medium-file=\"https:\/\/i0.wp.com\/mincomercionacional.gob.ve\/wp-content\/uploads\/2021\/10\/IMG_9183.jpg?fit=300%2C200&amp;ssl=1\" data-large-file=\"https:\/\/i0.wp.com\/mincomercionacional.gob.ve\/wp-content\/uploads\/2021\/10\/IMG_9183.jpg?fit=320%2C213&amp;ssl=1\" class=\"alignnone size-full wp-image-8043\" src=\"https:\/\/i0.wp.com\/mincomercionacional.gob.ve\/wp-content\/uploads\/2021\/10\/IMG_9183.jpg?resize=320%2C213\" alt=\"\" width=\"320\" height=\"213\" \/> <img data-recalc-dims=\"1\" loading=\"lazy\" decoding=\"async\" data-attachment-id=\"8044\" data-permalink=\"https:\/\/mincomercionacional.gob.ve\/?attachment_id=8044\" data-orig-file=\"https:\/\/i0.wp.com\/mincomercionacional.gob.ve\/wp-content\/uploads\/2021\/10\/IMG_9185.jpg?fit=320%2C213&amp;ssl=1\" data-orig-size=\"320,213\" data-comments-opened=\"0\" data-image-meta=\"{&quot;aperture&quot;:&quot;0&quot;,&quot;credit&quot;:&quot;&quot;,&quot;camera&quot;:&quot;&quot;,&quot;caption&quot;:&quot;&quot;,&quot;created_timestamp&quot;:&quot;0&quot;,&quot;copyright&quot;:&quot;&quot;,&quot;focal_length&quot;:&quot;0&quot;,&quot;iso&quot;:&quot;0&quot;,&quot;shutter_speed&quot;:&quot;0&quot;,&quot;title&quot;:&quot;&quot;,&quot;orientation&quot;:&quot;0&quot;}\" data-image-title=\"IMG_9185\" data-image-description=\"\" data-image-caption=\"\" data-medium-file=\"https:\/\/i0.wp.com\/mincomercionacional.gob.ve\/wp-content\/uploads\/2021\/10\/IMG_9185.jpg?fit=300%2C200&amp;ssl=1\" data-large-file=\"https:\/\/i0.wp.com\/mincomercionacional.gob.ve\/wp-content\/uploads\/2021\/10\/IMG_9185.jpg?fit=320%2C213&amp;ssl=1\" class=\"alignnone size-full wp-image-8044\" src=\"https:\/\/i0.wp.com\/mincomercionacional.gob.ve\/wp-content\/uploads\/2021\/10\/IMG_9185.jpg?resize=320%2C213\" alt=\"\" width=\"320\" height=\"213\" \/> <img data-recalc-dims=\"1\" loading=\"lazy\" decoding=\"async\" data-attachment-id=\"8045\" data-permalink=\"https:\/\/mincomercionacional.gob.ve\/?attachment_id=8045\" data-orig-file=\"https:\/\/i0.wp.com\/mincomercionacional.gob.ve\/wp-content\/uploads\/2021\/10\/IMG_9187.jpg?fit=320%2C213&amp;ssl=1\" data-orig-size=\"320,213\" data-comments-opened=\"0\" data-image-meta=\"{&quot;aperture&quot;:&quot;0&quot;,&quot;credit&quot;:&quot;&quot;,&quot;camera&quot;:&quot;&quot;,&quot;caption&quot;:&quot;&quot;,&quot;created_timestamp&quot;:&quot;0&quot;,&quot;copyright&quot;:&quot;&quot;,&quot;focal_length&quot;:&quot;0&quot;,&quot;iso&quot;:&quot;0&quot;,&quot;shutter_speed&quot;:&quot;0&quot;,&quot;title&quot;:&quot;&quot;,&quot;orientation&quot;:&quot;0&quot;}\" data-image-title=\"IMG_9187\" data-image-description=\"\" data-image-caption=\"\" data-medium-file=\"https:\/\/i0.wp.com\/mincomercionacional.gob.ve\/wp-content\/uploads\/2021\/10\/IMG_9187.jpg?fit=300%2C200&amp;ssl=1\" data-large-file=\"https:\/\/i0.wp.com\/mincomercionacional.gob.ve\/wp-content\/uploads\/2021\/10\/IMG_9187.jpg?fit=320%2C213&amp;ssl=1\" class=\"alignnone size-full wp-image-8045\" src=\"https:\/\/i0.wp.com\/mincomercionacional.gob.ve\/wp-content\/uploads\/2021\/10\/IMG_9187.jpg?resize=320%2C213\" alt=\"\" width=\"320\" height=\"213\" \/> <img data-recalc-dims=\"1\" loading=\"lazy\" decoding=\"async\" data-attachment-id=\"8046\" data-permalink=\"https:\/\/mincomercionacional.gob.ve\/?attachment_id=8046\" data-orig-file=\"https:\/\/i0.wp.com\/mincomercionacional.gob.ve\/wp-content\/uploads\/2021\/10\/IMG_9193.jpg?fit=320%2C213&amp;ssl=1\" data-orig-size=\"320,213\" data-comments-opened=\"0\" data-image-meta=\"{&quot;aperture&quot;:&quot;0&quot;,&quot;credit&quot;:&quot;&quot;,&quot;camera&quot;:&quot;&quot;,&quot;caption&quot;:&quot;&quot;,&quot;created_timestamp&quot;:&quot;0&quot;,&quot;copyright&quot;:&quot;&quot;,&quot;focal_length&quot;:&quot;0&quot;,&quot;iso&quot;:&quot;0&quot;,&quot;shutter_speed&quot;:&quot;0&quot;,&quot;title&quot;:&quot;&quot;,&quot;orientation&quot;:&quot;0&quot;}\" data-image-title=\"IMG_9193\" data-image-description=\"\" data-image-caption=\"\" data-medium-file=\"https:\/\/i0.wp.com\/mincomercionacional.gob.ve\/wp-content\/uploads\/2021\/10\/IMG_9193.jpg?fit=300%2C200&amp;ssl=1\" data-large-file=\"https:\/\/i0.wp.com\/mincomercionacional.gob.ve\/wp-content\/uploads\/2021\/10\/IMG_9193.jpg?fit=320%2C213&amp;ssl=1\" class=\"alignnone size-full wp-image-8046\" src=\"https:\/\/i0.wp.com\/mincomercionacional.gob.ve\/wp-content\/uploads\/2021\/10\/IMG_9193.jpg?resize=320%2C213\" alt=\"\" width=\"320\" height=\"213\" \/> <img data-recalc-dims=\"1\" loading=\"lazy\" decoding=\"async\" data-attachment-id=\"8051\" data-permalink=\"https:\/\/mincomercionacional.gob.ve\/?attachment_id=8051\" data-orig-file=\"https:\/\/i0.wp.com\/mincomercionacional.gob.ve\/wp-content\/uploads\/2021\/10\/IMG_9224.jpg?fit=320%2C213&amp;ssl=1\" data-orig-size=\"320,213\" data-comments-opened=\"0\" data-image-meta=\"{&quot;aperture&quot;:&quot;0&quot;,&quot;credit&quot;:&quot;&quot;,&quot;camera&quot;:&quot;&quot;,&quot;caption&quot;:&quot;&quot;,&quot;created_timestamp&quot;:&quot;0&quot;,&quot;copyright&quot;:&quot;&quot;,&quot;focal_length&quot;:&quot;0&quot;,&quot;iso&quot;:&quot;0&quot;,&quot;shutter_speed&quot;:&quot;0&quot;,&quot;title&quot;:&quot;&quot;,&quot;orientation&quot;:&quot;0&quot;}\" data-image-title=\"IMG_9224\" data-image-description=\"\" data-image-caption=\"\" data-medium-file=\"https:\/\/i0.wp.com\/mincomercionacional.gob.ve\/wp-content\/uploads\/2021\/10\/IMG_9224.jpg?fit=300%2C200&amp;ssl=1\" data-large-file=\"https:\/\/i0.wp.com\/mincomercionacional.gob.ve\/wp-content\/uploads\/2021\/10\/IMG_9224.jpg?fit=320%2C213&amp;ssl=1\" class=\"alignnone size-full wp-image-8051\" src=\"https:\/\/i0.wp.com\/mincomercionacional.gob.ve\/wp-content\/uploads\/2021\/10\/IMG_9224.jpg?resize=320%2C213\" alt=\"\" width=\"320\" height=\"213\" \/> <img data-recalc-dims=\"1\" loading=\"lazy\" decoding=\"async\" data-attachment-id=\"8050\" data-permalink=\"https:\/\/mincomercionacional.gob.ve\/?attachment_id=8050\" data-orig-file=\"https:\/\/i0.wp.com\/mincomercionacional.gob.ve\/wp-content\/uploads\/2021\/10\/IMG_9219.jpg?fit=320%2C213&amp;ssl=1\" data-orig-size=\"320,213\" data-comments-opened=\"0\" data-image-meta=\"{&quot;aperture&quot;:&quot;0&quot;,&quot;credit&quot;:&quot;&quot;,&quot;camera&quot;:&quot;&quot;,&quot;caption&quot;:&quot;&quot;,&quot;created_timestamp&quot;:&quot;0&quot;,&quot;copyright&quot;:&quot;&quot;,&quot;focal_length&quot;:&quot;0&quot;,&quot;iso&quot;:&quot;0&quot;,&quot;shutter_speed&quot;:&quot;0&quot;,&quot;title&quot;:&quot;&quot;,&quot;orientation&quot;:&quot;0&quot;}\" data-image-title=\"IMG_9219\" data-image-description=\"\" data-image-caption=\"\" data-medium-file=\"https:\/\/i0.wp.com\/mincomercionacional.gob.ve\/wp-content\/uploads\/2021\/10\/IMG_9219.jpg?fit=300%2C200&amp;ssl=1\" data-large-file=\"https:\/\/i0.wp.com\/mincomercionacional.gob.ve\/wp-content\/uploads\/2021\/10\/IMG_9219.jpg?fit=320%2C213&amp;ssl=1\" class=\"alignnone size-full wp-image-8050\" src=\"https:\/\/i0.wp.com\/mincomercionacional.gob.ve\/wp-content\/uploads\/2021\/10\/IMG_9219.jpg?resize=320%2C213\" alt=\"\" width=\"320\" height=\"213\" \/> <img data-recalc-dims=\"1\" loading=\"lazy\" decoding=\"async\" data-attachment-id=\"8052\" data-permalink=\"https:\/\/mincomercionacional.gob.ve\/?attachment_id=8052\" data-orig-file=\"https:\/\/i0.wp.com\/mincomercionacional.gob.ve\/wp-content\/uploads\/2021\/10\/IMG_9232.jpg?fit=320%2C213&amp;ssl=1\" data-orig-size=\"320,213\" data-comments-opened=\"0\" data-image-meta=\"{&quot;aperture&quot;:&quot;0&quot;,&quot;credit&quot;:&quot;&quot;,&quot;camera&quot;:&quot;&quot;,&quot;caption&quot;:&quot;&quot;,&quot;created_timestamp&quot;:&quot;0&quot;,&quot;copyright&quot;:&quot;&quot;,&quot;focal_length&quot;:&quot;0&quot;,&quot;iso&quot;:&quot;0&quot;,&quot;shutter_speed&quot;:&quot;0&quot;,&quot;title&quot;:&quot;&quot;,&quot;orientation&quot;:&quot;0&quot;}\" data-image-title=\"IMG_9232\" data-image-description=\"\" data-image-caption=\"\" data-medium-file=\"https:\/\/i0.wp.com\/mincomercionacional.gob.ve\/wp-content\/uploads\/2021\/10\/IMG_9232.jpg?fit=300%2C200&amp;ssl=1\" data-large-file=\"https:\/\/i0.wp.com\/mincomercionacional.gob.ve\/wp-content\/uploads\/2021\/10\/IMG_9232.jpg?fit=320%2C213&amp;ssl=1\" class=\"alignnone size-full wp-image-8052\" src=\"https:\/\/i0.wp.com\/mincomercionacional.gob.ve\/wp-content\/uploads\/2021\/10\/IMG_9232.jpg?resize=320%2C213\" alt=\"\" width=\"320\" height=\"213\" \/> <img data-recalc-dims=\"1\" loading=\"lazy\" decoding=\"async\" data-attachment-id=\"8048\" data-permalink=\"https:\/\/mincomercionacional.gob.ve\/?attachment_id=8048\" data-orig-file=\"https:\/\/i0.wp.com\/mincomercionacional.gob.ve\/wp-content\/uploads\/2021\/10\/IMG_9201.jpg?fit=320%2C213&amp;ssl=1\" data-orig-size=\"320,213\" data-comments-opened=\"0\" data-image-meta=\"{&quot;aperture&quot;:&quot;0&quot;,&quot;credit&quot;:&quot;&quot;,&quot;camera&quot;:&quot;&quot;,&quot;caption&quot;:&quot;&quot;,&quot;created_timestamp&quot;:&quot;0&quot;,&quot;copyright&quot;:&quot;&quot;,&quot;focal_length&quot;:&quot;0&quot;,&quot;iso&quot;:&quot;0&quot;,&quot;shutter_speed&quot;:&quot;0&quot;,&quot;title&quot;:&quot;&quot;,&quot;orientation&quot;:&quot;0&quot;}\" data-image-title=\"IMG_9201\" data-image-description=\"\" data-image-caption=\"\" data-medium-file=\"https:\/\/i0.wp.com\/mincomercionacional.gob.ve\/wp-content\/uploads\/2021\/10\/IMG_9201.jpg?fit=300%2C200&amp;ssl=1\" data-large-file=\"https:\/\/i0.wp.com\/mincomercionacional.gob.ve\/wp-content\/uploads\/2021\/10\/IMG_9201.jpg?fit=320%2C213&amp;ssl=1\" class=\"alignnone size-full wp-image-8048\" src=\"https:\/\/i0.wp.com\/mincomercionacional.gob.ve\/wp-content\/uploads\/2021\/10\/IMG_9201.jpg?resize=320%2C213\" alt=\"\" width=\"320\" height=\"213\" \/> <img data-recalc-dims=\"1\" loading=\"lazy\" decoding=\"async\" data-attachment-id=\"8049\" data-permalink=\"https:\/\/mincomercionacional.gob.ve\/?attachment_id=8049\" data-orig-file=\"https:\/\/i0.wp.com\/mincomercionacional.gob.ve\/wp-content\/uploads\/2021\/10\/IMG_9207.jpg?fit=320%2C213&amp;ssl=1\" data-orig-size=\"320,213\" data-comments-opened=\"0\" data-image-meta=\"{&quot;aperture&quot;:&quot;0&quot;,&quot;credit&quot;:&quot;&quot;,&quot;camera&quot;:&quot;&quot;,&quot;caption&quot;:&quot;&quot;,&quot;created_timestamp&quot;:&quot;0&quot;,&quot;copyright&quot;:&quot;&quot;,&quot;focal_length&quot;:&quot;0&quot;,&quot;iso&quot;:&quot;0&quot;,&quot;shutter_speed&quot;:&quot;0&quot;,&quot;title&quot;:&quot;&quot;,&quot;orientation&quot;:&quot;0&quot;}\" data-image-title=\"IMG_9207\" data-image-description=\"\" data-image-caption=\"\" data-medium-file=\"https:\/\/i0.wp.com\/mincomercionacional.gob.ve\/wp-content\/uploads\/2021\/10\/IMG_9207.jpg?fit=300%2C200&amp;ssl=1\" data-large-file=\"https:\/\/i0.wp.com\/mincomercionacional.gob.ve\/wp-content\/uploads\/2021\/10\/IMG_9207.jpg?fit=320%2C213&amp;ssl=1\" class=\"alignnone size-full wp-image-8049\" src=\"https:\/\/i0.wp.com\/mincomercionacional.gob.ve\/wp-content\/uploads\/2021\/10\/IMG_9207.jpg?resize=320%2C213\" alt=\"\" width=\"320\" height=\"213\" \/> <img data-recalc-dims=\"1\" loading=\"lazy\" decoding=\"async\" data-attachment-id=\"8041\" data-permalink=\"https:\/\/mincomercionacional.gob.ve\/?attachment_id=8041\" data-orig-file=\"https:\/\/i0.wp.com\/mincomercionacional.gob.ve\/wp-content\/uploads\/2021\/10\/IMG_9170.jpg?fit=320%2C213&amp;ssl=1\" data-orig-size=\"320,213\" data-comments-opened=\"0\" data-image-meta=\"{&quot;aperture&quot;:&quot;0&quot;,&quot;credit&quot;:&quot;&quot;,&quot;camera&quot;:&quot;&quot;,&quot;caption&quot;:&quot;&quot;,&quot;created_timestamp&quot;:&quot;0&quot;,&quot;copyright&quot;:&quot;&quot;,&quot;focal_length&quot;:&quot;0&quot;,&quot;iso&quot;:&quot;0&quot;,&quot;shutter_speed&quot;:&quot;0&quot;,&quot;title&quot;:&quot;&quot;,&quot;orientation&quot;:&quot;0&quot;}\" data-image-title=\"IMG_9170\" data-image-description=\"\" data-image-caption=\"\" data-medium-file=\"https:\/\/i0.wp.com\/mincomercionacional.gob.ve\/wp-content\/uploads\/2021\/10\/IMG_9170.jpg?fit=300%2C200&amp;ssl=1\" data-large-file=\"https:\/\/i0.wp.com\/mincomercionacional.gob.ve\/wp-content\/uploads\/2021\/10\/IMG_9170.jpg?fit=320%2C213&amp;ssl=1\" class=\"alignnone size-full wp-image-8041\" src=\"https:\/\/i0.wp.com\/mincomercionacional.gob.ve\/wp-content\/uploads\/2021\/10\/IMG_9170.jpg?resize=320%2C213\" alt=\"\" width=\"320\" height=\"213\" \/> <img data-recalc-dims=\"1\" loading=\"lazy\" decoding=\"async\" data-attachment-id=\"8042\" data-permalink=\"https:\/\/mincomercionacional.gob.ve\/?attachment_id=8042\" data-orig-file=\"https:\/\/i0.wp.com\/mincomercionacional.gob.ve\/wp-content\/uploads\/2021\/10\/IMG_9181.jpg?fit=320%2C213&amp;ssl=1\" data-orig-size=\"320,213\" data-comments-opened=\"0\" data-image-meta=\"{&quot;aperture&quot;:&quot;0&quot;,&quot;credit&quot;:&quot;&quot;,&quot;camera&quot;:&quot;&quot;,&quot;caption&quot;:&quot;&quot;,&quot;created_timestamp&quot;:&quot;0&quot;,&quot;copyright&quot;:&quot;&quot;,&quot;focal_length&quot;:&quot;0&quot;,&quot;iso&quot;:&quot;0&quot;,&quot;shutter_speed&quot;:&quot;0&quot;,&quot;title&quot;:&quot;&quot;,&quot;orientation&quot;:&quot;0&quot;}\" data-image-title=\"IMG_9181\" data-image-description=\"\" data-image-caption=\"\" data-medium-file=\"https:\/\/i0.wp.com\/mincomercionacional.gob.ve\/wp-content\/uploads\/2021\/10\/IMG_9181.jpg?fit=300%2C200&amp;ssl=1\" data-large-file=\"https:\/\/i0.wp.com\/mincomercionacional.gob.ve\/wp-content\/uploads\/2021\/10\/IMG_9181.jpg?fit=320%2C213&amp;ssl=1\" class=\"alignnone size-full wp-image-8042\" src=\"https:\/\/i0.wp.com\/mincomercionacional.gob.ve\/wp-content\/uploads\/2021\/10\/IMG_9181.jpg?resize=320%2C213\" alt=\"\" width=\"320\" height=\"213\" \/><\/strong><\/p>\n","protected":false},"excerpt":{"rendered":"<p>Tal y como lo instruy\u00f3 el presidente Nicol\u00e1s Maduro, este s\u00e1bado los representantes de restaurantes y hoteles del pa\u00eds conocieron el paso a paso del Sem\u00e1foro de Acceso que ser\u00e1 implementado como medida de protecci\u00f3n contra la COVID-19. La ministra del Poder Popular de Comercio Nacional, Eneida Laya, fue la encargada de explicarles las bondades &hellip;<\/p>\n","protected":false},"author":5,"featured_media":8040,"comment_status":"closed","ping_status":"open","sticky":false,"template":"","format":"standard","meta":{"footnotes":""},"categories":[1],"tags":[285,283],"class_list":["post-8036","post","type-post","status-publish","format-standard","has-post-thumbnail","hentry","category-prensa","tag-eneidalaya","tag-ministeriodecomercionacional"],"jetpack_featured_media_url":"https:\/\/i0.wp.com\/mincomercionacional.gob.ve\/wp-content\/uploads\/2021\/10\/IMG_9164.jpg?fit=320%2C213&ssl=1","jetpack_shortlink":"https:\/\/wp.me\/pbvjg9-25C","_links":{"self":[{"href":"https:\/\/mincomercionacional.gob.ve\/index.php?rest_route=\/wp\/v2\/posts\/8036","targetHints":{"allow":["GET"]}}],"collection":[{"href":"https:\/\/mincomercionacional.gob.ve\/index.php?rest_route=\/wp\/v2\/posts"}],"about":[{"href":"https:\/\/mincomercionacional.gob.ve\/index.php?rest_route=\/wp\/v2\/types\/post"}],"author":[{"embeddable":true,"href":"https:\/\/mincomercionacional.gob.ve\/index.php?rest_route=\/wp\/v2\/users\/5"}],"replies":[{"embeddable":true,"href":"https:\/\/mincomercionacional.gob.ve\/index.php?rest_route=%2Fwp%2Fv2%2Fcomments&post=8036"}],"version-history":[{"count":4,"href":"https:\/\/mincomercionacional.gob.ve\/index.php?rest_route=\/wp\/v2\/posts\/8036\/revisions"}],"predecessor-version":[{"id":8056,"href":"https:\/\/mincomercionacional.gob.ve\/index.php?rest_route=\/wp\/v2\/posts\/8036\/revisions\/8056"}],"wp:featuredmedia":[{"embeddable":true,"href":"https:\/\/mincomercionacional.gob.ve\/index.php?rest_route=\/wp\/v2\/media\/8040"}],"wp:attachment":[{"href":"https:\/\/mincomercionacional.gob.ve\/index.php?rest_route=%2Fwp%2Fv2%2Fmedia&parent=8036"}],"wp:term":[{"taxonomy":"category","embeddable":true,"href":"https:\/\/mincomercionacional.gob.ve\/index.php?rest_route=%2Fwp%2Fv2%2Fcategories&post=8036"},{"taxonomy":"post_tag","embeddable":true,"href":"https:\/\/mincomercionacional.gob.ve\/index.php?rest_route=%2Fwp%2Fv2%2Ftags&post=8036"}],"curies":[{"name":"wp","href":"https:\/\/api.w.org\/{rel}","templated":true}]}}