{"id":28536,"date":"2026-09-03T22:26:51","date_gmt":"2026-09-04T02:26:51","guid":{"rendered":"https:\/\/mincomercionacional.gob.ve\/?p=28536"},"modified":"2026-09-03T22:26:51","modified_gmt":"2026-09-04T02:26:51","slug":"formacion-en-manejo-del-estres-laboral-ofrece-herramientas-para-el-cuidado-de-la-salud","status":"publish","type":"post","link":"https:\/\/mincomercionacional.gob.ve\/?p=28536","title":{"rendered":"Formaci\u00f3n en Manejo del Estr\u00e9s Laboral ofrece herramientas para el cuidado de la salud"},"content":{"rendered":"<p style=\"text-align: justify;\">Desde la Base de Misiones Juana Ram\u00edrez La Avanzadora, ubicada en Sarr\u00eda trabajadores y trabajadoras de la Fundaci\u00f3n Hogares de la Patria, participaron en una jornada de formaci\u00f3n denominada \u201cManejo del Estr\u00e9s Laboral\u201d, con el objetivo de promover espacios laborales saludables y velar por el bienestar integral de la clase trabajadora.<\/p>\n<p style=\"text-align: justify;\">La jornada formativa estuvo orientada a ofrecer herramientas pr\u00e1cticas que contribuyen al cuidado de la salud mental y al fortalecimiento del clima organizacional como parte de una experiencia orientada al autocuidado y la integraci\u00f3n.<\/p>\n<p style=\"text-align: justify;\">Las din\u00e1micas e intervenciones fueron desarrolladas por un equipo multidisciplinario del Ministerio del Poder Popular de Industrias y Comercio Nacional, cuyos profesionales guiaron a los asistentes en la identificaci\u00f3n de factores estresantes en el entorno de trabajo, as\u00ed como en la aplicaci\u00f3n de t\u00e9cnicas efectivas de relajaci\u00f3n, comunicaci\u00f3n y manejo emocional para afrontar los desaf\u00edos cotidianos.<\/p>\n<p style=\"text-align: justify;\">Estas pol\u00edticas de acompa\u00f1amiento institucional forman parte de las directrices orientadas a garantizar la protecci\u00f3n social y el desarrollo integral de la fuerza laboral, ratificando el compromiso del Estado venezolano de consolidar entornos de trabajo arm\u00f3nicos, eficientes y al servicio del pueblo.<\/p>\n","protected":false},"excerpt":{"rendered":"<p>Desde la Base de Misiones Juana Ram\u00edrez La Avanzadora, ubicada en Sarr\u00eda trabajadores y trabajadoras de la Fundaci\u00f3n Hogares de la Patria, participaron en una jornada de formaci\u00f3n denominada \u201cManejo del Estr\u00e9s Laboral\u201d, con el objetivo de promover espacios laborales saludables y velar por el bienestar integral de la clase trabajadora. La jornada formativa estuvo &hellip;<\/p>\n","protected":false},"author":22,"featured_media":28540,"comment_status":"closed","ping_status":"open","sticky":false,"template":"","format":"standard","meta":{"footnotes":"","jetpack_post_was_ever_published":false},"categories":[1],"tags":[735,1682,2784,2785,1828],"class_list":["post-28536","post","type-post","status-publish","format-standard","has-post-thumbnail","hentry","category-prensa","tag-atencion","tag-estado","tag-manejo-de-estres-laboral","tag-puevlo","tag-servicio"],"jetpack_shortlink":"https:\/\/wp.me\/pbvjg9-7qg","jetpack_featured_media_url":"https:\/\/i0.wp.com\/mincomercionacional.gob.ve\/wp-content\/uploads\/2026\/09\/photo_2026-09-03_22-26-24.jpg?fit=1040%2C780&ssl=1","_links":{"self":[{"href":"https:\/\/mincomercionacional.gob.ve\/index.php?rest_route=\/wp\/v2\/posts\/28536","targetHints":{"allow":["GET"]}}],"collection":[{"href":"https:\/\/mincomercionacional.gob.ve\/index.php?rest_route=\/wp\/v2\/posts"}],"about":[{"href":"https:\/\/mincomercionacional.gob.ve\/index.php?rest_route=\/wp\/v2\/types\/post"}],"author":[{"embeddable":true,"href":"https:\/\/mincomercionacional.gob.ve\/index.php?rest_route=\/wp\/v2\/users\/22"}],"replies":[{"embeddable":true,"href":"https:\/\/mincomercionacional.gob.ve\/index.php?rest_route=%2Fwp%2Fv2%2Fcomments&post=28536"}],"version-history":[{"count":1,"href":"https:\/\/mincomercionacional.gob.ve\/index.php?rest_route=\/wp\/v2\/posts\/28536\/revisions"}],"predecessor-version":[{"id":28538,"href":"https:\/\/mincomercionacional.gob.ve\/index.php?rest_route=\/wp\/v2\/posts\/28536\/revisions\/28538"}],"wp:featuredmedia":[{"embeddable":true,"href":"https:\/\/mincomercionacional.gob.ve\/index.php?rest_route=\/wp\/v2\/media\/28540"}],"wp:attachment":[{"href":"https:\/\/mincomercionacional.gob.ve\/index.php?rest_route=%2Fwp%2Fv2%2Fmedia&parent=28536"}],"wp:term":[{"taxonomy":"category","embeddable":true,"href":"https:\/\/mincomercionacional.gob.ve\/index.php?rest_route=%2Fwp%2Fv2%2Fcategories&post=28536"},{"taxonomy":"post_tag","embeddable":true,"href":"https:\/\/mincomercionacional.gob.ve\/index.php?rest_route=%2Fwp%2Fv2%2Ftags&post=28536"}],"curies":[{"name":"wp","href":"https:\/\/api.w.org\/{rel}","templated":true}]}}