{"id":28528,"date":"2026-09-02T11:59:20","date_gmt":"2026-09-02T15:59:20","guid":{"rendered":"https:\/\/mincomercionacional.gob.ve\/?p=28528"},"modified":"2026-09-02T11:59:20","modified_gmt":"2026-09-02T15:59:20","slug":"voceros-comunales-presentan-propuestas-para-fortalecimiento-del-crecimiento-socioeconomico-desde-las-bases","status":"publish","type":"post","link":"https:\/\/mincomercionacional.gob.ve\/?p=28528","title":{"rendered":"Voceros comunales presentan propuestas para fortalecimiento del crecimiento socioecon\u00f3mico desde las bases"},"content":{"rendered":"<p style=\"text-align: justify;\">En el marco del proceso de reactivaci\u00f3n econ\u00f3mica impulsado por el Gobierno Bolivariano bajo el Plan Venezuela Renace, el ministro del Poder Popular de Industrias y Comercio Nacional, Luis Antonio Villegas, sostuvo un encuentro con voceros y voceras de la Comuna Gual y Espa\u00f1a, un territorio con 18 a\u00f1os de historia productiva y organizaci\u00f3n popular, a fin de\u00a0debatir y escuchar propuestas que permitan los avances de sus estructuras socioproductivas.<\/p>\n<p style=\"text-align: justify;\">Durante el encuentro voceros destacaron el trabajo engranado entre las comunidades organizadas y las instituciones del Estado venezolano. Este esfuerzo conjunto busca dinamizar la econom\u00eda directamente desde las bases, impulsar los procesos\u00a0 socioecon\u00f3micos, consolidar el modelo autosustentable y avanzar en la industrializaci\u00f3n comunal.<\/p>\n<p style=\"text-align: justify;\">En este sentido, el Titular de Industrias y Comercio Nacional, destac\u00f3 el fortalecmiento de todos los N\u00facleos de Desarrollo End\u00f3geno para el proceso de industrializaci\u00f3n de la comuna, \u00abeste es el modelo que nos permiti\u00f3 resistir en los momentos m\u00e1s d\u00edficiles de la econom\u00eda del pa\u00eds, lo que nos permiti\u00f3 combatir los embates de la guerra econ\u00f3mica\u00bb<\/p>\n<p style=\"text-align: justify;\">Con casi dos d\u00e9cadas de trayectoria, la experiencia de la Comuna Gual y Espa\u00f1a demuestra que la unidad, la organizaci\u00f3n y la alianza fluida con las instituciones p\u00fablicas son motores fundamentales para construir la nueva arquitectura econ\u00f3mica del pa\u00eds.<\/p>\n<p style=\"text-align: justify;\">Conformada por 11 consejos comunales que agrupan a 2.800 familias, la Comuna Gual y Espa\u00f1a reafirma su papel como eje fundamental para la atenci\u00f3n social y el desarrollo socioproductivo local, con miras al fortalecimiento de los motores socioproductivos del pa\u00eds.<\/p>\n<div style=\"width: 636px;\" class=\"wp-video\"><video class=\"wp-video-shortcode\" id=\"video-28528-1\" width=\"636\" height=\"360\" preload=\"metadata\" controls=\"controls\"><source type=\"video\/mp4\" src=\"https:\/\/mincomercionacional.gob.ve\/wp-content\/uploads\/2026\/09\/video_2026-09-01_19-43-36-video-converter.com_.mp4?_=1\" \/><a href=\"https:\/\/mincomercionacional.gob.ve\/wp-content\/uploads\/2026\/09\/video_2026-09-01_19-43-36-video-converter.com_.mp4\">https:\/\/mincomercionacional.gob.ve\/wp-content\/uploads\/2026\/09\/video_2026-09-01_19-43-36-video-converter.com_.mp4<\/a><\/video><\/div>\n","protected":false},"excerpt":{"rendered":"<p>En el marco del proceso de reactivaci\u00f3n econ\u00f3mica impulsado por el Gobierno Bolivariano bajo el Plan Venezuela Renace, el ministro del Poder Popular de Industrias y Comercio Nacional, Luis Antonio Villegas, sostuvo un encuentro con voceros y voceras de la Comuna Gual y Espa\u00f1a, un territorio con 18 a\u00f1os de historia productiva y organizaci\u00f3n popular, &hellip;<\/p>\n","protected":false},"author":22,"featured_media":28531,"comment_status":"closed","ping_status":"open","sticky":false,"template":"","format":"standard","meta":{"footnotes":"","jetpack_post_was_ever_published":false},"categories":[1],"tags":[2783,2622,61,2074,2782],"class_list":["post-28528","post","type-post","status-publish","format-standard","has-post-thumbnail","hentry","category-prensa","tag-comuna-gual-y-espana","tag-dinamizar","tag-economia","tag-guerra-economica","tag-nucleos-de-desarrollo-endogeno"],"jetpack_shortlink":"https:\/\/wp.me\/pbvjg9-7q8","jetpack_featured_media_url":"https:\/\/i0.wp.com\/mincomercionacional.gob.ve\/wp-content\/uploads\/2026\/09\/J91A0111.jpg?fit=3552%2C2664&ssl=1","_links":{"self":[{"href":"https:\/\/mincomercionacional.gob.ve\/index.php?rest_route=\/wp\/v2\/posts\/28528","targetHints":{"allow":["GET"]}}],"collection":[{"href":"https:\/\/mincomercionacional.gob.ve\/index.php?rest_route=\/wp\/v2\/posts"}],"about":[{"href":"https:\/\/mincomercionacional.gob.ve\/index.php?rest_route=\/wp\/v2\/types\/post"}],"author":[{"embeddable":true,"href":"https:\/\/mincomercionacional.gob.ve\/index.php?rest_route=\/wp\/v2\/users\/22"}],"replies":[{"embeddable":true,"href":"https:\/\/mincomercionacional.gob.ve\/index.php?rest_route=%2Fwp%2Fv2%2Fcomments&post=28528"}],"version-history":[{"count":3,"href":"https:\/\/mincomercionacional.gob.ve\/index.php?rest_route=\/wp\/v2\/posts\/28528\/revisions"}],"predecessor-version":[{"id":28533,"href":"https:\/\/mincomercionacional.gob.ve\/index.php?rest_route=\/wp\/v2\/posts\/28528\/revisions\/28533"}],"wp:featuredmedia":[{"embeddable":true,"href":"https:\/\/mincomercionacional.gob.ve\/index.php?rest_route=\/wp\/v2\/media\/28531"}],"wp:attachment":[{"href":"https:\/\/mincomercionacional.gob.ve\/index.php?rest_route=%2Fwp%2Fv2%2Fmedia&parent=28528"}],"wp:term":[{"taxonomy":"category","embeddable":true,"href":"https:\/\/mincomercionacional.gob.ve\/index.php?rest_route=%2Fwp%2Fv2%2Fcategories&post=28528"},{"taxonomy":"post_tag","embeddable":true,"href":"https:\/\/mincomercionacional.gob.ve\/index.php?rest_route=%2Fwp%2Fv2%2Ftags&post=28528"}],"curies":[{"name":"wp","href":"https:\/\/api.w.org\/{rel}","templated":true}]}}