{"id":28510,"date":"2026-09-01T20:06:04","date_gmt":"2026-09-02T00:06:04","guid":{"rendered":"https:\/\/mincomercionacional.gob.ve\/?p=28510"},"modified":"2026-09-01T20:06:04","modified_gmt":"2026-09-02T00:06:04","slug":"juventud-venezolana-impulsa-la-produccion-sana-con-siembras-organicas","status":"publish","type":"post","link":"https:\/\/mincomercionacional.gob.ve\/?p=28510","title":{"rendered":"Juventud venezolana impulsa la producci\u00f3n sana con siembras org\u00e1nicas"},"content":{"rendered":"<p style=\"text-align: justify;\">Con la adecuaci\u00f3n de tres galpones para la cr\u00eda de 120 cerdos lechones, tres mil pollos de engorde y mil 300 gallinas ponedoras, la presidenta de la Rep\u00fablica Bolivariana de Venezuela, Delcy Rodr\u00edguez, junto al ministro del Poder Popular de Industrias y Comercio Nacional, Luis Antonio Villegas, el ministro del Poder Popular para la Juventud, Sergio Lotartaro, y dem\u00e1s autoridades inaugur\u00f3 el Centro de Formaci\u00f3n y Producci\u00f3n Agropecuaria Joven \u00abValle de Beraca\u00bb, ubicado en la Comuna Zool\u00f3gico UD3-CC2 de la parroquia Caricuao, en Caracas.<\/p>\n<p style=\"text-align: justify;\">La Jefa de Estado se\u00f1al\u00f3 que los proyectos productivos impulsados por j\u00f3venes desde la comunidad, construyen una econom\u00eda productiva orientada a satisfacer sus intereses y sus sue\u00f1os de futuro. Asimismo, destac\u00f3 que la producci\u00f3n local permite ofrecer alimentos a la comunidad con una reducci\u00f3n de precios del 60 %.<\/p>\n<p style=\"text-align: justify;\">En ese sentido, resalt\u00f3 la importancia de la siembra organop\u00f3nica y la agricultura regenerativa, pr\u00e1cticas que promueven el cuidado de la naturaleza y la producci\u00f3n de alimentos sanos mediante fertilizantes biorg\u00e1nicos y cultivos libres de manipulaci\u00f3n gen\u00e9tica, subrayando que este modelo contribuye a la salud f\u00edsica y mental de la poblaci\u00f3n, al garantizar productos de calidad para las familias.<\/p>\n<p style=\"text-align: justify;\">\u201cYo llamo siempre a la conciencia ecol\u00f3gica, a amar la naturaleza y estar en armon\u00eda con ella. Lo que estamos viendo ac\u00e1 es un proceso de fertilizantes biorg\u00e1nicos, las siembras org\u00e1nicas que garantiza alimentos sanos para la comunidad, y eso es muy importante\u201d, finaliz\u00f3 la Presidenta.<\/p>\n<div class=\"tiled-gallery type-rectangular tiled-gallery-unresized\" data-original-width=\"500\" data-carousel-extra='{&quot;blog_id&quot;:1,&quot;permalink&quot;:&quot;https:\\\/\\\/mincomercionacional.gob.ve\\\/?p=28510&quot;,&quot;likes_blog_id&quot;:170001901}' itemscope itemtype=\"http:\/\/schema.org\/ImageGallery\" > <div class=\"gallery-row\" style=\"width: 500px; height: 224px;\" data-original-width=\"500\" data-original-height=\"224\" > <div class=\"gallery-group images-1\" style=\"width: 334px; height: 224px;\" data-original-width=\"334\" data-original-height=\"224\" > <div class=\"tiled-gallery-item tiled-gallery-item-large\" itemprop=\"associatedMedia\" itemscope itemtype=\"http:\/\/schema.org\/ImageObject\"> <a href=\"https:\/\/mincomercionacional.gob.ve\/?attachment_id=28513\" border=\"0\" itemprop=\"url\"> <meta itemprop=\"width\" content=\"330\"> <meta itemprop=\"height\" content=\"220\"> <img decoding=\"async\" class=\"\" data-attachment-id=\"28513\" data-orig-file=\"https:\/\/mincomercionacional.gob.ve\/wp-content\/uploads\/2026\/09\/photo_2026-09-01_19-52-44.jpg\" data-orig-size=\"1280,853\" data-comments-opened=\"\" data-image-meta=\"{&quot;aperture&quot;:&quot;0&quot;,&quot;credit&quot;:&quot;&quot;,&quot;camera&quot;:&quot;&quot;,&quot;caption&quot;:&quot;&quot;,&quot;created_timestamp&quot;:&quot;0&quot;,&quot;copyright&quot;:&quot;&quot;,&quot;focal_length&quot;:&quot;0&quot;,&quot;iso&quot;:&quot;0&quot;,&quot;shutter_speed&quot;:&quot;0&quot;,&quot;title&quot;:&quot;&quot;,&quot;orientation&quot;:&quot;0&quot;}\" data-image-title=\"photo_2026-09-01_19-52-44\" data-image-description=\"\" data-medium-file=\"https:\/\/i0.wp.com\/mincomercionacional.gob.ve\/wp-content\/uploads\/2026\/09\/photo_2026-09-01_19-52-44.jpg?fit=300%2C200&#038;ssl=1\" data-large-file=\"https:\/\/i0.wp.com\/mincomercionacional.gob.ve\/wp-content\/uploads\/2026\/09\/photo_2026-09-01_19-52-44.jpg?fit=1024%2C682&#038;ssl=1\" src=\"https:\/\/i0.wp.com\/mincomercionacional.gob.ve\/wp-content\/uploads\/2026\/09\/photo_2026-09-01_19-52-44.jpg?w=330&#038;h=220&#038;ssl=1\" width=\"330\" height=\"220\" loading=\"lazy\" data-original-width=\"330\" data-original-height=\"220\" itemprop=\"http:\/\/schema.org\/image\" title=\"photo_2026-09-01_19-52-44\" alt=\"photo_2026-09-01_19-52-44\" style=\"width: 330px; height: 220px;\" \/> <\/a> <\/div> <\/div> <!-- close group --> <div class=\"gallery-group images-2\" style=\"width: 166px; height: 224px;\" data-original-width=\"166\" data-original-height=\"224\" > <div class=\"tiled-gallery-item tiled-gallery-item-small\" itemprop=\"associatedMedia\" itemscope itemtype=\"http:\/\/schema.org\/ImageObject\"> <a href=\"https:\/\/mincomercionacional.gob.ve\/?attachment_id=28515\" border=\"0\" itemprop=\"url\"> <meta itemprop=\"width\" content=\"162\"> <meta itemprop=\"height\" content=\"108\"> <img decoding=\"async\" class=\"\" data-attachment-id=\"28515\" data-orig-file=\"https:\/\/mincomercionacional.gob.ve\/wp-content\/uploads\/2026\/09\/photo_2026-09-01_19-52-33.jpg\" data-orig-size=\"1280,853\" data-comments-opened=\"\" data-image-meta=\"{&quot;aperture&quot;:&quot;0&quot;,&quot;credit&quot;:&quot;&quot;,&quot;camera&quot;:&quot;&quot;,&quot;caption&quot;:&quot;&quot;,&quot;created_timestamp&quot;:&quot;0&quot;,&quot;copyright&quot;:&quot;&quot;,&quot;focal_length&quot;:&quot;0&quot;,&quot;iso&quot;:&quot;0&quot;,&quot;shutter_speed&quot;:&quot;0&quot;,&quot;title&quot;:&quot;&quot;,&quot;orientation&quot;:&quot;0&quot;}\" data-image-title=\"photo_2026-09-01_19-52-33\" data-image-description=\"\" data-medium-file=\"https:\/\/i0.wp.com\/mincomercionacional.gob.ve\/wp-content\/uploads\/2026\/09\/photo_2026-09-01_19-52-33.jpg?fit=300%2C200&#038;ssl=1\" data-large-file=\"https:\/\/i0.wp.com\/mincomercionacional.gob.ve\/wp-content\/uploads\/2026\/09\/photo_2026-09-01_19-52-33.jpg?fit=1024%2C682&#038;ssl=1\" src=\"https:\/\/i0.wp.com\/mincomercionacional.gob.ve\/wp-content\/uploads\/2026\/09\/photo_2026-09-01_19-52-33.jpg?w=162&#038;h=108&#038;ssl=1\" width=\"162\" height=\"108\" loading=\"lazy\" data-original-width=\"162\" data-original-height=\"108\" itemprop=\"http:\/\/schema.org\/image\" title=\"photo_2026-09-01_19-52-33\" alt=\"photo_2026-09-01_19-52-33\" style=\"width: 162px; height: 108px;\" \/> <\/a> <\/div> <div class=\"tiled-gallery-item tiled-gallery-item-small\" itemprop=\"associatedMedia\" itemscope itemtype=\"http:\/\/schema.org\/ImageObject\"> <a href=\"https:\/\/mincomercionacional.gob.ve\/?attachment_id=28516\" border=\"0\" itemprop=\"url\"> <meta itemprop=\"width\" content=\"162\"> <meta itemprop=\"height\" content=\"108\"> <img decoding=\"async\" class=\"\" data-attachment-id=\"28516\" data-orig-file=\"https:\/\/mincomercionacional.gob.ve\/wp-content\/uploads\/2026\/09\/photo_2026-09-01_19-52-29.jpg\" data-orig-size=\"1280,853\" data-comments-opened=\"\" data-image-meta=\"{&quot;aperture&quot;:&quot;0&quot;,&quot;credit&quot;:&quot;&quot;,&quot;camera&quot;:&quot;&quot;,&quot;caption&quot;:&quot;&quot;,&quot;created_timestamp&quot;:&quot;0&quot;,&quot;copyright&quot;:&quot;&quot;,&quot;focal_length&quot;:&quot;0&quot;,&quot;iso&quot;:&quot;0&quot;,&quot;shutter_speed&quot;:&quot;0&quot;,&quot;title&quot;:&quot;&quot;,&quot;orientation&quot;:&quot;0&quot;}\" data-image-title=\"photo_2026-09-01_19-52-29\" data-image-description=\"\" data-medium-file=\"https:\/\/i0.wp.com\/mincomercionacional.gob.ve\/wp-content\/uploads\/2026\/09\/photo_2026-09-01_19-52-29.jpg?fit=300%2C200&#038;ssl=1\" data-large-file=\"https:\/\/i0.wp.com\/mincomercionacional.gob.ve\/wp-content\/uploads\/2026\/09\/photo_2026-09-01_19-52-29.jpg?fit=1024%2C682&#038;ssl=1\" src=\"https:\/\/i0.wp.com\/mincomercionacional.gob.ve\/wp-content\/uploads\/2026\/09\/photo_2026-09-01_19-52-29.jpg?w=162&#038;h=108&#038;ssl=1\" width=\"162\" height=\"108\" loading=\"lazy\" data-original-width=\"162\" data-original-height=\"108\" itemprop=\"http:\/\/schema.org\/image\" title=\"photo_2026-09-01_19-52-29\" alt=\"photo_2026-09-01_19-52-29\" style=\"width: 162px; height: 108px;\" \/> <\/a> <\/div> <\/div> <!-- close group --> <\/div> <!-- close row --> <div class=\"gallery-row\" style=\"width: 500px; height: 247px;\" data-original-width=\"500\" data-original-height=\"247\" > <div class=\"gallery-group images-2\" style=\"width: 149px; height: 247px;\" data-original-width=\"149\" data-original-height=\"247\" > <div class=\"tiled-gallery-item tiled-gallery-item-small\" itemprop=\"associatedMedia\" itemscope itemtype=\"http:\/\/schema.org\/ImageObject\"> <a href=\"https:\/\/mincomercionacional.gob.ve\/?attachment_id=28517\" border=\"0\" itemprop=\"url\"> <meta itemprop=\"width\" content=\"145\"> <meta itemprop=\"height\" content=\"123\"> <img decoding=\"async\" class=\"\" data-attachment-id=\"28517\" data-orig-file=\"https:\/\/mincomercionacional.gob.ve\/wp-content\/uploads\/2026\/09\/01_ZC__9070_P.jpg\" data-orig-size=\"4690,4000\" data-comments-opened=\"\" data-image-meta=\"{&quot;aperture&quot;:&quot;5.6&quot;,&quot;credit&quot;:&quot;_ZC_&quot;,&quot;camera&quot;:&quot;Canon EOS R5&quot;,&quot;caption&quot;:&quot;&quot;,&quot;created_timestamp&quot;:&quot;1788292671&quot;,&quot;copyright&quot;:&quot;PRENSA PRESIDENCIAL&quot;,&quot;focal_length&quot;:&quot;28&quot;,&quot;iso&quot;:&quot;800&quot;,&quot;shutter_speed&quot;:&quot;0.002&quot;,&quot;title&quot;:&quot;&quot;,&quot;orientation&quot;:&quot;0&quot;}\" data-image-title=\"01_ZC__9070_P\" data-image-description=\"\" data-medium-file=\"https:\/\/i0.wp.com\/mincomercionacional.gob.ve\/wp-content\/uploads\/2026\/09\/01_ZC__9070_P.jpg?fit=300%2C256&#038;ssl=1\" data-large-file=\"https:\/\/i0.wp.com\/mincomercionacional.gob.ve\/wp-content\/uploads\/2026\/09\/01_ZC__9070_P.jpg?fit=1024%2C873&#038;ssl=1\" src=\"https:\/\/i0.wp.com\/mincomercionacional.gob.ve\/wp-content\/uploads\/2026\/09\/01_ZC__9070_P.jpg?w=145&#038;h=123&#038;ssl=1\" width=\"145\" height=\"123\" loading=\"lazy\" data-original-width=\"145\" data-original-height=\"123\" itemprop=\"http:\/\/schema.org\/image\" title=\"01_ZC__9070_P\" alt=\"01_ZC__9070_P\" style=\"width: 145px; height: 123px;\" \/> <\/a> <\/div> <div class=\"tiled-gallery-item tiled-gallery-item-small\" itemprop=\"associatedMedia\" itemscope itemtype=\"http:\/\/schema.org\/ImageObject\"> <a href=\"https:\/\/mincomercionacional.gob.ve\/?attachment_id=28518\" border=\"0\" itemprop=\"url\"> <meta itemprop=\"width\" content=\"145\"> <meta itemprop=\"height\" content=\"116\"> <img decoding=\"async\" class=\"\" data-attachment-id=\"28518\" data-orig-file=\"https:\/\/mincomercionacional.gob.ve\/wp-content\/uploads\/2026\/09\/IMG_1539.jpg\" data-orig-size=\"4795,3836\" data-comments-opened=\"\" data-image-meta=\"{&quot;aperture&quot;:&quot;5.6&quot;,&quot;credit&quot;:&quot;&quot;,&quot;camera&quot;:&quot;Canon EOS R1&quot;,&quot;caption&quot;:&quot;&quot;,&quot;created_timestamp&quot;:&quot;1788241271&quot;,&quot;copyright&quot;:&quot;&quot;,&quot;focal_length&quot;:&quot;46&quot;,&quot;iso&quot;:&quot;12800&quot;,&quot;shutter_speed&quot;:&quot;0.002&quot;,&quot;title&quot;:&quot;&quot;,&quot;orientation&quot;:&quot;0&quot;}\" data-image-title=\"IMG_1539\" data-image-description=\"\" data-medium-file=\"https:\/\/i0.wp.com\/mincomercionacional.gob.ve\/wp-content\/uploads\/2026\/09\/IMG_1539.jpg?fit=300%2C240&#038;ssl=1\" data-large-file=\"https:\/\/i0.wp.com\/mincomercionacional.gob.ve\/wp-content\/uploads\/2026\/09\/IMG_1539.jpg?fit=1024%2C819&#038;ssl=1\" src=\"https:\/\/i0.wp.com\/mincomercionacional.gob.ve\/wp-content\/uploads\/2026\/09\/IMG_1539.jpg?w=145&#038;h=116&#038;ssl=1\" width=\"145\" height=\"116\" loading=\"lazy\" data-original-width=\"145\" data-original-height=\"116\" itemprop=\"http:\/\/schema.org\/image\" title=\"IMG_1539\" alt=\"IMG_1539\" style=\"width: 145px; height: 116px;\" \/> <\/a> <\/div> <\/div> <!-- close group --> <div class=\"gallery-group images-1\" style=\"width: 351px; height: 247px;\" data-original-width=\"351\" data-original-height=\"247\" > <div class=\"tiled-gallery-item tiled-gallery-item-large\" itemprop=\"associatedMedia\" itemscope itemtype=\"http:\/\/schema.org\/ImageObject\"> <a href=\"https:\/\/mincomercionacional.gob.ve\/?attachment_id=28519\" border=\"0\" itemprop=\"url\"> <meta itemprop=\"width\" content=\"347\"> <meta itemprop=\"height\" content=\"243\"> <img decoding=\"async\" class=\"\" data-attachment-id=\"28519\" data-orig-file=\"https:\/\/mincomercionacional.gob.ve\/wp-content\/uploads\/2026\/09\/02_ZC__9110_P.jpg\" data-orig-size=\"5000,3499\" data-comments-opened=\"\" data-image-meta=\"{&quot;aperture&quot;:&quot;2.8&quot;,&quot;credit&quot;:&quot;_ZC_&quot;,&quot;camera&quot;:&quot;Canon EOS R5&quot;,&quot;caption&quot;:&quot;&quot;,&quot;created_timestamp&quot;:&quot;1788292919&quot;,&quot;copyright&quot;:&quot;PRENSA PRESIDENCIAL&quot;,&quot;focal_length&quot;:&quot;28&quot;,&quot;iso&quot;:&quot;800&quot;,&quot;shutter_speed&quot;:&quot;0.0025&quot;,&quot;title&quot;:&quot;&quot;,&quot;orientation&quot;:&quot;0&quot;}\" data-image-title=\"02_ZC__9110_P\" data-image-description=\"\" data-medium-file=\"https:\/\/i0.wp.com\/mincomercionacional.gob.ve\/wp-content\/uploads\/2026\/09\/02_ZC__9110_P.jpg?fit=300%2C210&#038;ssl=1\" data-large-file=\"https:\/\/i0.wp.com\/mincomercionacional.gob.ve\/wp-content\/uploads\/2026\/09\/02_ZC__9110_P.jpg?fit=1024%2C717&#038;ssl=1\" src=\"https:\/\/i0.wp.com\/mincomercionacional.gob.ve\/wp-content\/uploads\/2026\/09\/02_ZC__9110_P.jpg?w=347&#038;h=243&#038;ssl=1\" width=\"347\" height=\"243\" loading=\"lazy\" data-original-width=\"347\" data-original-height=\"243\" itemprop=\"http:\/\/schema.org\/image\" title=\"02_ZC__9110_P\" alt=\"02_ZC__9110_P\" style=\"width: 347px; height: 243px;\" \/> <\/a> <\/div> <\/div> <!-- close group --> <\/div> <!-- close row --> <div class=\"gallery-row\" style=\"width: 500px; height: 168px;\" data-original-width=\"500\" data-original-height=\"168\" > <div class=\"gallery-group images-1\" style=\"width: 250px; height: 168px;\" data-original-width=\"250\" data-original-height=\"168\" > <div class=\"tiled-gallery-item tiled-gallery-item-small\" itemprop=\"associatedMedia\" itemscope itemtype=\"http:\/\/schema.org\/ImageObject\"> <a href=\"https:\/\/mincomercionacional.gob.ve\/?attachment_id=28520\" border=\"0\" itemprop=\"url\"> <meta itemprop=\"width\" content=\"246\"> <meta itemprop=\"height\" content=\"164\"> <img decoding=\"async\" class=\"\" data-attachment-id=\"28520\" data-orig-file=\"https:\/\/mincomercionacional.gob.ve\/wp-content\/uploads\/2026\/09\/04_ZC__9142_P.jpg\" data-orig-size=\"5000,3335\" data-comments-opened=\"\" data-image-meta=\"{&quot;aperture&quot;:&quot;2.8&quot;,&quot;credit&quot;:&quot;_ZC_&quot;,&quot;camera&quot;:&quot;Canon EOS R5&quot;,&quot;caption&quot;:&quot;&quot;,&quot;created_timestamp&quot;:&quot;1788293001&quot;,&quot;copyright&quot;:&quot;PRENSA PRESIDENCIAL&quot;,&quot;focal_length&quot;:&quot;28&quot;,&quot;iso&quot;:&quot;800&quot;,&quot;shutter_speed&quot;:&quot;0.0025&quot;,&quot;title&quot;:&quot;&quot;,&quot;orientation&quot;:&quot;0&quot;}\" data-image-title=\"04_ZC__9142_P\" data-image-description=\"\" data-medium-file=\"https:\/\/i0.wp.com\/mincomercionacional.gob.ve\/wp-content\/uploads\/2026\/09\/04_ZC__9142_P.jpg?fit=300%2C200&#038;ssl=1\" data-large-file=\"https:\/\/i0.wp.com\/mincomercionacional.gob.ve\/wp-content\/uploads\/2026\/09\/04_ZC__9142_P.jpg?fit=1024%2C683&#038;ssl=1\" src=\"https:\/\/i0.wp.com\/mincomercionacional.gob.ve\/wp-content\/uploads\/2026\/09\/04_ZC__9142_P.jpg?w=246&#038;h=164&#038;ssl=1\" width=\"246\" height=\"164\" loading=\"lazy\" data-original-width=\"246\" data-original-height=\"164\" itemprop=\"http:\/\/schema.org\/image\" title=\"04_ZC__9142_P\" alt=\"04_ZC__9142_P\" style=\"width: 246px; height: 164px;\" \/> <\/a> <\/div> <\/div> <!-- close group --> <div class=\"gallery-group images-1\" style=\"width: 250px; height: 168px;\" data-original-width=\"250\" data-original-height=\"168\" > <div class=\"tiled-gallery-item tiled-gallery-item-small\" itemprop=\"associatedMedia\" itemscope itemtype=\"http:\/\/schema.org\/ImageObject\"> <a href=\"https:\/\/mincomercionacional.gob.ve\/?attachment_id=28521\" border=\"0\" itemprop=\"url\"> <meta itemprop=\"width\" content=\"246\"> <meta itemprop=\"height\" content=\"164\"> <img decoding=\"async\" class=\"\" data-attachment-id=\"28521\" data-orig-file=\"https:\/\/mincomercionacional.gob.ve\/wp-content\/uploads\/2026\/09\/07_ZC__9237_P.jpg\" data-orig-size=\"5000,3335\" data-comments-opened=\"\" data-image-meta=\"{&quot;aperture&quot;:&quot;8&quot;,&quot;credit&quot;:&quot;_ZC_&quot;,&quot;camera&quot;:&quot;Canon EOS R5&quot;,&quot;caption&quot;:&quot;&quot;,&quot;created_timestamp&quot;:&quot;1788293713&quot;,&quot;copyright&quot;:&quot;PRENSA PRESIDENCIAL&quot;,&quot;focal_length&quot;:&quot;28&quot;,&quot;iso&quot;:&quot;800&quot;,&quot;shutter_speed&quot;:&quot;0.002&quot;,&quot;title&quot;:&quot;&quot;,&quot;orientation&quot;:&quot;0&quot;}\" data-image-title=\"07_ZC__9237_P\" data-image-description=\"\" data-medium-file=\"https:\/\/i0.wp.com\/mincomercionacional.gob.ve\/wp-content\/uploads\/2026\/09\/07_ZC__9237_P.jpg?fit=300%2C200&#038;ssl=1\" data-large-file=\"https:\/\/i0.wp.com\/mincomercionacional.gob.ve\/wp-content\/uploads\/2026\/09\/07_ZC__9237_P.jpg?fit=1024%2C683&#038;ssl=1\" src=\"https:\/\/i0.wp.com\/mincomercionacional.gob.ve\/wp-content\/uploads\/2026\/09\/07_ZC__9237_P.jpg?w=246&#038;h=164&#038;ssl=1\" width=\"246\" height=\"164\" loading=\"lazy\" data-original-width=\"246\" data-original-height=\"164\" itemprop=\"http:\/\/schema.org\/image\" title=\"07_ZC__9237_P\" alt=\"07_ZC__9237_P\" style=\"width: 246px; height: 164px;\" \/> <\/a> <\/div> <\/div> <!-- close group --> <\/div> <!-- close row --> <div class=\"gallery-row\" style=\"width: 500px; height: 218px;\" data-original-width=\"500\" data-original-height=\"218\" > <div class=\"gallery-group images-1\" style=\"width: 272px; height: 218px;\" data-original-width=\"272\" data-original-height=\"218\" > <div class=\"tiled-gallery-item tiled-gallery-item-large\" itemprop=\"associatedMedia\" itemscope itemtype=\"http:\/\/schema.org\/ImageObject\"> <a href=\"https:\/\/mincomercionacional.gob.ve\/?attachment_id=28522\" border=\"0\" itemprop=\"url\"> <meta itemprop=\"width\" content=\"268\"> <meta itemprop=\"height\" content=\"214\"> <img decoding=\"async\" class=\"\" data-attachment-id=\"28522\" data-orig-file=\"https:\/\/mincomercionacional.gob.ve\/wp-content\/uploads\/2026\/09\/IMG_1542.jpg\" data-orig-size=\"3367,2694\" data-comments-opened=\"\" data-image-meta=\"{&quot;aperture&quot;:&quot;5.6&quot;,&quot;credit&quot;:&quot;&quot;,&quot;camera&quot;:&quot;Canon EOS R1&quot;,&quot;caption&quot;:&quot;&quot;,&quot;created_timestamp&quot;:&quot;1788241350&quot;,&quot;copyright&quot;:&quot;&quot;,&quot;focal_length&quot;:&quot;28&quot;,&quot;iso&quot;:&quot;640&quot;,&quot;shutter_speed&quot;:&quot;0.002&quot;,&quot;title&quot;:&quot;&quot;,&quot;orientation&quot;:&quot;0&quot;}\" data-image-title=\"IMG_1542\" data-image-description=\"\" data-medium-file=\"https:\/\/i0.wp.com\/mincomercionacional.gob.ve\/wp-content\/uploads\/2026\/09\/IMG_1542.jpg?fit=300%2C240&#038;ssl=1\" data-large-file=\"https:\/\/i0.wp.com\/mincomercionacional.gob.ve\/wp-content\/uploads\/2026\/09\/IMG_1542.jpg?fit=1024%2C819&#038;ssl=1\" src=\"https:\/\/i0.wp.com\/mincomercionacional.gob.ve\/wp-content\/uploads\/2026\/09\/IMG_1542.jpg?w=268&#038;h=214&#038;ssl=1\" width=\"268\" height=\"214\" loading=\"lazy\" data-original-width=\"268\" data-original-height=\"214\" itemprop=\"http:\/\/schema.org\/image\" title=\"IMG_1542\" alt=\"IMG_1542\" style=\"width: 268px; height: 214px;\" \/> <\/a> <\/div> <\/div> <!-- close group --> <div class=\"gallery-group images-1\" style=\"width: 228px; height: 218px;\" data-original-width=\"228\" data-original-height=\"218\" > <div class=\"tiled-gallery-item tiled-gallery-item-small\" itemprop=\"associatedMedia\" itemscope itemtype=\"http:\/\/schema.org\/ImageObject\"> <a href=\"https:\/\/mincomercionacional.gob.ve\/?attachment_id=28523\" border=\"0\" itemprop=\"url\"> <meta itemprop=\"width\" content=\"224\"> <meta itemprop=\"height\" content=\"214\"> <img decoding=\"async\" class=\"\" data-attachment-id=\"28523\" data-orig-file=\"https:\/\/mincomercionacional.gob.ve\/wp-content\/uploads\/2026\/09\/10_ZC__9284_P.jpg\" data-orig-size=\"4192,4000\" data-comments-opened=\"\" data-image-meta=\"{&quot;aperture&quot;:&quot;8&quot;,&quot;credit&quot;:&quot;_ZC_&quot;,&quot;camera&quot;:&quot;Canon EOS R5&quot;,&quot;caption&quot;:&quot;&quot;,&quot;created_timestamp&quot;:&quot;1788293888&quot;,&quot;copyright&quot;:&quot;PRENSA PRESIDENCIAL&quot;,&quot;focal_length&quot;:&quot;28&quot;,&quot;iso&quot;:&quot;800&quot;,&quot;shutter_speed&quot;:&quot;0.0025&quot;,&quot;title&quot;:&quot;&quot;,&quot;orientation&quot;:&quot;0&quot;}\" data-image-title=\"10_ZC__9284_P\" data-image-description=\"\" data-medium-file=\"https:\/\/i0.wp.com\/mincomercionacional.gob.ve\/wp-content\/uploads\/2026\/09\/10_ZC__9284_P.jpg?fit=300%2C286&#038;ssl=1\" data-large-file=\"https:\/\/i0.wp.com\/mincomercionacional.gob.ve\/wp-content\/uploads\/2026\/09\/10_ZC__9284_P.jpg?fit=1024%2C977&#038;ssl=1\" src=\"https:\/\/i0.wp.com\/mincomercionacional.gob.ve\/wp-content\/uploads\/2026\/09\/10_ZC__9284_P.jpg?w=224&#038;h=214&#038;ssl=1\" width=\"224\" height=\"214\" loading=\"lazy\" data-original-width=\"224\" data-original-height=\"214\" itemprop=\"http:\/\/schema.org\/image\" title=\"10_ZC__9284_P\" alt=\"10_ZC__9284_P\" style=\"width: 224px; height: 214px;\" \/> <\/a> <\/div> <\/div> <!-- close group --> <\/div> <!-- close row --> <div class=\"gallery-row\" style=\"width: 500px; height: 231px;\" data-original-width=\"500\" data-original-height=\"231\" > <div class=\"gallery-group images-1\" style=\"width: 344px; height: 231px;\" data-original-width=\"344\" data-original-height=\"231\" > <div class=\"tiled-gallery-item tiled-gallery-item-large\" itemprop=\"associatedMedia\" itemscope itemtype=\"http:\/\/schema.org\/ImageObject\"> <a href=\"https:\/\/mincomercionacional.gob.ve\/?attachment_id=28524\" border=\"0\" itemprop=\"url\"> <meta itemprop=\"width\" content=\"340\"> <meta itemprop=\"height\" content=\"227\"> <img decoding=\"async\" class=\"\" data-attachment-id=\"28524\" data-orig-file=\"https:\/\/mincomercionacional.gob.ve\/wp-content\/uploads\/2026\/09\/12_ZC__9308_P.jpg\" data-orig-size=\"5000,3335\" data-comments-opened=\"\" data-image-meta=\"{&quot;aperture&quot;:&quot;6.3&quot;,&quot;credit&quot;:&quot;_ZC_&quot;,&quot;camera&quot;:&quot;Canon EOS R5&quot;,&quot;caption&quot;:&quot;&quot;,&quot;created_timestamp&quot;:&quot;1788294070&quot;,&quot;copyright&quot;:&quot;PRENSA PRESIDENCIAL&quot;,&quot;focal_length&quot;:&quot;28&quot;,&quot;iso&quot;:&quot;800&quot;,&quot;shutter_speed&quot;:&quot;0.0025&quot;,&quot;title&quot;:&quot;&quot;,&quot;orientation&quot;:&quot;0&quot;}\" data-image-title=\"12_ZC__9308_P\" data-image-description=\"\" data-medium-file=\"https:\/\/i0.wp.com\/mincomercionacional.gob.ve\/wp-content\/uploads\/2026\/09\/12_ZC__9308_P.jpg?fit=300%2C200&#038;ssl=1\" data-large-file=\"https:\/\/i0.wp.com\/mincomercionacional.gob.ve\/wp-content\/uploads\/2026\/09\/12_ZC__9308_P.jpg?fit=1024%2C683&#038;ssl=1\" src=\"https:\/\/i0.wp.com\/mincomercionacional.gob.ve\/wp-content\/uploads\/2026\/09\/12_ZC__9308_P.jpg?w=340&#038;h=227&#038;ssl=1\" width=\"340\" height=\"227\" loading=\"lazy\" data-original-width=\"340\" data-original-height=\"227\" itemprop=\"http:\/\/schema.org\/image\" title=\"12_ZC__9308_P\" alt=\"12_ZC__9308_P\" style=\"width: 340px; height: 227px;\" \/> <\/a> <\/div> <\/div> <!-- close group --> <div class=\"gallery-group images-2\" style=\"width: 156px; height: 231px;\" data-original-width=\"156\" data-original-height=\"231\" > <div class=\"tiled-gallery-item tiled-gallery-item-small\" itemprop=\"associatedMedia\" itemscope itemtype=\"http:\/\/schema.org\/ImageObject\"> <a href=\"https:\/\/mincomercionacional.gob.ve\/?attachment_id=28525\" border=\"0\" itemprop=\"url\"> <meta itemprop=\"width\" content=\"152\"> <meta itemprop=\"height\" content=\"101\"> <img decoding=\"async\" class=\"\" data-attachment-id=\"28525\" data-orig-file=\"https:\/\/mincomercionacional.gob.ve\/wp-content\/uploads\/2026\/09\/08_ZC__9254_P.jpg\" data-orig-size=\"5000,3335\" data-comments-opened=\"\" data-image-meta=\"{&quot;aperture&quot;:&quot;8&quot;,&quot;credit&quot;:&quot;_ZC_&quot;,&quot;camera&quot;:&quot;Canon EOS R5&quot;,&quot;caption&quot;:&quot;&quot;,&quot;created_timestamp&quot;:&quot;1788293739&quot;,&quot;copyright&quot;:&quot;PRENSA PRESIDENCIAL&quot;,&quot;focal_length&quot;:&quot;28&quot;,&quot;iso&quot;:&quot;800&quot;,&quot;shutter_speed&quot;:&quot;0.002&quot;,&quot;title&quot;:&quot;&quot;,&quot;orientation&quot;:&quot;0&quot;}\" data-image-title=\"08_ZC__9254_P\" data-image-description=\"\" data-medium-file=\"https:\/\/i0.wp.com\/mincomercionacional.gob.ve\/wp-content\/uploads\/2026\/09\/08_ZC__9254_P.jpg?fit=300%2C200&#038;ssl=1\" data-large-file=\"https:\/\/i0.wp.com\/mincomercionacional.gob.ve\/wp-content\/uploads\/2026\/09\/08_ZC__9254_P.jpg?fit=1024%2C683&#038;ssl=1\" src=\"https:\/\/i0.wp.com\/mincomercionacional.gob.ve\/wp-content\/uploads\/2026\/09\/08_ZC__9254_P.jpg?w=152&#038;h=101&#038;ssl=1\" width=\"152\" height=\"101\" loading=\"lazy\" data-original-width=\"152\" data-original-height=\"101\" itemprop=\"http:\/\/schema.org\/image\" title=\"08_ZC__9254_P\" alt=\"08_ZC__9254_P\" style=\"width: 152px; height: 101px;\" \/> <\/a> <\/div> <div class=\"tiled-gallery-item tiled-gallery-item-small\" itemprop=\"associatedMedia\" itemscope itemtype=\"http:\/\/schema.org\/ImageObject\"> <a href=\"https:\/\/mincomercionacional.gob.ve\/?attachment_id=28526\" border=\"0\" itemprop=\"url\"> <meta itemprop=\"width\" content=\"152\"> <meta itemprop=\"height\" content=\"122\"> <img decoding=\"async\" class=\"\" data-attachment-id=\"28526\" data-orig-file=\"https:\/\/mincomercionacional.gob.ve\/wp-content\/uploads\/2026\/09\/IMG_1463.jpg\" data-orig-size=\"4683,3746\" data-comments-opened=\"\" data-image-meta=\"{&quot;aperture&quot;:&quot;3.2&quot;,&quot;credit&quot;:&quot;&quot;,&quot;camera&quot;:&quot;Canon EOS R1&quot;,&quot;caption&quot;:&quot;&quot;,&quot;created_timestamp&quot;:&quot;1788235850&quot;,&quot;copyright&quot;:&quot;&quot;,&quot;focal_length&quot;:&quot;60&quot;,&quot;iso&quot;:&quot;2000&quot;,&quot;shutter_speed&quot;:&quot;0.002&quot;,&quot;title&quot;:&quot;&quot;,&quot;orientation&quot;:&quot;0&quot;}\" data-image-title=\"IMG_1463\" data-image-description=\"\" data-medium-file=\"https:\/\/i0.wp.com\/mincomercionacional.gob.ve\/wp-content\/uploads\/2026\/09\/IMG_1463.jpg?fit=300%2C240&#038;ssl=1\" data-large-file=\"https:\/\/i0.wp.com\/mincomercionacional.gob.ve\/wp-content\/uploads\/2026\/09\/IMG_1463.jpg?fit=1024%2C819&#038;ssl=1\" src=\"https:\/\/i0.wp.com\/mincomercionacional.gob.ve\/wp-content\/uploads\/2026\/09\/IMG_1463.jpg?w=152&#038;h=122&#038;ssl=1\" width=\"152\" height=\"122\" loading=\"lazy\" data-original-width=\"152\" data-original-height=\"122\" itemprop=\"http:\/\/schema.org\/image\" title=\"IMG_1463\" alt=\"IMG_1463\" style=\"width: 152px; height: 122px;\" \/> <\/a> <\/div> <\/div> <!-- close group --> <\/div> <!-- close row --> <\/div>\n","protected":false},"excerpt":{"rendered":"<p>Con la adecuaci\u00f3n de tres galpones para la cr\u00eda de 120 cerdos lechones, tres mil pollos de engorde y mil 300 gallinas ponedoras, la presidenta de la Rep\u00fablica Bolivariana de Venezuela, Delcy Rodr\u00edguez, junto al ministro del Poder Popular de Industrias y Comercio Nacional, Luis Antonio Villegas, el ministro del Poder Popular para la Juventud, &hellip;<\/p>\n","protected":false},"author":22,"featured_media":28514,"comment_status":"closed","ping_status":"open","sticky":false,"template":"","format":"standard","meta":{"footnotes":"","jetpack_post_was_ever_published":false},"categories":[1],"tags":[266,1136,990,2781],"class_list":["post-28510","post","type-post","status-publish","format-standard","has-post-thumbnail","hentry","category-prensa","tag-comunas","tag-impulso","tag-juventud","tag-sociosproductivos"],"jetpack_shortlink":"https:\/\/wp.me\/pbvjg9-7pQ","jetpack_featured_media_url":"https:\/\/i0.wp.com\/mincomercionacional.gob.ve\/wp-content\/uploads\/2026\/09\/photo_2026-09-01_19-52-36.jpg?fit=1280%2C853&ssl=1","_links":{"self":[{"href":"https:\/\/mincomercionacional.gob.ve\/index.php?rest_route=\/wp\/v2\/posts\/28510","targetHints":{"allow":["GET"]}}],"collection":[{"href":"https:\/\/mincomercionacional.gob.ve\/index.php?rest_route=\/wp\/v2\/posts"}],"about":[{"href":"https:\/\/mincomercionacional.gob.ve\/index.php?rest_route=\/wp\/v2\/types\/post"}],"author":[{"embeddable":true,"href":"https:\/\/mincomercionacional.gob.ve\/index.php?rest_route=\/wp\/v2\/users\/22"}],"replies":[{"embeddable":true,"href":"https:\/\/mincomercionacional.gob.ve\/index.php?rest_route=%2Fwp%2Fv2%2Fcomments&post=28510"}],"version-history":[{"count":1,"href":"https:\/\/mincomercionacional.gob.ve\/index.php?rest_route=\/wp\/v2\/posts\/28510\/revisions"}],"predecessor-version":[{"id":28527,"href":"https:\/\/mincomercionacional.gob.ve\/index.php?rest_route=\/wp\/v2\/posts\/28510\/revisions\/28527"}],"wp:featuredmedia":[{"embeddable":true,"href":"https:\/\/mincomercionacional.gob.ve\/index.php?rest_route=\/wp\/v2\/media\/28514"}],"wp:attachment":[{"href":"https:\/\/mincomercionacional.gob.ve\/index.php?rest_route=%2Fwp%2Fv2%2Fmedia&parent=28510"}],"wp:term":[{"taxonomy":"category","embeddable":true,"href":"https:\/\/mincomercionacional.gob.ve\/index.php?rest_route=%2Fwp%2Fv2%2Fcategories&post=28510"},{"taxonomy":"post_tag","embeddable":true,"href":"https:\/\/mincomercionacional.gob.ve\/index.php?rest_route=%2Fwp%2Fv2%2Ftags&post=28510"}],"curies":[{"name":"wp","href":"https:\/\/api.w.org\/{rel}","templated":true}]}}