{"id":28451,"date":"2026-08-30T08:41:41","date_gmt":"2026-08-30T12:41:41","guid":{"rendered":"https:\/\/mincomercionacional.gob.ve\/?p=28451"},"modified":"2026-09-01T19:48:10","modified_gmt":"2026-09-01T23:48:10","slug":"inauguran-sede-de-rio-supermarket-en-charallave-con-alta-presencia-de-productos-nacionales","status":"publish","type":"post","link":"https:\/\/mincomercionacional.gob.ve\/?p=28451","title":{"rendered":"Inauguran sede de Rio Supermarket en Charallave con alta presencia de productos nacionales"},"content":{"rendered":"<p style=\"text-align: justify;\">El ministro de Industrias y Comercio Nacional, Luis Antonio Villegas, encabez\u00f3 la inauguraci\u00f3n de una nueva sede de la cadena Rio Supermarket en Charallave, estado Miranda. Con esta apertura, la empresa alcanza 24 establecimientos operativos en el territorio nacional.<\/p>\n<p style=\"text-align: justify;\">\u200bDurante la actividad, Villegas se\u00f1al\u00f3 que m\u00e1s del 90% de la mercanc\u00eda exhibida en los anaqueles corresponde a producci\u00f3n nacional, lo cual atribuy\u00f3 al trabajo conjunto entre el sector privado, la industria y los productores agr\u00edcolas.<\/p>\n<p style=\"text-align: justify;\">\u200bEl evento cont\u00f3 con la presencia de autoridades locales, quienes destacaron la ubicaci\u00f3n estrat\u00e9gica del supermercado cerca de nodos de transporte masivo, como el terminal de pasajeros y la estaci\u00f3n del ferrocarril, lo que facilita el acceso al abastecimiento de alimentos para los habitantes de la zona.<\/p>\n<p style=\"text-align: justify;\">\u200bLa apertura representa una alianza entre la inversi\u00f3n privada y el sector p\u00fablico orientada a la oferta de bienes, la estabilidad en el suministro de alimentos y la generaci\u00f3n de empleo en la regi\u00f3n.<\/p>\n<p>&nbsp;<\/p>\n<blockquote class=\"instagram-media\" style=\"background: #FFF; border: 0; border-radius: 3px; box-shadow: 0 0 1px 0 rgba(0,0,0,0.5),0 1px 10px 0 rgba(0,0,0,0.15); margin: 1px; max-width: 540px; min-width: 326px; padding: 0; width: calc(100% - 2px);\" data-instgrm-captioned=\"\" data-instgrm-permalink=\"https:\/\/www.instagram.com\/reel\/DcrJjlWMGVY\/?utm_source=ig_embed&amp;utm_campaign=loading\" data-instgrm-version=\"14\">\n<div style=\"padding: 16px;\">\n<p>&nbsp;<\/p>\n<div style=\"display: flex; flex-direction: row; align-items: center;\">\n<div style=\"background-color: #f4f4f4; border-radius: 50%; flex-grow: 0; height: 40px; margin-right: 14px; width: 40px;\"><\/div>\n<div style=\"display: flex; flex-direction: column; flex-grow: 1; justify-content: center;\">\n<div style=\"background-color: #f4f4f4; border-radius: 4px; flex-grow: 0; height: 14px; margin-bottom: 6px; width: 100px;\"><\/div>\n<div style=\"background-color: #f4f4f4; border-radius: 4px; flex-grow: 0; height: 14px; width: 60px;\"><\/div>\n<\/div>\n<\/div>\n<div style=\"padding: 19% 0;\"><\/div>\n<div style=\"display: block; height: 50px; margin: 0 auto 12px; width: 50px;\"><\/div>\n<div style=\"padding-top: 8px;\">\n<div style=\"color: #3897f0; font-family: Arial,sans-serif; font-size: 14px; font-style: normal; font-weight: 550; line-height: 18px;\">Ver esta publicaci\u00f3n en Instagram<\/div>\n<\/div>\n<div style=\"padding: 12.5% 0;\"><\/div>\n<div style=\"display: flex; flex-direction: row; margin-bottom: 14px; align-items: center;\">\n<div>\n<div style=\"background-color: #f4f4f4; border-radius: 50%; height: 12.5px; width: 12.5px; transform: translateX(0px) translateY(7px);\"><\/div>\n<div style=\"background-color: #f4f4f4; height: 12.5px; transform: rotate(-45deg) translateX(3px) translateY(1px); width: 12.5px; flex-grow: 0; margin-right: 14px; margin-left: 2px;\"><\/div>\n<div style=\"background-color: #f4f4f4; border-radius: 50%; height: 12.5px; width: 12.5px; transform: translateX(9px) translateY(-18px);\"><\/div>\n<\/div>\n<div style=\"margin-left: 8px;\">\n<div style=\"background-color: #f4f4f4; border-radius: 50%; flex-grow: 0; height: 20px; width: 20px;\"><\/div>\n<div style=\"width: 0; height: 0; border-top: 2px solid transparent; border-left: 6px solid #f4f4f4; border-bottom: 2px solid transparent; transform: translateX(16px) translateY(-4px) rotate(30deg);\"><\/div>\n<\/div>\n<div style=\"margin-left: auto;\">\n<div style=\"width: 0px; border-top: 8px solid #F4F4F4; border-right: 8px solid transparent; transform: translateY(16px);\"><\/div>\n<div style=\"background-color: #f4f4f4; flex-grow: 0; height: 12px; width: 16px; transform: translateY(-4px);\"><\/div>\n<div style=\"width: 0; height: 0; border-top: 8px solid #F4F4F4; border-left: 8px solid transparent; transform: translateY(-4px) translateX(8px);\"><\/div>\n<\/div>\n<\/div>\n<div style=\"display: flex; flex-direction: column; flex-grow: 1; justify-content: center; margin-bottom: 24px;\">\n<div style=\"background-color: #f4f4f4; border-radius: 4px; flex-grow: 0; height: 14px; margin-bottom: 6px; width: 224px;\"><\/div>\n<div style=\"background-color: #f4f4f4; border-radius: 4px; flex-grow: 0; height: 14px; width: 144px;\"><\/div>\n<\/div>\n<p>&nbsp;<\/p>\n<p style=\"color: #c9c8cd; font-family: Arial,sans-serif; font-size: 14px; line-height: 17px; margin-bottom: 0; margin-top: 8px; overflow: hidden; padding: 8px 0 7px; text-align: center; text-overflow: ellipsis; white-space: nowrap;\"><a style=\"color: #c9c8cd; font-family: Arial,sans-serif; font-size: 14px; font-style: normal; font-weight: normal; line-height: 17px; text-decoration: none;\" href=\"https:\/\/www.instagram.com\/reel\/DcrJjlWMGVY\/?utm_source=ig_embed&amp;utm_campaign=loading\" target=\"_blank\" rel=\"noopener\">Una publicaci\u00f3n compartida por Ministerio del Poder Popular de Industrias y Comercio Nacional (@minindustriasycomercio_ve)<\/a><\/p>\n<\/div>\n<\/blockquote>\n<p><script async src=\"\/\/www.instagram.com\/embed.js\"><\/script><\/p>\n","protected":false},"excerpt":{"rendered":"<p>El ministro de Industrias y Comercio Nacional, Luis Antonio Villegas, encabez\u00f3 la inauguraci\u00f3n de una nueva sede de la cadena Rio Supermarket en Charallave, estado Miranda. Con esta apertura, la empresa alcanza 24 establecimientos operativos en el territorio nacional. \u200bDurante la actividad, Villegas se\u00f1al\u00f3 que m\u00e1s del 90% de la mercanc\u00eda exhibida en los anaqueles &hellip;<\/p>\n","protected":false},"author":22,"featured_media":28454,"comment_status":"closed","ping_status":"open","sticky":false,"template":"","format":"standard","meta":{"footnotes":"","jetpack_post_was_ever_published":false},"categories":[1],"tags":[2779,676,934,329,2780],"class_list":["post-28451","post","type-post","status-publish","format-standard","has-post-thumbnail","hentry","category-prensa","tag-anaqueles","tag-inauguracion","tag-luis-antonio-villegas","tag-produccion-nacional","tag-rio-supermarket"],"jetpack_shortlink":"https:\/\/wp.me\/pbvjg9-7oT","jetpack_featured_media_url":"https:\/\/i0.wp.com\/mincomercionacional.gob.ve\/wp-content\/uploads\/2026\/08\/IMG_4418.jpg?fit=3552%2C2664&ssl=1","_links":{"self":[{"href":"https:\/\/mincomercionacional.gob.ve\/index.php?rest_route=\/wp\/v2\/posts\/28451","targetHints":{"allow":["GET"]}}],"collection":[{"href":"https:\/\/mincomercionacional.gob.ve\/index.php?rest_route=\/wp\/v2\/posts"}],"about":[{"href":"https:\/\/mincomercionacional.gob.ve\/index.php?rest_route=\/wp\/v2\/types\/post"}],"author":[{"embeddable":true,"href":"https:\/\/mincomercionacional.gob.ve\/index.php?rest_route=\/wp\/v2\/users\/22"}],"replies":[{"embeddable":true,"href":"https:\/\/mincomercionacional.gob.ve\/index.php?rest_route=%2Fwp%2Fv2%2Fcomments&post=28451"}],"version-history":[{"count":3,"href":"https:\/\/mincomercionacional.gob.ve\/index.php?rest_route=\/wp\/v2\/posts\/28451\/revisions"}],"predecessor-version":[{"id":28509,"href":"https:\/\/mincomercionacional.gob.ve\/index.php?rest_route=\/wp\/v2\/posts\/28451\/revisions\/28509"}],"wp:featuredmedia":[{"embeddable":true,"href":"https:\/\/mincomercionacional.gob.ve\/index.php?rest_route=\/wp\/v2\/media\/28454"}],"wp:attachment":[{"href":"https:\/\/mincomercionacional.gob.ve\/index.php?rest_route=%2Fwp%2Fv2%2Fmedia&parent=28451"}],"wp:term":[{"taxonomy":"category","embeddable":true,"href":"https:\/\/mincomercionacional.gob.ve\/index.php?rest_route=%2Fwp%2Fv2%2Fcategories&post=28451"},{"taxonomy":"post_tag","embeddable":true,"href":"https:\/\/mincomercionacional.gob.ve\/index.php?rest_route=%2Fwp%2Fv2%2Ftags&post=28451"}],"curies":[{"name":"wp","href":"https:\/\/api.w.org\/{rel}","templated":true}]}}