{"id":28439,"date":"2026-08-30T13:39:15","date_gmt":"2026-08-30T17:39:15","guid":{"rendered":"https:\/\/mincomercionacional.gob.ve\/?p=28439"},"modified":"2026-09-01T19:48:29","modified_gmt":"2026-09-01T23:48:29","slug":"comuna-gual-y-espana-impulsa-reactivacion-de-la-economia","status":"publish","type":"post","link":"https:\/\/mincomercionacional.gob.ve\/?p=28439","title":{"rendered":"Comuna Gual y Espa\u00f1a impulsa reactivaci\u00f3n de la econom\u00eda"},"content":{"rendered":"<p style=\"text-align: justify;\">El ministro del Poder Popular de Industrias y Comercio Nacional, Luis Antonio Villegas, visit\u00f3 los espacios de la\u00a0Comuna Gual y Espa\u00f1a, para constatar sus estructuras socioproductivas como parte del proceso de reactivaci\u00f3n y renacimiento impulsado por la presidenta Delcy Rodr\u00edguez, en el marco del Plan Venezuela Renace.<\/p>\n<p style=\"text-align: justify;\">Esta comuna conformada por 2.800 familias y 11 consejos comunales que agrupan a unas 18.000 personas, se erige como un eje fundamental para atender las necesidades de su poblaci\u00f3n y proyectarse hacia los denominados Pueblos Caribe.<\/p>\n<p style=\"text-align: justify;\">El vocero Cleiver Chourio destac\u00f3 que la visita permite \u00abdar a conocer y presentar todas las estructuras socioproductiva\u00a0 de la comuna, en la que el trabajo va a un proceso de reactivacion y de renacimiento juntos\u00a0 alas pol\u00edticas de nuestra presidenta Delcy Rodr\u00edguez\u00bb<\/p>\n<p style=\"text-align: justify;\">Por su parte, el comunero Pedro Guti\u00e9rrez se\u00f1al\u00f3 que \u00abpese al impacto de las sanciones y bloqueos internacionales, los productores de la comuna han desarrollado mecanismos de esfuerzo conjunto que nos permiten sostener la producci\u00f3n en diversos rubros, incluyendo el textil, para aportar a la producci\u00f3n nacional\u00bb.<\/p>\n<p style=\"text-align: justify;\">La organizaci\u00f3n y la unidad han sido pilares clave para superar las dificultades y avanzar en la consolidaci\u00f3n de un modelo que prioriza la autosustentabilidad y el fortalecimiento del tejido productivo local, reflejo del compromiso del Poder Popular con la nueva etapa de transformaci\u00f3n econ\u00f3mica del pa\u00eds.<\/p>\n<div style=\"width: 1024px;\" class=\"wp-video\"><video class=\"wp-video-shortcode\" id=\"video-28439-1\" width=\"1024\" height=\"592\" preload=\"metadata\" controls=\"controls\"><source type=\"video\/mp4\" src=\"https:\/\/mincomercionacional.gob.ve\/wp-content\/uploads\/2026\/09\/video_2026-09-01_19-43-36.mp4?_=1\" \/><a href=\"https:\/\/mincomercionacional.gob.ve\/wp-content\/uploads\/2026\/09\/video_2026-09-01_19-43-36.mp4\">https:\/\/mincomercionacional.gob.ve\/wp-content\/uploads\/2026\/09\/video_2026-09-01_19-43-36.mp4<\/a><\/video><\/div>\n","protected":false},"excerpt":{"rendered":"<p>El ministro del Poder Popular de Industrias y Comercio Nacional, Luis Antonio Villegas, visit\u00f3 los espacios de la\u00a0Comuna Gual y Espa\u00f1a, para constatar sus estructuras socioproductivas como parte del proceso de reactivaci\u00f3n y renacimiento impulsado por la presidenta Delcy Rodr\u00edguez, en el marco del Plan Venezuela Renace. Esta comuna conformada por 2.800 familias y 11 &hellip;<\/p>\n","protected":false},"author":22,"featured_media":28442,"comment_status":"closed","ping_status":"open","sticky":false,"template":"","format":"standard","meta":{"footnotes":"","jetpack_post_was_ever_published":false},"categories":[1],"tags":[],"class_list":["post-28439","post","type-post","status-publish","format-standard","has-post-thumbnail","hentry","category-prensa"],"jetpack_shortlink":"https:\/\/wp.me\/pbvjg9-7oH","jetpack_featured_media_url":"https:\/\/i0.wp.com\/mincomercionacional.gob.ve\/wp-content\/uploads\/2026\/08\/IMG_4397.jpg?fit=3552%2C2664&ssl=1","_links":{"self":[{"href":"https:\/\/mincomercionacional.gob.ve\/index.php?rest_route=\/wp\/v2\/posts\/28439","targetHints":{"allow":["GET"]}}],"collection":[{"href":"https:\/\/mincomercionacional.gob.ve\/index.php?rest_route=\/wp\/v2\/posts"}],"about":[{"href":"https:\/\/mincomercionacional.gob.ve\/index.php?rest_route=\/wp\/v2\/types\/post"}],"author":[{"embeddable":true,"href":"https:\/\/mincomercionacional.gob.ve\/index.php?rest_route=\/wp\/v2\/users\/22"}],"replies":[{"embeddable":true,"href":"https:\/\/mincomercionacional.gob.ve\/index.php?rest_route=%2Fwp%2Fv2%2Fcomments&post=28439"}],"version-history":[{"count":3,"href":"https:\/\/mincomercionacional.gob.ve\/index.php?rest_route=\/wp\/v2\/posts\/28439\/revisions"}],"predecessor-version":[{"id":28508,"href":"https:\/\/mincomercionacional.gob.ve\/index.php?rest_route=\/wp\/v2\/posts\/28439\/revisions\/28508"}],"wp:featuredmedia":[{"embeddable":true,"href":"https:\/\/mincomercionacional.gob.ve\/index.php?rest_route=\/wp\/v2\/media\/28442"}],"wp:attachment":[{"href":"https:\/\/mincomercionacional.gob.ve\/index.php?rest_route=%2Fwp%2Fv2%2Fmedia&parent=28439"}],"wp:term":[{"taxonomy":"category","embeddable":true,"href":"https:\/\/mincomercionacional.gob.ve\/index.php?rest_route=%2Fwp%2Fv2%2Fcategories&post=28439"},{"taxonomy":"post_tag","embeddable":true,"href":"https:\/\/mincomercionacional.gob.ve\/index.php?rest_route=%2Fwp%2Fv2%2Ftags&post=28439"}],"curies":[{"name":"wp","href":"https:\/\/api.w.org\/{rel}","templated":true}]}}