{"id":27099,"date":"2026-04-30T21:35:37","date_gmt":"2026-05-01T01:35:37","guid":{"rendered":"https:\/\/mincomercionacional.gob.ve\/?p=27099"},"modified":"2026-04-30T21:35:37","modified_gmt":"2026-05-01T01:35:37","slug":"instalan-mesa-de-trabajo-para-fortalecer-el-encadenamiento-productivo-en-trujillo","status":"publish","type":"post","link":"https:\/\/mincomercionacional.gob.ve\/?p=27099","title":{"rendered":"Instalan mesa de trabajo para fortalecer el encadenamiento productivo en Trujillo"},"content":{"rendered":"<p style=\"text-align: justify;\">En el estado Trujillo fue instalada una mesa de trabajo ampliada de articulaci\u00f3n productiva, el cual cont\u00f3 con la participaci\u00f3n del ministro del Poder Popular de Industrias y Comercio Nacional, Luis Antonio Villegas, el gobernador Gerardo M\u00e1rquez, el presidente de la Asociaci\u00f3n Nacional de Supermercados y Autoservicios (ANSA), Italo Atencio, el sector retail, emprendedores y organizaciones de la sociedad civil, con el objetivo de dinamizar la econom\u00eda regional y fortalecer los encadenamientos productivos.<\/p>\n<p style=\"text-align: justify;\">Durante la actividad, el ministro Villegas destac\u00f3 que esta mesa de trabajo busca escuchar y atender de manera inmediata los requerimientos del sector productivo, en l\u00ednea con las orientaciones y pol\u00edticas p\u00fablicas desarrolladas por la doctora Delcy Rodr\u00edguez, presidenta encargada de la Rep\u00fablica Bolivariana de Venezuela. El encuentro llevado a cabo en la ciudad de Valera, permiti\u00f3 que las autoridades y actores econ\u00f3micos coincidan en el impulso de la producci\u00f3n local, facilitar tr\u00e1mites para peque\u00f1os emprendimientos y promover la articulaci\u00f3n entre el sector p\u00fablico y privado.<\/p>\n<p style=\"text-align: justify;\">\u201cLlamamos a todos los sectores comerciales e industriales a sumarse con responsabilidad a este esfuerzo econ\u00f3mico. La instalaci\u00f3n de esta mesa es atender a emprendedores, productores y comerciantes. Adem\u00e1s se activa una taquilla \u00fanica, que permita agilizar tr\u00e1mites esenciales a los emprendedores; en articulaci\u00f3n con la banca p\u00fablica, llevar el procesos de bancarizaci\u00f3n para avanzar en sus proyectos productivos\u00bb, afirm\u00f3 el Titular de Industrias y Comercio Nacional.<\/p>\n<p style=\"text-align: justify;\">Por su parte, el presidente ANSA, Italo Atencio, se\u00f1al\u00f3 que esta din\u00e1mica abre oportunidades para los estados del pa\u00eds con potencial productivo como Trujillo, \u201cqueremos replicar estas iniciativas en todo el pa\u00eds. Venezuela tiene un camino de crecimiento en los pr\u00f3ximos meses y a\u00f1os, y Trujillo es protagonista en producci\u00f3n, distribuci\u00f3n y exportaci\u00f3n\u201d.<\/p>\n<p style=\"text-align: justify;\">Mientras el gobernador Gerardo M\u00e1rquez, reiter\u00f3 el compromiso del Ejecutivo regional con el fortalecimiento del aparato productivo. \u201cTrujillo es un estado diverso en producci\u00f3n de rubros no petroleros. Hemos escuchado propuestas y con estas taquillas \u00fanicas y el apoyo de la banca p\u00fablica, seguiremos consolidando procesos en respaldo a nuestros emprendedores. En Trujillo existen amplias oportunidades para expandir la oferta de alimentos procesados, encurtidos y productos con valor agregado\u201d, afirm\u00f3.<\/p>\n<p style=\"text-align: justify;\">La jornada incluy\u00f3 adem\u00e1s visitas a supermercados locales, reuniones con c\u00e1maras empresariales y la revisi\u00f3n de propuestas t\u00e9cnicas para la apertura de nuevos establecimientos comerciales en la regi\u00f3n.<\/p>\n","protected":false},"excerpt":{"rendered":"<p>En el estado Trujillo fue instalada una mesa de trabajo ampliada de articulaci\u00f3n productiva, el cual cont\u00f3 con la participaci\u00f3n del ministro del Poder Popular de Industrias y Comercio Nacional, Luis Antonio Villegas, el gobernador Gerardo M\u00e1rquez, el presidente de la Asociaci\u00f3n Nacional de Supermercados y Autoservicios (ANSA), Italo Atencio, el sector retail, emprendedores y &hellip;<\/p>\n","protected":false},"author":22,"featured_media":27100,"comment_status":"closed","ping_status":"open","sticky":false,"template":"","format":"standard","meta":{"footnotes":""},"categories":[1256,1],"tags":[],"class_list":["post-27099","post","type-post","status-publish","format-standard","has-post-thumbnail","hentry","category-comercio-nacional","category-prensa"],"jetpack_featured_media_url":"https:\/\/i0.wp.com\/mincomercionacional.gob.ve\/wp-content\/uploads\/2026\/04\/IMG_20260430_213122_074.jpg?fit=2560%2C1707&ssl=1","jetpack_shortlink":"https:\/\/wp.me\/pbvjg9-735","_links":{"self":[{"href":"https:\/\/mincomercionacional.gob.ve\/index.php?rest_route=\/wp\/v2\/posts\/27099","targetHints":{"allow":["GET"]}}],"collection":[{"href":"https:\/\/mincomercionacional.gob.ve\/index.php?rest_route=\/wp\/v2\/posts"}],"about":[{"href":"https:\/\/mincomercionacional.gob.ve\/index.php?rest_route=\/wp\/v2\/types\/post"}],"author":[{"embeddable":true,"href":"https:\/\/mincomercionacional.gob.ve\/index.php?rest_route=\/wp\/v2\/users\/22"}],"replies":[{"embeddable":true,"href":"https:\/\/mincomercionacional.gob.ve\/index.php?rest_route=%2Fwp%2Fv2%2Fcomments&post=27099"}],"version-history":[{"count":1,"href":"https:\/\/mincomercionacional.gob.ve\/index.php?rest_route=\/wp\/v2\/posts\/27099\/revisions"}],"predecessor-version":[{"id":27101,"href":"https:\/\/mincomercionacional.gob.ve\/index.php?rest_route=\/wp\/v2\/posts\/27099\/revisions\/27101"}],"wp:featuredmedia":[{"embeddable":true,"href":"https:\/\/mincomercionacional.gob.ve\/index.php?rest_route=\/wp\/v2\/media\/27100"}],"wp:attachment":[{"href":"https:\/\/mincomercionacional.gob.ve\/index.php?rest_route=%2Fwp%2Fv2%2Fmedia&parent=27099"}],"wp:term":[{"taxonomy":"category","embeddable":true,"href":"https:\/\/mincomercionacional.gob.ve\/index.php?rest_route=%2Fwp%2Fv2%2Fcategories&post=27099"},{"taxonomy":"post_tag","embeddable":true,"href":"https:\/\/mincomercionacional.gob.ve\/index.php?rest_route=%2Fwp%2Fv2%2Ftags&post=27099"}],"curies":[{"name":"wp","href":"https:\/\/api.w.org\/{rel}","templated":true}]}}