{"id":27087,"date":"2026-04-24T17:02:11","date_gmt":"2026-04-24T21:02:11","guid":{"rendered":"https:\/\/mincomercionacional.gob.ve\/?p=27087"},"modified":"2026-04-26T17:07:11","modified_gmt":"2026-04-26T21:07:11","slug":"gobierno-bolivariano-blinda-la-alianza-con-el-sector-agroindustrial-2","status":"publish","type":"post","link":"https:\/\/mincomercionacional.gob.ve\/?p=27087","title":{"rendered":"Gobierno Bolivariano blinda la alianza con el sector agroindustrial"},"content":{"rendered":"<p style=\"text-align: justify;\">El ministro del Poder Popular para la Agricultura Productiva y Tierras, Vladimir Padrino L\u00f3pez, en compa\u00f1\u00eda del ministro del Poder Popular de Industrias y Comercio Nacional, Luis Antonio Villegas y el ministro para la Alimentaci\u00f3n Carlos Teller\u00eda, sostuvo una reuni\u00f3n con representantes del motor agroindustrial, con el objetivo de consolidar nuevas oportunidades clave para este sector incluyendo el tema de producci\u00f3n primaria, cadena de distribuci\u00f3n y consumo nacional.<\/p>\n<p style=\"text-align: justify;\">Durante el encuentro el ministro Padrino L\u00f3pez revis\u00f3 los avances cient\u00edficos de la agricultura y la digitalizaci\u00f3n de los procesos productivos.<\/p>\n<p style=\"text-align: justify;\">Explic\u00f3 que liberar las restricciones financieras for\u00e1neas resulta clave para activar todo el potencial productivo de la naci\u00f3n bolivariana; por ello invit\u00f3 a todo el sector a sumarse a la producci\u00f3n para garantizar la soberan\u00eda alimentaria plena del pueblo.<\/p>\n","protected":false},"excerpt":{"rendered":"<p>El ministro del Poder Popular para la Agricultura Productiva y Tierras, Vladimir Padrino L\u00f3pez, en compa\u00f1\u00eda del ministro del Poder Popular de Industrias y Comercio Nacional, Luis Antonio Villegas y el ministro para la Alimentaci\u00f3n Carlos Teller\u00eda, sostuvo una reuni\u00f3n con representantes del motor agroindustrial, con el objetivo de consolidar nuevas oportunidades clave para este &hellip;<\/p>\n","protected":false},"author":22,"featured_media":27082,"comment_status":"closed","ping_status":"open","sticky":false,"template":"","format":"standard","meta":{"footnotes":""},"categories":[1],"tags":[],"class_list":["post-27087","post","type-post","status-publish","format-standard","has-post-thumbnail","hentry","category-prensa"],"jetpack_featured_media_url":"https:\/\/i0.wp.com\/mincomercionacional.gob.ve\/wp-content\/uploads\/2026\/04\/IMG_20260426_162321_529.jpg?fit=1280%2C652&ssl=1","jetpack_shortlink":"https:\/\/wp.me\/pbvjg9-72T","_links":{"self":[{"href":"https:\/\/mincomercionacional.gob.ve\/index.php?rest_route=\/wp\/v2\/posts\/27087","targetHints":{"allow":["GET"]}}],"collection":[{"href":"https:\/\/mincomercionacional.gob.ve\/index.php?rest_route=\/wp\/v2\/posts"}],"about":[{"href":"https:\/\/mincomercionacional.gob.ve\/index.php?rest_route=\/wp\/v2\/types\/post"}],"author":[{"embeddable":true,"href":"https:\/\/mincomercionacional.gob.ve\/index.php?rest_route=\/wp\/v2\/users\/22"}],"replies":[{"embeddable":true,"href":"https:\/\/mincomercionacional.gob.ve\/index.php?rest_route=%2Fwp%2Fv2%2Fcomments&post=27087"}],"version-history":[{"count":2,"href":"https:\/\/mincomercionacional.gob.ve\/index.php?rest_route=\/wp\/v2\/posts\/27087\/revisions"}],"predecessor-version":[{"id":27089,"href":"https:\/\/mincomercionacional.gob.ve\/index.php?rest_route=\/wp\/v2\/posts\/27087\/revisions\/27089"}],"wp:featuredmedia":[{"embeddable":true,"href":"https:\/\/mincomercionacional.gob.ve\/index.php?rest_route=\/wp\/v2\/media\/27082"}],"wp:attachment":[{"href":"https:\/\/mincomercionacional.gob.ve\/index.php?rest_route=%2Fwp%2Fv2%2Fmedia&parent=27087"}],"wp:term":[{"taxonomy":"category","embeddable":true,"href":"https:\/\/mincomercionacional.gob.ve\/index.php?rest_route=%2Fwp%2Fv2%2Fcategories&post=27087"},{"taxonomy":"post_tag","embeddable":true,"href":"https:\/\/mincomercionacional.gob.ve\/index.php?rest_route=%2Fwp%2Fv2%2Ftags&post=27087"}],"curies":[{"name":"wp","href":"https:\/\/api.w.org\/{rel}","templated":true}]}}