{"id":27078,"date":"2026-04-26T15:37:49","date_gmt":"2026-04-26T19:37:49","guid":{"rendered":"https:\/\/mincomercionacional.gob.ve\/?p=27078"},"modified":"2026-04-26T15:37:49","modified_gmt":"2026-04-26T19:37:49","slug":"mesa-de-trabajo-con-empresa-de-productos-lacteos-impulsa-el-desarrollo-sostenible-en-el-pais","status":"publish","type":"post","link":"https:\/\/mincomercionacional.gob.ve\/?p=27078","title":{"rendered":"Mesa de trabajo con empresa de productos l\u00e1cteos impulsa el desarrollo sostenible en el pa\u00eds"},"content":{"rendered":"<p style=\"text-align: justify;\">Autoridades del Ministerio del Poder Popular de Industrias y Comercio Nacional, junto a representantes de una empresa de productos l\u00e1cteos, llevaron a cabo una mesa de trabajo para garantizar el desarrollo sostenido de este sector, lo que impulsa el dinamismo comercial.<\/p>\n<p style=\"text-align: justify;\">Estos encuentros reafirman el di\u00e1logo permanente entre el Estado y la empresa privada a fin de avanzar en el impulso del aparato productivo del pa\u00eds.<\/p>\n<p style=\"text-align: justify;\">Con estas acciones el Ministerio del Poder Popular de Industrias y Comercio Nacional, fortalece las pol\u00edticas p\u00fablicas ideadas por el presidente Nicol\u00e1s Maduro y que lidera la doctora Delcy Rodr\u00edguez presidenta encargada de la Rep\u00fablica Bolivariana de Venezuela, en la construcci\u00f3n de una econom\u00eda diversificada, resiliente y al servicio del pueblo venezolano.<\/p>\n","protected":false},"excerpt":{"rendered":"<p>Autoridades del Ministerio del Poder Popular de Industrias y Comercio Nacional, junto a representantes de una empresa de productos l\u00e1cteos, llevaron a cabo una mesa de trabajo para garantizar el desarrollo sostenido de este sector, lo que impulsa el dinamismo comercial. Estos encuentros reafirman el di\u00e1logo permanente entre el Estado y la empresa privada a &hellip;<\/p>\n","protected":false},"author":22,"featured_media":27079,"comment_status":"closed","ping_status":"open","sticky":false,"template":"","format":"standard","meta":{"footnotes":""},"categories":[1],"tags":[381,2637],"class_list":["post-27078","post","type-post","status-publish","format-standard","has-post-thumbnail","hentry","category-prensa","tag-mesa-de-trabajo","tag-productos-lacteos"],"jetpack_featured_media_url":"https:\/\/i0.wp.com\/mincomercionacional.gob.ve\/wp-content\/uploads\/2026\/04\/IMG_20260426_153457_470.jpg?fit=1280%2C866&ssl=1","jetpack_shortlink":"https:\/\/wp.me\/pbvjg9-72K","_links":{"self":[{"href":"https:\/\/mincomercionacional.gob.ve\/index.php?rest_route=\/wp\/v2\/posts\/27078","targetHints":{"allow":["GET"]}}],"collection":[{"href":"https:\/\/mincomercionacional.gob.ve\/index.php?rest_route=\/wp\/v2\/posts"}],"about":[{"href":"https:\/\/mincomercionacional.gob.ve\/index.php?rest_route=\/wp\/v2\/types\/post"}],"author":[{"embeddable":true,"href":"https:\/\/mincomercionacional.gob.ve\/index.php?rest_route=\/wp\/v2\/users\/22"}],"replies":[{"embeddable":true,"href":"https:\/\/mincomercionacional.gob.ve\/index.php?rest_route=%2Fwp%2Fv2%2Fcomments&post=27078"}],"version-history":[{"count":1,"href":"https:\/\/mincomercionacional.gob.ve\/index.php?rest_route=\/wp\/v2\/posts\/27078\/revisions"}],"predecessor-version":[{"id":27080,"href":"https:\/\/mincomercionacional.gob.ve\/index.php?rest_route=\/wp\/v2\/posts\/27078\/revisions\/27080"}],"wp:featuredmedia":[{"embeddable":true,"href":"https:\/\/mincomercionacional.gob.ve\/index.php?rest_route=\/wp\/v2\/media\/27079"}],"wp:attachment":[{"href":"https:\/\/mincomercionacional.gob.ve\/index.php?rest_route=%2Fwp%2Fv2%2Fmedia&parent=27078"}],"wp:term":[{"taxonomy":"category","embeddable":true,"href":"https:\/\/mincomercionacional.gob.ve\/index.php?rest_route=%2Fwp%2Fv2%2Fcategories&post=27078"},{"taxonomy":"post_tag","embeddable":true,"href":"https:\/\/mincomercionacional.gob.ve\/index.php?rest_route=%2Fwp%2Fv2%2Ftags&post=27078"}],"curies":[{"name":"wp","href":"https:\/\/api.w.org\/{rel}","templated":true}]}}