{"id":26710,"date":"2026-03-15T19:15:52","date_gmt":"2026-03-15T23:15:52","guid":{"rendered":"https:\/\/mincomercionacional.gob.ve\/?p=26710"},"modified":"2026-03-16T15:26:12","modified_gmt":"2026-03-16T19:26:12","slug":"plan-bodega-consolida-la-economia-local-y-avanza-hacia-la-industrializacion-comunal","status":"publish","type":"post","link":"https:\/\/mincomercionacional.gob.ve\/?p=26710","title":{"rendered":"Plan Bodega consolida la econom\u00eda local y avanza hacia la industrializaci\u00f3n comunal"},"content":{"rendered":"<p style=\"text-align: justify;\">El Ministerio del Poder Popular de Industrias y Comercio Nacional celebra el segundo aniversario del Plan Bodega, una iniciativa que forma parte del sexto v\u00e9rtice de la Gran Misi\u00f3n Igualdad y Justicia Social, orientada a eliminar los eslabones de distribuci\u00f3n, garantizar el acceso oportuno y directo a productos esenciales para las familias venezolanas.<\/p>\n<p style=\"text-align: justify;\">El Plan Bodega se ha consolidado como un mecanismo de acompa\u00f1amiento territorial que impulsa la econom\u00eda local, fortalece la organizaci\u00f3n comunitaria y actualmente avanza hacia la industrializaci\u00f3n comunal. Desde la instalaci\u00f3n de la primera bodega el 15 de marzo de 2024, el programa ha experimentado un crecimiento sostenido que hoy se traduce en resultados palpables para miles de hogares.<\/p>\n<p style=\"text-align: justify;\">El impacto social de este programa ha permitido priorizar la cercan\u00eda con las comunidades, la democratizaci\u00f3n del acceso a bienes esenciales y el impulso a los peque\u00f1os comerciantes que forman parte del tejido productivo nacional, contribuyendo de esta manera en la diversificaci\u00f3n de la econom\u00eda.<\/p>\n<p style=\"text-align: justify;\">Durante estos dos a\u00f1os, ha reafirmado su compromiso con la igualdad social y la justicia econ\u00f3mica, avanzando en la construcci\u00f3n de un sistema de distribuci\u00f3n m\u00e1s humano, solidario y cercano a las familias venezolanas. Este plan ideado por el presidente Nicol\u00e1s Maduro y que supervisa la doctora Delcy Rodr\u00edguez, presidenta encargada de la Rep\u00fablica Bolivariana de Venezuela ha alcanzado las siguientes cifras:<\/p>\n<p style=\"text-align: justify;\">&#8211; Beneficiar a 3.824 comunidades en todo el territorio nacional.<br \/>\n&#8211; Atender m\u00e1s de 5.000 bodegas, fortaleciendo su capacidad operativa y su rol dentro de la econom\u00eda popular.<br \/>\n&#8211; Presencia activa en m\u00e1s de 15 estados del pa\u00eds, con despliegues permanentes y articulaci\u00f3n con el Poder Popular.<br \/>\n&#8211; Atenci\u00f3n directa a 2.544.600 familias, garantizando precios asequibles y abastecimiento oportuno.<\/p>\n<p style=\"text-align: justify;\">El Plan Bodega se ha convertido en un punto de encuentro entre productores, distribuidores y consumidores, permitiendo optimizar la cadena de suministro y reduciendo las cadenas de distribuci\u00f3n hacia sectores vulnerables del pa\u00eds. Su enfoque territorial ha permitido identificar necesidades espec\u00edficas y adaptar la atenci\u00f3n seg\u00fan las caracter\u00edsticas de cada comunidad.<\/p>\n<p style=\"text-align: justify;\">Asimismo, el programa se articula con otras pol\u00edticas del Ejecutivo Nacional para fortalecer la econom\u00eda real, promover la producci\u00f3n nacional y consolidar un modelo de comercio m\u00e1s justo, inclusivo y eficiente perfilandose como un sistema que va rumbo a la industrializaci\u00f3n comunal aplicando el m\u00e9todo de autogobierno desde el territorio.<\/p>\n<p style=\"text-align: justify;\">En este sentido, el Ministerio del Poder Popular de Industrias y Comercio Nacional continuar\u00e1 impulsando esta iniciativa, ampliando su alcance y fortaleciendo su capacidad operativa para seguir garantizando bienestar, protecci\u00f3n y atenci\u00f3n directa al pueblo.<\/p>\n","protected":false},"excerpt":{"rendered":"<p>El Ministerio del Poder Popular de Industrias y Comercio Nacional celebra el segundo aniversario del Plan Bodega, una iniciativa que forma parte del sexto v\u00e9rtice de la Gran Misi\u00f3n Igualdad y Justicia Social, orientada a eliminar los eslabones de distribuci\u00f3n, garantizar el acceso oportuno y directo a productos esenciales para las familias venezolanas. El Plan &hellip;<\/p>\n","protected":false},"author":22,"featured_media":26714,"comment_status":"closed","ping_status":"open","sticky":false,"template":"","format":"standard","meta":{"footnotes":""},"categories":[1],"tags":[622,2219,1688,329],"class_list":["post-26710","post","type-post","status-publish","format-standard","has-post-thumbnail","hentry","category-prensa","tag-aniversario","tag-economia-local","tag-plan-bodega","tag-produccion-nacional"],"jetpack_featured_media_url":"https:\/\/i0.wp.com\/mincomercionacional.gob.ve\/wp-content\/uploads\/2026\/03\/photo_2026-03-15_22-30-00.jpg?fit=1280%2C720&ssl=1","jetpack_shortlink":"https:\/\/wp.me\/pbvjg9-6WO","_links":{"self":[{"href":"https:\/\/mincomercionacional.gob.ve\/index.php?rest_route=\/wp\/v2\/posts\/26710","targetHints":{"allow":["GET"]}}],"collection":[{"href":"https:\/\/mincomercionacional.gob.ve\/index.php?rest_route=\/wp\/v2\/posts"}],"about":[{"href":"https:\/\/mincomercionacional.gob.ve\/index.php?rest_route=\/wp\/v2\/types\/post"}],"author":[{"embeddable":true,"href":"https:\/\/mincomercionacional.gob.ve\/index.php?rest_route=\/wp\/v2\/users\/22"}],"replies":[{"embeddable":true,"href":"https:\/\/mincomercionacional.gob.ve\/index.php?rest_route=%2Fwp%2Fv2%2Fcomments&post=26710"}],"version-history":[{"count":2,"href":"https:\/\/mincomercionacional.gob.ve\/index.php?rest_route=\/wp\/v2\/posts\/26710\/revisions"}],"predecessor-version":[{"id":26715,"href":"https:\/\/mincomercionacional.gob.ve\/index.php?rest_route=\/wp\/v2\/posts\/26710\/revisions\/26715"}],"wp:featuredmedia":[{"embeddable":true,"href":"https:\/\/mincomercionacional.gob.ve\/index.php?rest_route=\/wp\/v2\/media\/26714"}],"wp:attachment":[{"href":"https:\/\/mincomercionacional.gob.ve\/index.php?rest_route=%2Fwp%2Fv2%2Fmedia&parent=26710"}],"wp:term":[{"taxonomy":"category","embeddable":true,"href":"https:\/\/mincomercionacional.gob.ve\/index.php?rest_route=%2Fwp%2Fv2%2Fcategories&post=26710"},{"taxonomy":"post_tag","embeddable":true,"href":"https:\/\/mincomercionacional.gob.ve\/index.php?rest_route=%2Fwp%2Fv2%2Ftags&post=26710"}],"curies":[{"name":"wp","href":"https:\/\/api.w.org\/{rel}","templated":true}]}}