{"id":26104,"date":"2026-01-24T10:00:04","date_gmt":"2026-01-24T14:00:04","guid":{"rendered":"https:\/\/mincomercionacional.gob.ve\/?p=26104"},"modified":"2026-01-26T06:19:36","modified_gmt":"2026-01-26T10:19:36","slug":"mesa-de-trabajo-fortalece-la-industria-farmaceutica","status":"publish","type":"post","link":"https:\/\/mincomercionacional.gob.ve\/?p=26104","title":{"rendered":"Mesa de trabajo fortalece la producci\u00f3n nacional de medicamentos"},"content":{"rendered":"<p style=\"text-align: justify;\">Representantes de un grupo del sector farmac\u00e9utico sostuvieron un encuentro con el ministro del Poder Popular de Industrias y Comercio Nacional, Luis Antonio Villegas, con el objetivo de seguir impulsando la industria nacional farmac\u00e9utica y contribuir a la sustituci\u00f3n de importaciones no petroleras con medicamentos hechos en Venezuela.<\/p>\n<p style=\"text-align: justify;\">La mesa de trabajo permiti\u00f3 escuchar y debatir propuestas que permitan la promoci\u00f3n de la producci\u00f3n, garantizando el acceso a medicamentos para el pueblo, consolidando las alianzas del Gobierno nacional \u200bcon el sector para potenciar la capacidad de exportaci\u00f3n.<\/p>\n<p>En este sentido, los representantes del grupo farmac\u00e9utico reiteraron su compromiso de seguir trabajando de manera engranada con el Gobierno Bolivariano. Este encuentro est\u00e1 enmarcado en el plan de las 7 Grandes Transformaciones, impulsado por el presidente Nicol\u00e1s Maduro.<\/p>\n<p>El Ministerio del Poder Popular de Industrias y Comercio Nacional ratifica su papel como facilitador de un ecosistema productivo que prioriza el crecimiento sostenible de la patria.<\/p>\n","protected":false},"excerpt":{"rendered":"<p>Representantes de un grupo del sector farmac\u00e9utico sostuvieron un encuentro con el ministro del Poder Popular de Industrias y Comercio Nacional, Luis Antonio Villegas, con el objetivo de seguir impulsando la industria nacional farmac\u00e9utica y contribuir a la sustituci\u00f3n de importaciones no petroleras con medicamentos hechos en Venezuela. La mesa de trabajo permiti\u00f3 escuchar y &hellip;<\/p>\n","protected":false},"author":22,"featured_media":26108,"comment_status":"closed","ping_status":"open","sticky":false,"template":"","format":"standard","meta":{"footnotes":""},"categories":[1],"tags":[1226,620,2111,934,36],"class_list":["post-26104","post","type-post","status-publish","format-standard","has-post-thumbnail","hentry","category-prensa","tag-crecimiento-economico","tag-industria-farmaceutica","tag-industrias","tag-luis-antonio-villegas","tag-produccion"],"jetpack_featured_media_url":"https:\/\/i0.wp.com\/mincomercionacional.gob.ve\/wp-content\/uploads\/2026\/01\/photo_2026-01-23_17-36-58.jpg?fit=1280%2C744&ssl=1","jetpack_shortlink":"https:\/\/wp.me\/pbvjg9-6N2","_links":{"self":[{"href":"https:\/\/mincomercionacional.gob.ve\/index.php?rest_route=\/wp\/v2\/posts\/26104","targetHints":{"allow":["GET"]}}],"collection":[{"href":"https:\/\/mincomercionacional.gob.ve\/index.php?rest_route=\/wp\/v2\/posts"}],"about":[{"href":"https:\/\/mincomercionacional.gob.ve\/index.php?rest_route=\/wp\/v2\/types\/post"}],"author":[{"embeddable":true,"href":"https:\/\/mincomercionacional.gob.ve\/index.php?rest_route=\/wp\/v2\/users\/22"}],"replies":[{"embeddable":true,"href":"https:\/\/mincomercionacional.gob.ve\/index.php?rest_route=%2Fwp%2Fv2%2Fcomments&post=26104"}],"version-history":[{"count":6,"href":"https:\/\/mincomercionacional.gob.ve\/index.php?rest_route=\/wp\/v2\/posts\/26104\/revisions"}],"predecessor-version":[{"id":26115,"href":"https:\/\/mincomercionacional.gob.ve\/index.php?rest_route=\/wp\/v2\/posts\/26104\/revisions\/26115"}],"wp:featuredmedia":[{"embeddable":true,"href":"https:\/\/mincomercionacional.gob.ve\/index.php?rest_route=\/wp\/v2\/media\/26108"}],"wp:attachment":[{"href":"https:\/\/mincomercionacional.gob.ve\/index.php?rest_route=%2Fwp%2Fv2%2Fmedia&parent=26104"}],"wp:term":[{"taxonomy":"category","embeddable":true,"href":"https:\/\/mincomercionacional.gob.ve\/index.php?rest_route=%2Fwp%2Fv2%2Fcategories&post=26104"},{"taxonomy":"post_tag","embeddable":true,"href":"https:\/\/mincomercionacional.gob.ve\/index.php?rest_route=%2Fwp%2Fv2%2Ftags&post=26104"}],"curies":[{"name":"wp","href":"https:\/\/api.w.org\/{rel}","templated":true}]}}