{"id":26071,"date":"2026-01-21T08:36:40","date_gmt":"2026-01-21T12:36:40","guid":{"rendered":"https:\/\/mincomercionacional.gob.ve\/?p=26071"},"modified":"2026-01-21T10:22:20","modified_gmt":"2026-01-21T14:22:20","slug":"presidenta-rodriguez-primeros-300-millones-por-venta-de-petroleo-financiaran-ingresos-de-los-trabajadores","status":"publish","type":"post","link":"https:\/\/mincomercionacional.gob.ve\/?p=26071","title":{"rendered":"Presidenta Rodr\u00edguez: Primeros $300 millones por venta de petr\u00f3leo financiar\u00e1n ingresos de los trabajadores"},"content":{"rendered":"<p style=\"text-align: justify;\">La presidenta encargada de la Rep\u00fablica Bolivariana de Venezuela, Delcy Rodr\u00edguez, lider\u00f3 una jornada de atenci\u00f3n social en la Base de Misiones Socialista \u201cHugo Salas\u201d, ubicada en la parroquia La Vega en Caracas donde inform\u00f3 que de los primeros 500 millones de d\u00f3lares previstos, ya han ingresado 300 millones de d\u00f3lares a la naci\u00f3n, fondos que estar\u00e1n destinados a cubrir y financiar el ingreso de los trabajadores y las trabajadoras.<\/p>\n<p style=\"text-align: justify;\">\u00abEsta medida busca proteger el poder adquisitivo de los venezolanos de la inflaci\u00f3n y del impacto negativo de los vaivenes en el mercado cambiar\u00edos y es que, estos primeros flujos ser\u00e1n utilizados y empleados a trav\u00e9s del mercado cambiario en Venezuela, de la Banca Nacional y del Banco Central de Venezuela (BCV)\u00bb, puntualiz\u00f3 Rodr\u00edguez.<\/p>\n<p style=\"text-align: justify;\">En este sentido, anunci\u00f3 que estas acciones forman parte de la l\u00ednea de acci\u00f3n econ\u00f3mica trazada por el Ejecutivo nacional para reafirmar el compromiso con la estabilidad econ\u00f3mica, la protecci\u00f3n del ingreso de la clase trabajadora y la consolidaci\u00f3n de un modelo productivo soberano.<\/p>\n<p style=\"text-align: justify;\">Durante su recorrido, se\u00f1al\u00f3 que el pueblo organizado de La Vega tiene prevista la activaci\u00f3n de sus espacios productivos: una planta potabilizadora, la Bodega Comunal, la Ferreter\u00eda Comunal, entrega del Gas Comunal, la activaci\u00f3n de un cyber, una Casa de Alimentaci\u00f3n, la Sala de Autogobierno y una Zona Gamer para los j\u00f3venes de la comunidad.<\/p>\n<p style=\"text-align: justify;\">\u00abEstamos en el fortalecimiento de la democracia comunal, de la acci\u00f3n comunal, de la intervenci\u00f3n comunal en la vida de Venezuela\u00bb, finaliz\u00f3.<\/p>\n<div class=\"tiled-gallery type-rectangular tiled-gallery-unresized\" data-original-width=\"500\" data-carousel-extra='{&quot;blog_id&quot;:1,&quot;permalink&quot;:&quot;https:\\\/\\\/mincomercionacional.gob.ve\\\/?p=26071&quot;,&quot;likes_blog_id&quot;:170001901}' itemscope itemtype=\"http:\/\/schema.org\/ImageGallery\" > <div class=\"gallery-row\" style=\"width: 500px; height: 224px;\" data-original-width=\"500\" data-original-height=\"224\" > <div class=\"gallery-group images-1\" style=\"width: 334px; height: 224px;\" data-original-width=\"334\" data-original-height=\"224\" > <div class=\"tiled-gallery-item tiled-gallery-item-large\" itemprop=\"associatedMedia\" itemscope itemtype=\"http:\/\/schema.org\/ImageObject\"> <a href=\"https:\/\/mincomercionacional.gob.ve\/?attachment_id=26074\" border=\"0\" itemprop=\"url\"> <meta itemprop=\"width\" content=\"330\"> <meta itemprop=\"height\" content=\"220\"> <img decoding=\"async\" class=\"\" data-attachment-id=\"26074\" data-orig-file=\"https:\/\/mincomercionacional.gob.ve\/wp-content\/uploads\/2026\/01\/IMG_20260121_100227_411.jpg\" data-orig-size=\"2560,1707\" data-comments-opened=\"\" data-image-meta=\"{&quot;aperture&quot;:&quot;0&quot;,&quot;credit&quot;:&quot;&quot;,&quot;camera&quot;:&quot;&quot;,&quot;caption&quot;:&quot;&quot;,&quot;created_timestamp&quot;:&quot;0&quot;,&quot;copyright&quot;:&quot;&quot;,&quot;focal_length&quot;:&quot;0&quot;,&quot;iso&quot;:&quot;0&quot;,&quot;shutter_speed&quot;:&quot;0&quot;,&quot;title&quot;:&quot;&quot;,&quot;orientation&quot;:&quot;0&quot;}\" data-image-title=\"IMG_20260121_100227_411\" data-image-description=\"\" data-medium-file=\"https:\/\/i0.wp.com\/mincomercionacional.gob.ve\/wp-content\/uploads\/2026\/01\/IMG_20260121_100227_411.jpg?fit=300%2C200&#038;ssl=1\" data-large-file=\"https:\/\/i0.wp.com\/mincomercionacional.gob.ve\/wp-content\/uploads\/2026\/01\/IMG_20260121_100227_411.jpg?fit=1024%2C683&#038;ssl=1\" src=\"https:\/\/i0.wp.com\/mincomercionacional.gob.ve\/wp-content\/uploads\/2026\/01\/IMG_20260121_100227_411.jpg?w=330&#038;h=220&#038;ssl=1\" width=\"330\" height=\"220\" loading=\"lazy\" data-original-width=\"330\" data-original-height=\"220\" itemprop=\"http:\/\/schema.org\/image\" title=\"IMG_20260121_100227_411\" alt=\"IMG_20260121_100227_411\" style=\"width: 330px; height: 220px;\" \/> <\/a> <\/div> <\/div> <!-- close group --> <div class=\"gallery-group images-2\" style=\"width: 166px; height: 224px;\" data-original-width=\"166\" data-original-height=\"224\" > <div class=\"tiled-gallery-item tiled-gallery-item-small\" itemprop=\"associatedMedia\" itemscope itemtype=\"http:\/\/schema.org\/ImageObject\"> <a href=\"https:\/\/mincomercionacional.gob.ve\/?attachment_id=26075\" border=\"0\" itemprop=\"url\"> <meta itemprop=\"width\" content=\"162\"> <meta itemprop=\"height\" content=\"108\"> <img decoding=\"async\" class=\"\" data-attachment-id=\"26075\" data-orig-file=\"https:\/\/mincomercionacional.gob.ve\/wp-content\/uploads\/2026\/01\/IMG_20260121_100226_986.jpg\" data-orig-size=\"2560,1706\" data-comments-opened=\"\" data-image-meta=\"{&quot;aperture&quot;:&quot;0&quot;,&quot;credit&quot;:&quot;&quot;,&quot;camera&quot;:&quot;&quot;,&quot;caption&quot;:&quot;&quot;,&quot;created_timestamp&quot;:&quot;0&quot;,&quot;copyright&quot;:&quot;&quot;,&quot;focal_length&quot;:&quot;0&quot;,&quot;iso&quot;:&quot;0&quot;,&quot;shutter_speed&quot;:&quot;0&quot;,&quot;title&quot;:&quot;&quot;,&quot;orientation&quot;:&quot;0&quot;}\" data-image-title=\"IMG_20260121_100226_986\" data-image-description=\"\" data-medium-file=\"https:\/\/i0.wp.com\/mincomercionacional.gob.ve\/wp-content\/uploads\/2026\/01\/IMG_20260121_100226_986.jpg?fit=300%2C200&#038;ssl=1\" data-large-file=\"https:\/\/i0.wp.com\/mincomercionacional.gob.ve\/wp-content\/uploads\/2026\/01\/IMG_20260121_100226_986.jpg?fit=1024%2C682&#038;ssl=1\" src=\"https:\/\/i0.wp.com\/mincomercionacional.gob.ve\/wp-content\/uploads\/2026\/01\/IMG_20260121_100226_986.jpg?w=162&#038;h=108&#038;ssl=1\" width=\"162\" height=\"108\" loading=\"lazy\" data-original-width=\"162\" data-original-height=\"108\" itemprop=\"http:\/\/schema.org\/image\" title=\"IMG_20260121_100226_986\" alt=\"IMG_20260121_100226_986\" style=\"width: 162px; height: 108px;\" \/> <\/a> <\/div> <div class=\"tiled-gallery-item tiled-gallery-item-small\" itemprop=\"associatedMedia\" itemscope itemtype=\"http:\/\/schema.org\/ImageObject\"> <a href=\"https:\/\/mincomercionacional.gob.ve\/?attachment_id=26076\" border=\"0\" itemprop=\"url\"> <meta itemprop=\"width\" content=\"162\"> <meta itemprop=\"height\" content=\"108\"> <img decoding=\"async\" class=\"\" data-attachment-id=\"26076\" data-orig-file=\"https:\/\/mincomercionacional.gob.ve\/wp-content\/uploads\/2026\/01\/IMG_20260121_100227_365.jpg\" data-orig-size=\"2560,1706\" data-comments-opened=\"\" data-image-meta=\"{&quot;aperture&quot;:&quot;0&quot;,&quot;credit&quot;:&quot;&quot;,&quot;camera&quot;:&quot;&quot;,&quot;caption&quot;:&quot;&quot;,&quot;created_timestamp&quot;:&quot;0&quot;,&quot;copyright&quot;:&quot;&quot;,&quot;focal_length&quot;:&quot;0&quot;,&quot;iso&quot;:&quot;0&quot;,&quot;shutter_speed&quot;:&quot;0&quot;,&quot;title&quot;:&quot;&quot;,&quot;orientation&quot;:&quot;0&quot;}\" data-image-title=\"IMG_20260121_100227_365\" data-image-description=\"\" data-medium-file=\"https:\/\/i0.wp.com\/mincomercionacional.gob.ve\/wp-content\/uploads\/2026\/01\/IMG_20260121_100227_365.jpg?fit=300%2C200&#038;ssl=1\" data-large-file=\"https:\/\/i0.wp.com\/mincomercionacional.gob.ve\/wp-content\/uploads\/2026\/01\/IMG_20260121_100227_365.jpg?fit=1024%2C682&#038;ssl=1\" src=\"https:\/\/i0.wp.com\/mincomercionacional.gob.ve\/wp-content\/uploads\/2026\/01\/IMG_20260121_100227_365.jpg?w=162&#038;h=108&#038;ssl=1\" width=\"162\" height=\"108\" loading=\"lazy\" data-original-width=\"162\" data-original-height=\"108\" itemprop=\"http:\/\/schema.org\/image\" title=\"IMG_20260121_100227_365\" alt=\"IMG_20260121_100227_365\" style=\"width: 162px; height: 108px;\" \/> <\/a> <\/div> <\/div> <!-- close group --> <\/div> <!-- close row --> <div class=\"gallery-row\" style=\"width: 500px; height: 217px;\" data-original-width=\"500\" data-original-height=\"217\" > <div class=\"gallery-group images-2\" style=\"width: 161px; height: 217px;\" data-original-width=\"161\" data-original-height=\"217\" > <div class=\"tiled-gallery-item tiled-gallery-item-small\" itemprop=\"associatedMedia\" itemscope itemtype=\"http:\/\/schema.org\/ImageObject\"> <a href=\"https:\/\/mincomercionacional.gob.ve\/?attachment_id=26077\" border=\"0\" itemprop=\"url\"> <meta itemprop=\"width\" content=\"157\"> <meta itemprop=\"height\" content=\"104\"> <img decoding=\"async\" class=\"\" data-attachment-id=\"26077\" data-orig-file=\"https:\/\/mincomercionacional.gob.ve\/wp-content\/uploads\/2026\/01\/IMG_20260121_100222_546.jpg\" data-orig-size=\"2560,1706\" data-comments-opened=\"\" data-image-meta=\"{&quot;aperture&quot;:&quot;0&quot;,&quot;credit&quot;:&quot;&quot;,&quot;camera&quot;:&quot;&quot;,&quot;caption&quot;:&quot;&quot;,&quot;created_timestamp&quot;:&quot;0&quot;,&quot;copyright&quot;:&quot;&quot;,&quot;focal_length&quot;:&quot;0&quot;,&quot;iso&quot;:&quot;0&quot;,&quot;shutter_speed&quot;:&quot;0&quot;,&quot;title&quot;:&quot;&quot;,&quot;orientation&quot;:&quot;0&quot;}\" data-image-title=\"IMG_20260121_100222_546\" data-image-description=\"\" data-medium-file=\"https:\/\/i0.wp.com\/mincomercionacional.gob.ve\/wp-content\/uploads\/2026\/01\/IMG_20260121_100222_546.jpg?fit=300%2C200&#038;ssl=1\" data-large-file=\"https:\/\/i0.wp.com\/mincomercionacional.gob.ve\/wp-content\/uploads\/2026\/01\/IMG_20260121_100222_546.jpg?fit=1024%2C682&#038;ssl=1\" src=\"https:\/\/i0.wp.com\/mincomercionacional.gob.ve\/wp-content\/uploads\/2026\/01\/IMG_20260121_100222_546.jpg?w=157&#038;h=104&#038;ssl=1\" width=\"157\" height=\"104\" loading=\"lazy\" data-original-width=\"157\" data-original-height=\"104\" itemprop=\"http:\/\/schema.org\/image\" title=\"IMG_20260121_100222_546\" alt=\"IMG_20260121_100222_546\" style=\"width: 157px; height: 104px;\" \/> <\/a> <\/div> <div class=\"tiled-gallery-item tiled-gallery-item-small\" itemprop=\"associatedMedia\" itemscope itemtype=\"http:\/\/schema.org\/ImageObject\"> <a href=\"https:\/\/mincomercionacional.gob.ve\/?attachment_id=26078\" border=\"0\" itemprop=\"url\"> <meta itemprop=\"width\" content=\"157\"> <meta itemprop=\"height\" content=\"105\"> <img decoding=\"async\" class=\"\" data-attachment-id=\"26078\" data-orig-file=\"https:\/\/mincomercionacional.gob.ve\/wp-content\/uploads\/2026\/01\/IMG_20260121_100222_241.jpg\" data-orig-size=\"2560,1715\" data-comments-opened=\"\" data-image-meta=\"{&quot;aperture&quot;:&quot;0&quot;,&quot;credit&quot;:&quot;&quot;,&quot;camera&quot;:&quot;&quot;,&quot;caption&quot;:&quot;&quot;,&quot;created_timestamp&quot;:&quot;0&quot;,&quot;copyright&quot;:&quot;&quot;,&quot;focal_length&quot;:&quot;0&quot;,&quot;iso&quot;:&quot;0&quot;,&quot;shutter_speed&quot;:&quot;0&quot;,&quot;title&quot;:&quot;&quot;,&quot;orientation&quot;:&quot;0&quot;}\" data-image-title=\"IMG_20260121_100222_241\" data-image-description=\"\" data-medium-file=\"https:\/\/i0.wp.com\/mincomercionacional.gob.ve\/wp-content\/uploads\/2026\/01\/IMG_20260121_100222_241.jpg?fit=300%2C201&#038;ssl=1\" data-large-file=\"https:\/\/i0.wp.com\/mincomercionacional.gob.ve\/wp-content\/uploads\/2026\/01\/IMG_20260121_100222_241.jpg?fit=1024%2C686&#038;ssl=1\" src=\"https:\/\/i0.wp.com\/mincomercionacional.gob.ve\/wp-content\/uploads\/2026\/01\/IMG_20260121_100222_241.jpg?w=157&#038;h=105&#038;ssl=1\" width=\"157\" height=\"105\" loading=\"lazy\" data-original-width=\"157\" data-original-height=\"105\" itemprop=\"http:\/\/schema.org\/image\" title=\"IMG_20260121_100222_241\" alt=\"IMG_20260121_100222_241\" style=\"width: 157px; height: 105px;\" \/> <\/a> <\/div> <\/div> <!-- close group --> <div class=\"gallery-group images-1\" style=\"width: 339px; height: 217px;\" data-original-width=\"339\" data-original-height=\"217\" > <div class=\"tiled-gallery-item tiled-gallery-item-large\" itemprop=\"associatedMedia\" itemscope itemtype=\"http:\/\/schema.org\/ImageObject\"> <a href=\"https:\/\/mincomercionacional.gob.ve\/?attachment_id=26079\" border=\"0\" itemprop=\"url\"> <meta itemprop=\"width\" content=\"335\"> <meta itemprop=\"height\" content=\"213\"> <img decoding=\"async\" class=\"\" data-attachment-id=\"26079\" data-orig-file=\"https:\/\/mincomercionacional.gob.ve\/wp-content\/uploads\/2026\/01\/IMG_20260121_100222_366.jpg\" data-orig-size=\"2560,1630\" data-comments-opened=\"\" data-image-meta=\"{&quot;aperture&quot;:&quot;0&quot;,&quot;credit&quot;:&quot;&quot;,&quot;camera&quot;:&quot;&quot;,&quot;caption&quot;:&quot;&quot;,&quot;created_timestamp&quot;:&quot;0&quot;,&quot;copyright&quot;:&quot;&quot;,&quot;focal_length&quot;:&quot;0&quot;,&quot;iso&quot;:&quot;0&quot;,&quot;shutter_speed&quot;:&quot;0&quot;,&quot;title&quot;:&quot;&quot;,&quot;orientation&quot;:&quot;0&quot;}\" data-image-title=\"IMG_20260121_100222_366\" data-image-description=\"\" data-medium-file=\"https:\/\/i0.wp.com\/mincomercionacional.gob.ve\/wp-content\/uploads\/2026\/01\/IMG_20260121_100222_366.jpg?fit=300%2C191&#038;ssl=1\" data-large-file=\"https:\/\/i0.wp.com\/mincomercionacional.gob.ve\/wp-content\/uploads\/2026\/01\/IMG_20260121_100222_366.jpg?fit=1024%2C652&#038;ssl=1\" src=\"https:\/\/i0.wp.com\/mincomercionacional.gob.ve\/wp-content\/uploads\/2026\/01\/IMG_20260121_100222_366.jpg?w=335&#038;h=213&#038;ssl=1\" width=\"335\" height=\"213\" loading=\"lazy\" data-original-width=\"335\" data-original-height=\"213\" itemprop=\"http:\/\/schema.org\/image\" title=\"IMG_20260121_100222_366\" alt=\"IMG_20260121_100222_366\" style=\"width: 335px; height: 213px;\" \/> <\/a> <\/div> <\/div> <!-- close group --> <\/div> <!-- close row --> <\/div>\n","protected":false},"excerpt":{"rendered":"<p>La presidenta encargada de la Rep\u00fablica Bolivariana de Venezuela, Delcy Rodr\u00edguez, lider\u00f3 una jornada de atenci\u00f3n social en la Base de Misiones Socialista \u201cHugo Salas\u201d, ubicada en la parroquia La Vega en Caracas donde inform\u00f3 que de los primeros 500 millones de d\u00f3lares previstos, ya han ingresado 300 millones de d\u00f3lares a la naci\u00f3n, fondos &hellip;<\/p>\n","protected":false},"author":22,"featured_media":26073,"comment_status":"closed","ping_status":"open","sticky":false,"template":"","format":"standard","meta":{"footnotes":""},"categories":[1253],"tags":[],"class_list":["post-26071","post","type-post","status-publish","format-standard","has-post-thumbnail","hentry","category-prensa-presidencial"],"jetpack_featured_media_url":"https:\/\/i0.wp.com\/mincomercionacional.gob.ve\/wp-content\/uploads\/2026\/01\/IMG_20260121_100227_131.jpg?fit=2560%2C1714&ssl=1","jetpack_shortlink":"https:\/\/wp.me\/pbvjg9-6Mv","_links":{"self":[{"href":"https:\/\/mincomercionacional.gob.ve\/index.php?rest_route=\/wp\/v2\/posts\/26071","targetHints":{"allow":["GET"]}}],"collection":[{"href":"https:\/\/mincomercionacional.gob.ve\/index.php?rest_route=\/wp\/v2\/posts"}],"about":[{"href":"https:\/\/mincomercionacional.gob.ve\/index.php?rest_route=\/wp\/v2\/types\/post"}],"author":[{"embeddable":true,"href":"https:\/\/mincomercionacional.gob.ve\/index.php?rest_route=\/wp\/v2\/users\/22"}],"replies":[{"embeddable":true,"href":"https:\/\/mincomercionacional.gob.ve\/index.php?rest_route=%2Fwp%2Fv2%2Fcomments&post=26071"}],"version-history":[{"count":3,"href":"https:\/\/mincomercionacional.gob.ve\/index.php?rest_route=\/wp\/v2\/posts\/26071\/revisions"}],"predecessor-version":[{"id":26081,"href":"https:\/\/mincomercionacional.gob.ve\/index.php?rest_route=\/wp\/v2\/posts\/26071\/revisions\/26081"}],"wp:featuredmedia":[{"embeddable":true,"href":"https:\/\/mincomercionacional.gob.ve\/index.php?rest_route=\/wp\/v2\/media\/26073"}],"wp:attachment":[{"href":"https:\/\/mincomercionacional.gob.ve\/index.php?rest_route=%2Fwp%2Fv2%2Fmedia&parent=26071"}],"wp:term":[{"taxonomy":"category","embeddable":true,"href":"https:\/\/mincomercionacional.gob.ve\/index.php?rest_route=%2Fwp%2Fv2%2Fcategories&post=26071"},{"taxonomy":"post_tag","embeddable":true,"href":"https:\/\/mincomercionacional.gob.ve\/index.php?rest_route=%2Fwp%2Fv2%2Ftags&post=26071"}],"curies":[{"name":"wp","href":"https:\/\/api.w.org\/{rel}","templated":true}]}}