{"id":25992,"date":"2026-01-16T09:12:48","date_gmt":"2026-01-16T13:12:48","guid":{"rendered":"https:\/\/mincomercionacional.gob.ve\/?p=25992"},"modified":"2026-01-16T09:14:51","modified_gmt":"2026-01-16T13:14:51","slug":"expo-ninos-en-el-espacio-un-viaje-al-sistema-solar-un-magico-mundo-para-los-mas-pequenos","status":"publish","type":"post","link":"https:\/\/mincomercionacional.gob.ve\/?p=25992","title":{"rendered":"\u00abExpo Ni\u00f1os en el Espacio: un viaje al Sistema Solar\u00bb un m\u00e1gico mundo para los m\u00e1s peque\u00f1os"},"content":{"rendered":"<p style=\"text-align: justify;\">La exhibici\u00f3n \u00abExpo Ni\u00f1os en el Espacio: un viaje al Sistema Solar\u00bb se lleva a cabo en el Centro de Convenciones de La Carlota, ofreciendo a toda la familia venezolana una experiencia interactiva inolvidable. Esta exposici\u00f3n en su horario habitual de 9:00 de la ma\u00f1ana a 4:00 de la tarde de lunes a domingo, en el Centro de Convenciones Sim\u00f3n Bol\u00edvar en La Carlota.<\/p>\n<p style=\"text-align: justify;\">En un acto significativo, el Ministro del Poder Popular de Comercio Nacional, Luis Antonio Villegas, visit\u00f3 la expoferia acompa\u00f1ado por los hijos e hijas de la clase trabajadora de esta entidad p\u00fablica. Esta visita resalta el compromiso del Gobierno Bolivariano con la educaci\u00f3n y el desarrollo de las nuevas generaciones, incluso en momentos dif\u00edciles, \u00abes una experiencia m\u00e1gica, conocimos m\u00e1s de nuestro espacio y el universo\u00bb, expres\u00f3 Mariangel Ruiz visitante<\/p>\n<p style=\"text-align: justify;\">Es importante mencionar que la expoferia se mantuvo cerrada en los d\u00edas posteriores al vil ataque perpetrado por Estados Unidos el pasado 3 de enero, que tuvo como objetivo secuestrar al Presidente Nicol\u00e1s Maduro. A pesar de estas adversidades, la exhibici\u00f3n se reabri\u00f3 con el prop\u00f3sito de unir y fortalecer a la familia venezolana en un ambiente de aprendizaje y diversi\u00f3n.<\/p>\n<div class=\"tiled-gallery type-rectangular tiled-gallery-unresized\" data-original-width=\"500\" data-carousel-extra='{&quot;blog_id&quot;:1,&quot;permalink&quot;:&quot;https:\\\/\\\/mincomercionacional.gob.ve\\\/?p=25992&quot;,&quot;likes_blog_id&quot;:170001901}' itemscope itemtype=\"http:\/\/schema.org\/ImageGallery\" > <div class=\"gallery-row\" style=\"width: 500px; height: 220px;\" data-original-width=\"500\" data-original-height=\"220\" > <div class=\"gallery-group images-1\" style=\"width: 328px; height: 220px;\" data-original-width=\"328\" data-original-height=\"220\" > <div class=\"tiled-gallery-item tiled-gallery-item-large\" itemprop=\"associatedMedia\" itemscope itemtype=\"http:\/\/schema.org\/ImageObject\"> <a href=\"https:\/\/mincomercionacional.gob.ve\/?attachment_id=25993\" border=\"0\" itemprop=\"url\"> <meta itemprop=\"width\" content=\"324\"> <meta itemprop=\"height\" content=\"216\"> <img decoding=\"async\" class=\"\" data-attachment-id=\"25993\" data-orig-file=\"https:\/\/mincomercionacional.gob.ve\/wp-content\/uploads\/2026\/01\/DSC07720.jpg\" data-orig-size=\"6000,4000\" data-comments-opened=\"\" data-image-meta=\"{&quot;aperture&quot;:&quot;2.8&quot;,&quot;credit&quot;:&quot;&quot;,&quot;camera&quot;:&quot;ILCE-7M3&quot;,&quot;caption&quot;:&quot;&quot;,&quot;created_timestamp&quot;:&quot;1768386471&quot;,&quot;copyright&quot;:&quot;&quot;,&quot;focal_length&quot;:&quot;24&quot;,&quot;iso&quot;:&quot;6400&quot;,&quot;shutter_speed&quot;:&quot;0.02&quot;,&quot;title&quot;:&quot;&quot;,&quot;orientation&quot;:&quot;0&quot;}\" data-image-title=\"DSC07720\" data-image-description=\"\" data-medium-file=\"https:\/\/i0.wp.com\/mincomercionacional.gob.ve\/wp-content\/uploads\/2026\/01\/DSC07720.jpg?fit=300%2C200&#038;ssl=1\" data-large-file=\"https:\/\/i0.wp.com\/mincomercionacional.gob.ve\/wp-content\/uploads\/2026\/01\/DSC07720.jpg?fit=1024%2C683&#038;ssl=1\" src=\"https:\/\/i0.wp.com\/mincomercionacional.gob.ve\/wp-content\/uploads\/2026\/01\/DSC07720.jpg?w=324&#038;h=216&#038;ssl=1\" width=\"324\" height=\"216\" loading=\"lazy\" data-original-width=\"324\" data-original-height=\"216\" itemprop=\"http:\/\/schema.org\/image\" title=\"DSC07720\" alt=\"DSC07720\" style=\"width: 324px; height: 216px;\" \/> <\/a> <\/div> <\/div> <!-- close group --> <div class=\"gallery-group images-2\" style=\"width: 172px; height: 220px;\" data-original-width=\"172\" data-original-height=\"220\" > <div class=\"tiled-gallery-item tiled-gallery-item-small\" itemprop=\"associatedMedia\" itemscope itemtype=\"http:\/\/schema.org\/ImageObject\"> <a href=\"https:\/\/mincomercionacional.gob.ve\/?attachment_id=25994\" border=\"0\" itemprop=\"url\"> <meta itemprop=\"width\" content=\"168\"> <meta itemprop=\"height\" content=\"112\"> <img decoding=\"async\" class=\"\" data-attachment-id=\"25994\" data-orig-file=\"https:\/\/mincomercionacional.gob.ve\/wp-content\/uploads\/2026\/01\/DSC07725.jpg\" data-orig-size=\"6000,4000\" data-comments-opened=\"\" data-image-meta=\"{&quot;aperture&quot;:&quot;3.2&quot;,&quot;credit&quot;:&quot;&quot;,&quot;camera&quot;:&quot;ILCE-7M3&quot;,&quot;caption&quot;:&quot;&quot;,&quot;created_timestamp&quot;:&quot;1768386523&quot;,&quot;copyright&quot;:&quot;&quot;,&quot;focal_length&quot;:&quot;24&quot;,&quot;iso&quot;:&quot;6400&quot;,&quot;shutter_speed&quot;:&quot;0.02&quot;,&quot;title&quot;:&quot;&quot;,&quot;orientation&quot;:&quot;0&quot;}\" data-image-title=\"DSC07725\" data-image-description=\"\" data-medium-file=\"https:\/\/i0.wp.com\/mincomercionacional.gob.ve\/wp-content\/uploads\/2026\/01\/DSC07725.jpg?fit=300%2C200&#038;ssl=1\" data-large-file=\"https:\/\/i0.wp.com\/mincomercionacional.gob.ve\/wp-content\/uploads\/2026\/01\/DSC07725.jpg?fit=1024%2C683&#038;ssl=1\" src=\"https:\/\/i0.wp.com\/mincomercionacional.gob.ve\/wp-content\/uploads\/2026\/01\/DSC07725.jpg?w=168&#038;h=112&#038;ssl=1\" width=\"168\" height=\"112\" loading=\"lazy\" data-original-width=\"168\" data-original-height=\"112\" itemprop=\"http:\/\/schema.org\/image\" title=\"DSC07725\" alt=\"DSC07725\" style=\"width: 168px; height: 112px;\" \/> <\/a> <\/div> <div class=\"tiled-gallery-item tiled-gallery-item-small\" itemprop=\"associatedMedia\" itemscope itemtype=\"http:\/\/schema.org\/ImageObject\"> <a href=\"https:\/\/mincomercionacional.gob.ve\/?attachment_id=25995\" border=\"0\" itemprop=\"url\"> <meta itemprop=\"width\" content=\"168\"> <meta itemprop=\"height\" content=\"100\"> <img decoding=\"async\" class=\"\" data-attachment-id=\"25995\" data-orig-file=\"https:\/\/mincomercionacional.gob.ve\/wp-content\/uploads\/2026\/01\/DSC07755.jpg\" data-orig-size=\"5483,3234\" data-comments-opened=\"\" data-image-meta=\"{&quot;aperture&quot;:&quot;3.5&quot;,&quot;credit&quot;:&quot;&quot;,&quot;camera&quot;:&quot;ILCE-7M3&quot;,&quot;caption&quot;:&quot;&quot;,&quot;created_timestamp&quot;:&quot;1768387260&quot;,&quot;copyright&quot;:&quot;&quot;,&quot;focal_length&quot;:&quot;42&quot;,&quot;iso&quot;:&quot;6400&quot;,&quot;shutter_speed&quot;:&quot;0.033333333333333&quot;,&quot;title&quot;:&quot;&quot;,&quot;orientation&quot;:&quot;0&quot;}\" data-image-title=\"DSC07755\" data-image-description=\"\" data-medium-file=\"https:\/\/i0.wp.com\/mincomercionacional.gob.ve\/wp-content\/uploads\/2026\/01\/DSC07755.jpg?fit=300%2C177&#038;ssl=1\" data-large-file=\"https:\/\/i0.wp.com\/mincomercionacional.gob.ve\/wp-content\/uploads\/2026\/01\/DSC07755.jpg?fit=1024%2C604&#038;ssl=1\" src=\"https:\/\/i0.wp.com\/mincomercionacional.gob.ve\/wp-content\/uploads\/2026\/01\/DSC07755.jpg?w=168&#038;h=100&#038;ssl=1\" width=\"168\" height=\"100\" loading=\"lazy\" data-original-width=\"168\" data-original-height=\"100\" itemprop=\"http:\/\/schema.org\/image\" title=\"DSC07755\" alt=\"DSC07755\" style=\"width: 168px; height: 100px;\" \/> <\/a> <\/div> <\/div> <!-- close group --> <\/div> <!-- close row --> <div class=\"gallery-row\" style=\"width: 500px; height: 156px;\" data-original-width=\"500\" data-original-height=\"156\" > <div class=\"gallery-group images-1\" style=\"width: 248px; height: 156px;\" data-original-width=\"248\" data-original-height=\"156\" > <div class=\"tiled-gallery-item tiled-gallery-item-small\" itemprop=\"associatedMedia\" itemscope itemtype=\"http:\/\/schema.org\/ImageObject\"> <a href=\"https:\/\/mincomercionacional.gob.ve\/?attachment_id=25996\" border=\"0\" itemprop=\"url\"> <meta itemprop=\"width\" content=\"244\"> <meta itemprop=\"height\" content=\"152\"> <img decoding=\"async\" class=\"\" data-attachment-id=\"25996\" data-orig-file=\"https:\/\/mincomercionacional.gob.ve\/wp-content\/uploads\/2026\/01\/DSC07766.jpg\" data-orig-size=\"5780,3617\" data-comments-opened=\"\" data-image-meta=\"{&quot;aperture&quot;:&quot;5.6&quot;,&quot;credit&quot;:&quot;&quot;,&quot;camera&quot;:&quot;ILCE-7M3&quot;,&quot;caption&quot;:&quot;&quot;,&quot;created_timestamp&quot;:&quot;1768387402&quot;,&quot;copyright&quot;:&quot;&quot;,&quot;focal_length&quot;:&quot;24&quot;,&quot;iso&quot;:&quot;2500&quot;,&quot;shutter_speed&quot;:&quot;0.02&quot;,&quot;title&quot;:&quot;&quot;,&quot;orientation&quot;:&quot;0&quot;}\" data-image-title=\"DSC07766\" data-image-description=\"\" data-medium-file=\"https:\/\/i0.wp.com\/mincomercionacional.gob.ve\/wp-content\/uploads\/2026\/01\/DSC07766.jpg?fit=300%2C188&#038;ssl=1\" data-large-file=\"https:\/\/i0.wp.com\/mincomercionacional.gob.ve\/wp-content\/uploads\/2026\/01\/DSC07766.jpg?fit=1024%2C641&#038;ssl=1\" src=\"https:\/\/i0.wp.com\/mincomercionacional.gob.ve\/wp-content\/uploads\/2026\/01\/DSC07766.jpg?w=244&#038;h=152&#038;ssl=1\" width=\"244\" height=\"152\" loading=\"lazy\" data-original-width=\"244\" data-original-height=\"152\" itemprop=\"http:\/\/schema.org\/image\" title=\"DSC07766\" alt=\"DSC07766\" style=\"width: 244px; height: 152px;\" \/> <\/a> <\/div> <\/div> <!-- close group --> <div class=\"gallery-group images-1\" style=\"width: 252px; height: 156px;\" data-original-width=\"252\" data-original-height=\"156\" > <div class=\"tiled-gallery-item tiled-gallery-item-small\" itemprop=\"associatedMedia\" itemscope itemtype=\"http:\/\/schema.org\/ImageObject\"> <a href=\"https:\/\/mincomercionacional.gob.ve\/?attachment_id=25997\" border=\"0\" itemprop=\"url\"> <meta itemprop=\"width\" content=\"248\"> <meta itemprop=\"height\" content=\"152\"> <img decoding=\"async\" class=\"\" data-attachment-id=\"25997\" data-orig-file=\"https:\/\/mincomercionacional.gob.ve\/wp-content\/uploads\/2026\/01\/DSC07776.jpg\" data-orig-size=\"6000,3684\" data-comments-opened=\"\" data-image-meta=\"{&quot;aperture&quot;:&quot;3.5&quot;,&quot;credit&quot;:&quot;&quot;,&quot;camera&quot;:&quot;ILCE-7M3&quot;,&quot;caption&quot;:&quot;&quot;,&quot;created_timestamp&quot;:&quot;1768387714&quot;,&quot;copyright&quot;:&quot;&quot;,&quot;focal_length&quot;:&quot;63&quot;,&quot;iso&quot;:&quot;2500&quot;,&quot;shutter_speed&quot;:&quot;0.01&quot;,&quot;title&quot;:&quot;&quot;,&quot;orientation&quot;:&quot;0&quot;}\" data-image-title=\"DSC07776\" data-image-description=\"\" data-medium-file=\"https:\/\/i0.wp.com\/mincomercionacional.gob.ve\/wp-content\/uploads\/2026\/01\/DSC07776.jpg?fit=300%2C184&#038;ssl=1\" data-large-file=\"https:\/\/i0.wp.com\/mincomercionacional.gob.ve\/wp-content\/uploads\/2026\/01\/DSC07776.jpg?fit=1024%2C629&#038;ssl=1\" src=\"https:\/\/i0.wp.com\/mincomercionacional.gob.ve\/wp-content\/uploads\/2026\/01\/DSC07776.jpg?w=248&#038;h=152&#038;ssl=1\" width=\"248\" height=\"152\" loading=\"lazy\" data-original-width=\"248\" data-original-height=\"152\" itemprop=\"http:\/\/schema.org\/image\" title=\"DSC07776\" alt=\"DSC07776\" style=\"width: 248px; height: 152px;\" \/> <\/a> <\/div> <\/div> <!-- close group --> <\/div> <!-- close row --> <div class=\"gallery-row\" style=\"width: 500px; height: 217px;\" data-original-width=\"500\" data-original-height=\"217\" > <div class=\"gallery-group images-2\" style=\"width: 177px; height: 217px;\" data-original-width=\"177\" data-original-height=\"217\" > <div class=\"tiled-gallery-item tiled-gallery-item-small\" itemprop=\"associatedMedia\" itemscope itemtype=\"http:\/\/schema.org\/ImageObject\"> <a href=\"https:\/\/mincomercionacional.gob.ve\/?attachment_id=25998\" border=\"0\" itemprop=\"url\"> <meta itemprop=\"width\" content=\"173\"> <meta itemprop=\"height\" content=\"93\"> <img decoding=\"async\" class=\"\" data-attachment-id=\"25998\" data-orig-file=\"https:\/\/mincomercionacional.gob.ve\/wp-content\/uploads\/2026\/01\/DSC07784.jpg\" data-orig-size=\"6000,3224\" data-comments-opened=\"\" data-image-meta=\"{&quot;aperture&quot;:&quot;3.5&quot;,&quot;credit&quot;:&quot;&quot;,&quot;camera&quot;:&quot;ILCE-7M3&quot;,&quot;caption&quot;:&quot;&quot;,&quot;created_timestamp&quot;:&quot;1768387742&quot;,&quot;copyright&quot;:&quot;&quot;,&quot;focal_length&quot;:&quot;24&quot;,&quot;iso&quot;:&quot;2500&quot;,&quot;shutter_speed&quot;:&quot;0.01&quot;,&quot;title&quot;:&quot;&quot;,&quot;orientation&quot;:&quot;0&quot;}\" data-image-title=\"DSC07784\" data-image-description=\"\" data-medium-file=\"https:\/\/i0.wp.com\/mincomercionacional.gob.ve\/wp-content\/uploads\/2026\/01\/DSC07784.jpg?fit=300%2C161&#038;ssl=1\" data-large-file=\"https:\/\/i0.wp.com\/mincomercionacional.gob.ve\/wp-content\/uploads\/2026\/01\/DSC07784.jpg?fit=1024%2C550&#038;ssl=1\" src=\"https:\/\/i0.wp.com\/mincomercionacional.gob.ve\/wp-content\/uploads\/2026\/01\/DSC07784.jpg?w=173&#038;h=93&#038;ssl=1\" width=\"173\" height=\"93\" loading=\"lazy\" data-original-width=\"173\" data-original-height=\"93\" itemprop=\"http:\/\/schema.org\/image\" title=\"DSC07784\" alt=\"DSC07784\" style=\"width: 173px; height: 93px;\" \/> <\/a> <\/div> <div class=\"tiled-gallery-item tiled-gallery-item-small\" itemprop=\"associatedMedia\" itemscope itemtype=\"http:\/\/schema.org\/ImageObject\"> <a href=\"https:\/\/mincomercionacional.gob.ve\/?attachment_id=25999\" border=\"0\" itemprop=\"url\"> <meta itemprop=\"width\" content=\"173\"> <meta itemprop=\"height\" content=\"116\"> <img decoding=\"async\" class=\"\" data-attachment-id=\"25999\" data-orig-file=\"https:\/\/mincomercionacional.gob.ve\/wp-content\/uploads\/2026\/01\/DSC07786.jpg\" data-orig-size=\"6000,4000\" data-comments-opened=\"\" data-image-meta=\"{&quot;aperture&quot;:&quot;3.5&quot;,&quot;credit&quot;:&quot;&quot;,&quot;camera&quot;:&quot;ILCE-7M3&quot;,&quot;caption&quot;:&quot;&quot;,&quot;created_timestamp&quot;:&quot;1768388007&quot;,&quot;copyright&quot;:&quot;&quot;,&quot;focal_length&quot;:&quot;24&quot;,&quot;iso&quot;:&quot;4000&quot;,&quot;shutter_speed&quot;:&quot;0.01&quot;,&quot;title&quot;:&quot;&quot;,&quot;orientation&quot;:&quot;0&quot;}\" data-image-title=\"DSC07786\" data-image-description=\"\" data-medium-file=\"https:\/\/i0.wp.com\/mincomercionacional.gob.ve\/wp-content\/uploads\/2026\/01\/DSC07786.jpg?fit=300%2C200&#038;ssl=1\" data-large-file=\"https:\/\/i0.wp.com\/mincomercionacional.gob.ve\/wp-content\/uploads\/2026\/01\/DSC07786.jpg?fit=1024%2C683&#038;ssl=1\" src=\"https:\/\/i0.wp.com\/mincomercionacional.gob.ve\/wp-content\/uploads\/2026\/01\/DSC07786.jpg?w=173&#038;h=116&#038;ssl=1\" width=\"173\" height=\"116\" loading=\"lazy\" data-original-width=\"173\" data-original-height=\"116\" itemprop=\"http:\/\/schema.org\/image\" title=\"DSC07786\" alt=\"DSC07786\" style=\"width: 173px; height: 116px;\" \/> <\/a> <\/div> <\/div> <!-- close group --> <div class=\"gallery-group images-1\" style=\"width: 323px; height: 217px;\" data-original-width=\"323\" data-original-height=\"217\" > <div class=\"tiled-gallery-item tiled-gallery-item-large\" itemprop=\"associatedMedia\" itemscope itemtype=\"http:\/\/schema.org\/ImageObject\"> <a href=\"https:\/\/mincomercionacional.gob.ve\/?attachment_id=26000\" border=\"0\" itemprop=\"url\"> <meta itemprop=\"width\" content=\"319\"> <meta itemprop=\"height\" content=\"213\"> <img decoding=\"async\" class=\"\" data-attachment-id=\"26000\" data-orig-file=\"https:\/\/mincomercionacional.gob.ve\/wp-content\/uploads\/2026\/01\/DSC07790.jpg\" data-orig-size=\"6000,4000\" data-comments-opened=\"\" data-image-meta=\"{&quot;aperture&quot;:&quot;3.5&quot;,&quot;credit&quot;:&quot;&quot;,&quot;camera&quot;:&quot;ILCE-7M3&quot;,&quot;caption&quot;:&quot;&quot;,&quot;created_timestamp&quot;:&quot;1768388114&quot;,&quot;copyright&quot;:&quot;&quot;,&quot;focal_length&quot;:&quot;43&quot;,&quot;iso&quot;:&quot;2500&quot;,&quot;shutter_speed&quot;:&quot;0.01&quot;,&quot;title&quot;:&quot;&quot;,&quot;orientation&quot;:&quot;0&quot;}\" data-image-title=\"DSC07790\" data-image-description=\"\" data-medium-file=\"https:\/\/i0.wp.com\/mincomercionacional.gob.ve\/wp-content\/uploads\/2026\/01\/DSC07790.jpg?fit=300%2C200&#038;ssl=1\" data-large-file=\"https:\/\/i0.wp.com\/mincomercionacional.gob.ve\/wp-content\/uploads\/2026\/01\/DSC07790.jpg?fit=1024%2C683&#038;ssl=1\" src=\"https:\/\/i0.wp.com\/mincomercionacional.gob.ve\/wp-content\/uploads\/2026\/01\/DSC07790.jpg?w=319&#038;h=213&#038;ssl=1\" width=\"319\" height=\"213\" loading=\"lazy\" data-original-width=\"319\" data-original-height=\"213\" itemprop=\"http:\/\/schema.org\/image\" title=\"DSC07790\" alt=\"DSC07790\" style=\"width: 319px; height: 213px;\" \/> <\/a> <\/div> <\/div> <!-- close group --> <\/div> <!-- close row --> <div class=\"gallery-row\" style=\"width: 500px; height: 155px;\" data-original-width=\"500\" data-original-height=\"155\" > <div class=\"gallery-group images-1\" style=\"width: 269px; height: 155px;\" data-original-width=\"269\" data-original-height=\"155\" > <div class=\"tiled-gallery-item tiled-gallery-item-large\" itemprop=\"associatedMedia\" itemscope itemtype=\"http:\/\/schema.org\/ImageObject\"> <a href=\"https:\/\/mincomercionacional.gob.ve\/?attachment_id=26001\" border=\"0\" itemprop=\"url\"> <meta itemprop=\"width\" content=\"265\"> <meta itemprop=\"height\" content=\"151\"> <img decoding=\"async\" class=\"\" data-attachment-id=\"26001\" data-orig-file=\"https:\/\/mincomercionacional.gob.ve\/wp-content\/uploads\/2026\/01\/DSC07807.jpg\" data-orig-size=\"5876,3349\" data-comments-opened=\"\" data-image-meta=\"{&quot;aperture&quot;:&quot;2.8&quot;,&quot;credit&quot;:&quot;&quot;,&quot;camera&quot;:&quot;ILCE-7M3&quot;,&quot;caption&quot;:&quot;&quot;,&quot;created_timestamp&quot;:&quot;1768388348&quot;,&quot;copyright&quot;:&quot;&quot;,&quot;focal_length&quot;:&quot;24&quot;,&quot;iso&quot;:&quot;2500&quot;,&quot;shutter_speed&quot;:&quot;0.01&quot;,&quot;title&quot;:&quot;&quot;,&quot;orientation&quot;:&quot;0&quot;}\" data-image-title=\"DSC07807\" data-image-description=\"\" data-medium-file=\"https:\/\/i0.wp.com\/mincomercionacional.gob.ve\/wp-content\/uploads\/2026\/01\/DSC07807.jpg?fit=300%2C171&#038;ssl=1\" data-large-file=\"https:\/\/i0.wp.com\/mincomercionacional.gob.ve\/wp-content\/uploads\/2026\/01\/DSC07807.jpg?fit=1024%2C584&#038;ssl=1\" src=\"https:\/\/i0.wp.com\/mincomercionacional.gob.ve\/wp-content\/uploads\/2026\/01\/DSC07807.jpg?w=265&#038;h=151&#038;ssl=1\" width=\"265\" height=\"151\" loading=\"lazy\" data-original-width=\"265\" data-original-height=\"151\" itemprop=\"http:\/\/schema.org\/image\" title=\"DSC07807\" alt=\"DSC07807\" style=\"width: 265px; height: 151px;\" \/> <\/a> <\/div> <\/div> <!-- close group --> <div class=\"gallery-group images-1\" style=\"width: 231px; height: 155px;\" data-original-width=\"231\" data-original-height=\"155\" > <div class=\"tiled-gallery-item tiled-gallery-item-small\" itemprop=\"associatedMedia\" itemscope itemtype=\"http:\/\/schema.org\/ImageObject\"> <a href=\"https:\/\/mincomercionacional.gob.ve\/?attachment_id=26002\" border=\"0\" itemprop=\"url\"> <meta itemprop=\"width\" content=\"227\"> <meta itemprop=\"height\" content=\"151\"> <img decoding=\"async\" class=\"\" data-attachment-id=\"26002\" data-orig-file=\"https:\/\/mincomercionacional.gob.ve\/wp-content\/uploads\/2026\/01\/DSC07810.jpg\" data-orig-size=\"6000,4000\" data-comments-opened=\"\" data-image-meta=\"{&quot;aperture&quot;:&quot;2.8&quot;,&quot;credit&quot;:&quot;&quot;,&quot;camera&quot;:&quot;ILCE-7M3&quot;,&quot;caption&quot;:&quot;&quot;,&quot;created_timestamp&quot;:&quot;1768389179&quot;,&quot;copyright&quot;:&quot;&quot;,&quot;focal_length&quot;:&quot;24&quot;,&quot;iso&quot;:&quot;2500&quot;,&quot;shutter_speed&quot;:&quot;0.025&quot;,&quot;title&quot;:&quot;&quot;,&quot;orientation&quot;:&quot;0&quot;}\" data-image-title=\"DSC07810\" data-image-description=\"\" data-medium-file=\"https:\/\/i0.wp.com\/mincomercionacional.gob.ve\/wp-content\/uploads\/2026\/01\/DSC07810.jpg?fit=300%2C200&#038;ssl=1\" data-large-file=\"https:\/\/i0.wp.com\/mincomercionacional.gob.ve\/wp-content\/uploads\/2026\/01\/DSC07810.jpg?fit=1024%2C683&#038;ssl=1\" src=\"https:\/\/i0.wp.com\/mincomercionacional.gob.ve\/wp-content\/uploads\/2026\/01\/DSC07810.jpg?w=227&#038;h=151&#038;ssl=1\" width=\"227\" height=\"151\" loading=\"lazy\" data-original-width=\"227\" data-original-height=\"151\" itemprop=\"http:\/\/schema.org\/image\" title=\"DSC07810\" alt=\"DSC07810\" style=\"width: 227px; height: 151px;\" \/> <\/a> <\/div> <\/div> <!-- close group --> <\/div> <!-- close row --> <\/div>\n<p>&nbsp;<\/p>\n","protected":false},"excerpt":{"rendered":"<p>La exhibici\u00f3n \u00abExpo Ni\u00f1os en el Espacio: un viaje al Sistema Solar\u00bb se lleva a cabo en el Centro de Convenciones de La Carlota, ofreciendo a toda la familia venezolana una experiencia interactiva inolvidable. Esta exposici\u00f3n en su horario habitual de 9:00 de la ma\u00f1ana a 4:00 de la tarde de lunes a domingo, en &hellip;<\/p>\n","protected":false},"author":21,"featured_media":26003,"comment_status":"closed","ping_status":"open","sticky":false,"template":"","format":"standard","meta":{"footnotes":""},"categories":[1256],"tags":[2504,1916,2505,39],"class_list":["post-25992","post","type-post","status-publish","format-standard","has-post-thumbnail","hentry","category-comercio-nacional","tag-lacarlota","tag-ninos","tag-universo","tag-venezuela"],"jetpack_featured_media_url":"https:\/\/i0.wp.com\/mincomercionacional.gob.ve\/wp-content\/uploads\/2026\/01\/DSC07817.jpg?fit=6000%2C4000&ssl=1","jetpack_shortlink":"https:\/\/wp.me\/pbvjg9-6Le","_links":{"self":[{"href":"https:\/\/mincomercionacional.gob.ve\/index.php?rest_route=\/wp\/v2\/posts\/25992","targetHints":{"allow":["GET"]}}],"collection":[{"href":"https:\/\/mincomercionacional.gob.ve\/index.php?rest_route=\/wp\/v2\/posts"}],"about":[{"href":"https:\/\/mincomercionacional.gob.ve\/index.php?rest_route=\/wp\/v2\/types\/post"}],"author":[{"embeddable":true,"href":"https:\/\/mincomercionacional.gob.ve\/index.php?rest_route=\/wp\/v2\/users\/21"}],"replies":[{"embeddable":true,"href":"https:\/\/mincomercionacional.gob.ve\/index.php?rest_route=%2Fwp%2Fv2%2Fcomments&post=25992"}],"version-history":[{"count":1,"href":"https:\/\/mincomercionacional.gob.ve\/index.php?rest_route=\/wp\/v2\/posts\/25992\/revisions"}],"predecessor-version":[{"id":26004,"href":"https:\/\/mincomercionacional.gob.ve\/index.php?rest_route=\/wp\/v2\/posts\/25992\/revisions\/26004"}],"wp:featuredmedia":[{"embeddable":true,"href":"https:\/\/mincomercionacional.gob.ve\/index.php?rest_route=\/wp\/v2\/media\/26003"}],"wp:attachment":[{"href":"https:\/\/mincomercionacional.gob.ve\/index.php?rest_route=%2Fwp%2Fv2%2Fmedia&parent=25992"}],"wp:term":[{"taxonomy":"category","embeddable":true,"href":"https:\/\/mincomercionacional.gob.ve\/index.php?rest_route=%2Fwp%2Fv2%2Fcategories&post=25992"},{"taxonomy":"post_tag","embeddable":true,"href":"https:\/\/mincomercionacional.gob.ve\/index.php?rest_route=%2Fwp%2Fv2%2Ftags&post=25992"}],"curies":[{"name":"wp","href":"https:\/\/api.w.org\/{rel}","templated":true}]}}