{"id":25867,"date":"2026-01-07T14:47:29","date_gmt":"2026-01-07T18:47:29","guid":{"rendered":"https:\/\/mincomercionacional.gob.ve\/?p=25867"},"modified":"2026-01-07T14:48:04","modified_gmt":"2026-01-07T18:48:04","slug":"presidenta-ejecutiva-produccion-comunal-es-el-motor-estrategico-del-reto-admirable-2026","status":"publish","type":"post","link":"https:\/\/mincomercionacional.gob.ve\/?p=25867","title":{"rendered":"Presidenta Encargada: Producci\u00f3n comunal es el motor estrat\u00e9gico del Reto Admirable 2026"},"content":{"rendered":"<p style=\"text-align: justify;\">La presidenta encargada de la Rep\u00fablica Bolivariana de Venezuela, Delcy Rodr\u00edguez, en compa\u00f1\u00eda del ministro del Poder Popular de Comercio Nacional, Luis Antonio Villegas, y dem\u00e1s autoridades lider\u00f3 un despliegue de trabajo en la Comuna Socialista Jos\u00e9 F\u00e9lix Ribas en la parroquia Ant\u00edmano de Caracas, donde inspeccion\u00f3 los avances de los proyectos aprobados a trav\u00e9s de las Consultas Populares Nacionales y el empoderamiento productivo de la comunidad.<\/p>\n<p style=\"text-align: justify;\">Durante el recorrido, Rodr\u00edguez verific\u00f3 el impacto social de los proyectos culminados, espec\u00edficamente la dotaci\u00f3n de tanques de agua de 150 y 200 litros, resultado directo de la democracia participativa y protag\u00f3nica.<\/p>\n<p style=\"text-align: justify;\">Adem\u00e1s, conoci\u00f3 la operatividad de la Textiler\u00eda Jos\u00e9 F\u00e9lix Ribas, planta que confecciona uniformes para 15 centros educativos, y la unidad de art\u00edculos de limpieza \u00abUn Nuevo Amanecer\u00bb .<\/p>\n<p style=\"text-align: justify;\">Aprovech\u00f3 la oportunidad para anunciar que la consolidaci\u00f3n de los circuitos econ\u00f3micos comunales ser\u00e1 el eje central de la gesti\u00f3n para el a\u00f1o 2026 definiendo este periodo como el del \u00abReto Admirable\u00bb, orientado a blindar la soberan\u00eda alimentaria y la industria nacional.<\/p>\n<p style=\"text-align: justify;\">\u00abTodo esto es para que los circuitos econ\u00f3micos garanticen producci\u00f3n local, abastecimiento y, lo m\u00e1s importante, un precio justo, no especulativo\u00bb, destac\u00f3 la Presidenta Encargada.<\/p>\n<p style=\"text-align: justify;\">Asimismo, supervis\u00f3 las obras actualmente en ejecuci\u00f3n, como la sustituci\u00f3n de techos y la creaci\u00f3n del nuevo Gimnasio Comunal, iniciativa impulsada por la juventud del sector.<\/p>\n<div class=\"tiled-gallery type-rectangular tiled-gallery-unresized\" data-original-width=\"500\" data-carousel-extra='{&quot;blog_id&quot;:1,&quot;permalink&quot;:&quot;https:\\\/\\\/mincomercionacional.gob.ve\\\/?p=25867&quot;,&quot;likes_blog_id&quot;:170001901}' itemscope itemtype=\"http:\/\/schema.org\/ImageGallery\" > <div class=\"gallery-row\" style=\"width: 500px; height: 224px;\" data-original-width=\"500\" data-original-height=\"224\" > <div class=\"gallery-group images-1\" style=\"width: 334px; height: 224px;\" data-original-width=\"334\" data-original-height=\"224\" > <div class=\"tiled-gallery-item tiled-gallery-item-large\" itemprop=\"associatedMedia\" itemscope itemtype=\"http:\/\/schema.org\/ImageObject\"> <a href=\"https:\/\/mincomercionacional.gob.ve\/?attachment_id=25881\" border=\"0\" itemprop=\"url\"> <meta itemprop=\"width\" content=\"330\"> <meta itemprop=\"height\" content=\"220\"> <img decoding=\"async\" class=\"\" data-attachment-id=\"25881\" data-orig-file=\"https:\/\/mincomercionacional.gob.ve\/wp-content\/uploads\/2026\/01\/IMG_20260107_144049_777.jpg\" data-orig-size=\"1280,853\" data-comments-opened=\"\" data-image-meta=\"{&quot;aperture&quot;:&quot;0&quot;,&quot;credit&quot;:&quot;&quot;,&quot;camera&quot;:&quot;&quot;,&quot;caption&quot;:&quot;&quot;,&quot;created_timestamp&quot;:&quot;0&quot;,&quot;copyright&quot;:&quot;&quot;,&quot;focal_length&quot;:&quot;0&quot;,&quot;iso&quot;:&quot;0&quot;,&quot;shutter_speed&quot;:&quot;0&quot;,&quot;title&quot;:&quot;&quot;,&quot;orientation&quot;:&quot;0&quot;}\" data-image-title=\"IMG_20260107_144049_777\" data-image-description=\"\" data-medium-file=\"https:\/\/i0.wp.com\/mincomercionacional.gob.ve\/wp-content\/uploads\/2026\/01\/IMG_20260107_144049_777.jpg?fit=300%2C200&#038;ssl=1\" data-large-file=\"https:\/\/i0.wp.com\/mincomercionacional.gob.ve\/wp-content\/uploads\/2026\/01\/IMG_20260107_144049_777.jpg?fit=1024%2C682&#038;ssl=1\" src=\"https:\/\/i0.wp.com\/mincomercionacional.gob.ve\/wp-content\/uploads\/2026\/01\/IMG_20260107_144049_777.jpg?w=330&#038;h=220&#038;ssl=1\" width=\"330\" height=\"220\" loading=\"lazy\" data-original-width=\"330\" data-original-height=\"220\" itemprop=\"http:\/\/schema.org\/image\" title=\"IMG_20260107_144049_777\" alt=\"IMG_20260107_144049_777\" style=\"width: 330px; height: 220px;\" \/> <\/a> <\/div> <\/div> <!-- close group --> <div class=\"gallery-group images-2\" style=\"width: 166px; height: 224px;\" data-original-width=\"166\" data-original-height=\"224\" > <div class=\"tiled-gallery-item tiled-gallery-item-small\" itemprop=\"associatedMedia\" itemscope itemtype=\"http:\/\/schema.org\/ImageObject\"> <a href=\"https:\/\/mincomercionacional.gob.ve\/?attachment_id=25884\" border=\"0\" itemprop=\"url\"> <meta itemprop=\"width\" content=\"162\"> <meta itemprop=\"height\" content=\"108\"> <img decoding=\"async\" class=\"\" data-attachment-id=\"25884\" data-orig-file=\"https:\/\/mincomercionacional.gob.ve\/wp-content\/uploads\/2026\/01\/IMG_20260107_144032_511.jpg\" data-orig-size=\"1280,853\" data-comments-opened=\"\" data-image-meta=\"{&quot;aperture&quot;:&quot;0&quot;,&quot;credit&quot;:&quot;&quot;,&quot;camera&quot;:&quot;&quot;,&quot;caption&quot;:&quot;&quot;,&quot;created_timestamp&quot;:&quot;0&quot;,&quot;copyright&quot;:&quot;&quot;,&quot;focal_length&quot;:&quot;0&quot;,&quot;iso&quot;:&quot;0&quot;,&quot;shutter_speed&quot;:&quot;0&quot;,&quot;title&quot;:&quot;&quot;,&quot;orientation&quot;:&quot;0&quot;}\" data-image-title=\"IMG_20260107_144032_511\" data-image-description=\"\" data-medium-file=\"https:\/\/i0.wp.com\/mincomercionacional.gob.ve\/wp-content\/uploads\/2026\/01\/IMG_20260107_144032_511.jpg?fit=300%2C200&#038;ssl=1\" data-large-file=\"https:\/\/i0.wp.com\/mincomercionacional.gob.ve\/wp-content\/uploads\/2026\/01\/IMG_20260107_144032_511.jpg?fit=1024%2C682&#038;ssl=1\" src=\"https:\/\/i0.wp.com\/mincomercionacional.gob.ve\/wp-content\/uploads\/2026\/01\/IMG_20260107_144032_511.jpg?w=162&#038;h=108&#038;ssl=1\" width=\"162\" height=\"108\" loading=\"lazy\" data-original-width=\"162\" data-original-height=\"108\" itemprop=\"http:\/\/schema.org\/image\" title=\"IMG_20260107_144032_511\" alt=\"IMG_20260107_144032_511\" style=\"width: 162px; height: 108px;\" \/> <\/a> <\/div> <div class=\"tiled-gallery-item tiled-gallery-item-small\" itemprop=\"associatedMedia\" itemscope itemtype=\"http:\/\/schema.org\/ImageObject\"> <a href=\"https:\/\/mincomercionacional.gob.ve\/?attachment_id=25882\" border=\"0\" itemprop=\"url\"> <meta itemprop=\"width\" content=\"162\"> <meta itemprop=\"height\" content=\"108\"> <img decoding=\"async\" class=\"\" data-attachment-id=\"25882\" data-orig-file=\"https:\/\/mincomercionacional.gob.ve\/wp-content\/uploads\/2026\/01\/IMG_20260107_144042_873.jpg\" data-orig-size=\"1280,854\" data-comments-opened=\"\" data-image-meta=\"{&quot;aperture&quot;:&quot;0&quot;,&quot;credit&quot;:&quot;&quot;,&quot;camera&quot;:&quot;&quot;,&quot;caption&quot;:&quot;&quot;,&quot;created_timestamp&quot;:&quot;0&quot;,&quot;copyright&quot;:&quot;&quot;,&quot;focal_length&quot;:&quot;0&quot;,&quot;iso&quot;:&quot;0&quot;,&quot;shutter_speed&quot;:&quot;0&quot;,&quot;title&quot;:&quot;&quot;,&quot;orientation&quot;:&quot;0&quot;}\" data-image-title=\"IMG_20260107_144042_873\" data-image-description=\"\" data-medium-file=\"https:\/\/i0.wp.com\/mincomercionacional.gob.ve\/wp-content\/uploads\/2026\/01\/IMG_20260107_144042_873.jpg?fit=300%2C200&#038;ssl=1\" data-large-file=\"https:\/\/i0.wp.com\/mincomercionacional.gob.ve\/wp-content\/uploads\/2026\/01\/IMG_20260107_144042_873.jpg?fit=1024%2C683&#038;ssl=1\" src=\"https:\/\/i0.wp.com\/mincomercionacional.gob.ve\/wp-content\/uploads\/2026\/01\/IMG_20260107_144042_873.jpg?w=162&#038;h=108&#038;ssl=1\" width=\"162\" height=\"108\" loading=\"lazy\" data-original-width=\"162\" data-original-height=\"108\" itemprop=\"http:\/\/schema.org\/image\" title=\"IMG_20260107_144042_873\" alt=\"IMG_20260107_144042_873\" style=\"width: 162px; height: 108px;\" \/> <\/a> <\/div> <\/div> <!-- close group --> <\/div> <!-- close row --> <div class=\"gallery-row\" style=\"width: 500px; height: 230px;\" data-original-width=\"500\" data-original-height=\"230\" > <div class=\"gallery-group images-2\" style=\"width: 158px; height: 230px;\" data-original-width=\"158\" data-original-height=\"230\" > <div class=\"tiled-gallery-item tiled-gallery-item-small\" itemprop=\"associatedMedia\" itemscope itemtype=\"http:\/\/schema.org\/ImageObject\"> <a href=\"https:\/\/mincomercionacional.gob.ve\/?attachment_id=25883\" border=\"0\" itemprop=\"url\"> <meta itemprop=\"width\" content=\"154\"> <meta itemprop=\"height\" content=\"119\"> <img decoding=\"async\" class=\"\" data-attachment-id=\"25883\" data-orig-file=\"https:\/\/mincomercionacional.gob.ve\/wp-content\/uploads\/2026\/01\/IMG_20260107_144039_393.jpg\" data-orig-size=\"1280,988\" data-comments-opened=\"\" data-image-meta=\"{&quot;aperture&quot;:&quot;0&quot;,&quot;credit&quot;:&quot;&quot;,&quot;camera&quot;:&quot;&quot;,&quot;caption&quot;:&quot;&quot;,&quot;created_timestamp&quot;:&quot;0&quot;,&quot;copyright&quot;:&quot;&quot;,&quot;focal_length&quot;:&quot;0&quot;,&quot;iso&quot;:&quot;0&quot;,&quot;shutter_speed&quot;:&quot;0&quot;,&quot;title&quot;:&quot;&quot;,&quot;orientation&quot;:&quot;0&quot;}\" data-image-title=\"IMG_20260107_144039_393\" data-image-description=\"\" data-medium-file=\"https:\/\/i0.wp.com\/mincomercionacional.gob.ve\/wp-content\/uploads\/2026\/01\/IMG_20260107_144039_393.jpg?fit=300%2C232&#038;ssl=1\" data-large-file=\"https:\/\/i0.wp.com\/mincomercionacional.gob.ve\/wp-content\/uploads\/2026\/01\/IMG_20260107_144039_393.jpg?fit=1024%2C790&#038;ssl=1\" src=\"https:\/\/i0.wp.com\/mincomercionacional.gob.ve\/wp-content\/uploads\/2026\/01\/IMG_20260107_144039_393.jpg?w=154&#038;h=119&#038;ssl=1\" width=\"154\" height=\"119\" loading=\"lazy\" data-original-width=\"154\" data-original-height=\"119\" itemprop=\"http:\/\/schema.org\/image\" title=\"IMG_20260107_144039_393\" alt=\"IMG_20260107_144039_393\" style=\"width: 154px; height: 119px;\" \/> <\/a> <\/div> <div class=\"tiled-gallery-item tiled-gallery-item-small\" itemprop=\"associatedMedia\" itemscope itemtype=\"http:\/\/schema.org\/ImageObject\"> <a href=\"https:\/\/mincomercionacional.gob.ve\/?attachment_id=25886\" border=\"0\" itemprop=\"url\"> <meta itemprop=\"width\" content=\"154\"> <meta itemprop=\"height\" content=\"103\"> <img decoding=\"async\" class=\"\" data-attachment-id=\"25886\" data-orig-file=\"https:\/\/mincomercionacional.gob.ve\/wp-content\/uploads\/2026\/01\/IMG_20260107_144049_935.jpg\" data-orig-size=\"1280,854\" data-comments-opened=\"\" data-image-meta=\"{&quot;aperture&quot;:&quot;0&quot;,&quot;credit&quot;:&quot;&quot;,&quot;camera&quot;:&quot;&quot;,&quot;caption&quot;:&quot;&quot;,&quot;created_timestamp&quot;:&quot;0&quot;,&quot;copyright&quot;:&quot;&quot;,&quot;focal_length&quot;:&quot;0&quot;,&quot;iso&quot;:&quot;0&quot;,&quot;shutter_speed&quot;:&quot;0&quot;,&quot;title&quot;:&quot;&quot;,&quot;orientation&quot;:&quot;0&quot;}\" data-image-title=\"IMG_20260107_144049_935\" data-image-description=\"\" data-medium-file=\"https:\/\/i0.wp.com\/mincomercionacional.gob.ve\/wp-content\/uploads\/2026\/01\/IMG_20260107_144049_935.jpg?fit=300%2C200&#038;ssl=1\" data-large-file=\"https:\/\/i0.wp.com\/mincomercionacional.gob.ve\/wp-content\/uploads\/2026\/01\/IMG_20260107_144049_935.jpg?fit=1024%2C683&#038;ssl=1\" src=\"https:\/\/i0.wp.com\/mincomercionacional.gob.ve\/wp-content\/uploads\/2026\/01\/IMG_20260107_144049_935.jpg?w=154&#038;h=103&#038;ssl=1\" width=\"154\" height=\"103\" loading=\"lazy\" data-original-width=\"154\" data-original-height=\"103\" itemprop=\"http:\/\/schema.org\/image\" title=\"IMG_20260107_144049_935\" alt=\"IMG_20260107_144049_935\" style=\"width: 154px; height: 103px;\" \/> <\/a> <\/div> <\/div> <!-- close group --> <div class=\"gallery-group images-1\" style=\"width: 342px; height: 230px;\" data-original-width=\"342\" data-original-height=\"230\" > <div class=\"tiled-gallery-item tiled-gallery-item-large\" itemprop=\"associatedMedia\" itemscope itemtype=\"http:\/\/schema.org\/ImageObject\"> <a href=\"https:\/\/mincomercionacional.gob.ve\/?attachment_id=25887\" border=\"0\" itemprop=\"url\"> <meta itemprop=\"width\" content=\"338\"> <meta itemprop=\"height\" content=\"226\"> <img decoding=\"async\" class=\"\" data-attachment-id=\"25887\" data-orig-file=\"https:\/\/mincomercionacional.gob.ve\/wp-content\/uploads\/2026\/01\/IMG_20260107_144055_890.jpg\" data-orig-size=\"1280,855\" data-comments-opened=\"\" data-image-meta=\"{&quot;aperture&quot;:&quot;0&quot;,&quot;credit&quot;:&quot;&quot;,&quot;camera&quot;:&quot;&quot;,&quot;caption&quot;:&quot;&quot;,&quot;created_timestamp&quot;:&quot;0&quot;,&quot;copyright&quot;:&quot;&quot;,&quot;focal_length&quot;:&quot;0&quot;,&quot;iso&quot;:&quot;0&quot;,&quot;shutter_speed&quot;:&quot;0&quot;,&quot;title&quot;:&quot;&quot;,&quot;orientation&quot;:&quot;0&quot;}\" data-image-title=\"IMG_20260107_144055_890\" data-image-description=\"\" data-medium-file=\"https:\/\/i0.wp.com\/mincomercionacional.gob.ve\/wp-content\/uploads\/2026\/01\/IMG_20260107_144055_890.jpg?fit=300%2C200&#038;ssl=1\" data-large-file=\"https:\/\/i0.wp.com\/mincomercionacional.gob.ve\/wp-content\/uploads\/2026\/01\/IMG_20260107_144055_890.jpg?fit=1024%2C684&#038;ssl=1\" src=\"https:\/\/i0.wp.com\/mincomercionacional.gob.ve\/wp-content\/uploads\/2026\/01\/IMG_20260107_144055_890.jpg?w=338&#038;h=226&#038;ssl=1\" width=\"338\" height=\"226\" loading=\"lazy\" data-original-width=\"338\" data-original-height=\"226\" itemprop=\"http:\/\/schema.org\/image\" title=\"IMG_20260107_144055_890\" alt=\"IMG_20260107_144055_890\" style=\"width: 338px; height: 226px;\" \/> <\/a> <\/div> <\/div> <!-- close group --> <\/div> <!-- close row --> <div class=\"gallery-row\" style=\"width: 500px; height: 87px;\" data-original-width=\"500\" data-original-height=\"87\" > <div class=\"gallery-group images-1\" style=\"width: 129px; height: 87px;\" data-original-width=\"129\" data-original-height=\"87\" > <div class=\"tiled-gallery-item tiled-gallery-item-small\" itemprop=\"associatedMedia\" itemscope itemtype=\"http:\/\/schema.org\/ImageObject\"> <a href=\"https:\/\/mincomercionacional.gob.ve\/?attachment_id=25888\" border=\"0\" itemprop=\"url\"> <meta itemprop=\"width\" content=\"125\"> <meta itemprop=\"height\" content=\"83\"> <img decoding=\"async\" class=\"\" data-attachment-id=\"25888\" data-orig-file=\"https:\/\/mincomercionacional.gob.ve\/wp-content\/uploads\/2026\/01\/IMG_20260107_144056_216.jpg\" data-orig-size=\"1280,855\" data-comments-opened=\"\" data-image-meta=\"{&quot;aperture&quot;:&quot;0&quot;,&quot;credit&quot;:&quot;&quot;,&quot;camera&quot;:&quot;&quot;,&quot;caption&quot;:&quot;&quot;,&quot;created_timestamp&quot;:&quot;0&quot;,&quot;copyright&quot;:&quot;&quot;,&quot;focal_length&quot;:&quot;0&quot;,&quot;iso&quot;:&quot;0&quot;,&quot;shutter_speed&quot;:&quot;0&quot;,&quot;title&quot;:&quot;&quot;,&quot;orientation&quot;:&quot;0&quot;}\" data-image-title=\"IMG_20260107_144056_216\" data-image-description=\"\" data-medium-file=\"https:\/\/i0.wp.com\/mincomercionacional.gob.ve\/wp-content\/uploads\/2026\/01\/IMG_20260107_144056_216.jpg?fit=300%2C200&#038;ssl=1\" data-large-file=\"https:\/\/i0.wp.com\/mincomercionacional.gob.ve\/wp-content\/uploads\/2026\/01\/IMG_20260107_144056_216.jpg?fit=1024%2C684&#038;ssl=1\" src=\"https:\/\/i0.wp.com\/mincomercionacional.gob.ve\/wp-content\/uploads\/2026\/01\/IMG_20260107_144056_216.jpg?w=125&#038;h=83&#038;ssl=1\" width=\"125\" height=\"83\" loading=\"lazy\" data-original-width=\"125\" data-original-height=\"83\" itemprop=\"http:\/\/schema.org\/image\" title=\"IMG_20260107_144056_216\" alt=\"IMG_20260107_144056_216\" style=\"width: 125px; height: 83px;\" \/> <\/a> <\/div> <\/div> <!-- close group --> <div class=\"gallery-group images-1\" style=\"width: 129px; height: 87px;\" data-original-width=\"129\" data-original-height=\"87\" > <div class=\"tiled-gallery-item tiled-gallery-item-small\" itemprop=\"associatedMedia\" itemscope itemtype=\"http:\/\/schema.org\/ImageObject\"> <a href=\"https:\/\/mincomercionacional.gob.ve\/?attachment_id=25889\" border=\"0\" itemprop=\"url\"> <meta itemprop=\"width\" content=\"125\"> <meta itemprop=\"height\" content=\"83\"> <img decoding=\"async\" class=\"\" data-attachment-id=\"25889\" data-orig-file=\"https:\/\/mincomercionacional.gob.ve\/wp-content\/uploads\/2026\/01\/IMG_20260107_144056_017.jpg\" data-orig-size=\"1280,855\" data-comments-opened=\"\" data-image-meta=\"{&quot;aperture&quot;:&quot;0&quot;,&quot;credit&quot;:&quot;&quot;,&quot;camera&quot;:&quot;&quot;,&quot;caption&quot;:&quot;&quot;,&quot;created_timestamp&quot;:&quot;0&quot;,&quot;copyright&quot;:&quot;&quot;,&quot;focal_length&quot;:&quot;0&quot;,&quot;iso&quot;:&quot;0&quot;,&quot;shutter_speed&quot;:&quot;0&quot;,&quot;title&quot;:&quot;&quot;,&quot;orientation&quot;:&quot;0&quot;}\" data-image-title=\"IMG_20260107_144056_017\" data-image-description=\"\" data-medium-file=\"https:\/\/i0.wp.com\/mincomercionacional.gob.ve\/wp-content\/uploads\/2026\/01\/IMG_20260107_144056_017.jpg?fit=300%2C200&#038;ssl=1\" data-large-file=\"https:\/\/i0.wp.com\/mincomercionacional.gob.ve\/wp-content\/uploads\/2026\/01\/IMG_20260107_144056_017.jpg?fit=1024%2C684&#038;ssl=1\" src=\"https:\/\/i0.wp.com\/mincomercionacional.gob.ve\/wp-content\/uploads\/2026\/01\/IMG_20260107_144056_017.jpg?w=125&#038;h=83&#038;ssl=1\" width=\"125\" height=\"83\" loading=\"lazy\" data-original-width=\"125\" data-original-height=\"83\" itemprop=\"http:\/\/schema.org\/image\" title=\"IMG_20260107_144056_017\" alt=\"IMG_20260107_144056_017\" style=\"width: 125px; height: 83px;\" \/> <\/a> <\/div> <\/div> <!-- close group --> <div class=\"gallery-group images-1\" style=\"width: 129px; height: 87px;\" data-original-width=\"129\" data-original-height=\"87\" > <div class=\"tiled-gallery-item tiled-gallery-item-small\" itemprop=\"associatedMedia\" itemscope itemtype=\"http:\/\/schema.org\/ImageObject\"> <a href=\"https:\/\/mincomercionacional.gob.ve\/?attachment_id=25890\" border=\"0\" itemprop=\"url\"> <meta itemprop=\"width\" content=\"125\"> <meta itemprop=\"height\" content=\"83\"> <img decoding=\"async\" class=\"\" data-attachment-id=\"25890\" data-orig-file=\"https:\/\/mincomercionacional.gob.ve\/wp-content\/uploads\/2026\/01\/IMG_20260107_144101_978.jpg\" data-orig-size=\"1280,855\" data-comments-opened=\"\" data-image-meta=\"{&quot;aperture&quot;:&quot;0&quot;,&quot;credit&quot;:&quot;&quot;,&quot;camera&quot;:&quot;&quot;,&quot;caption&quot;:&quot;&quot;,&quot;created_timestamp&quot;:&quot;0&quot;,&quot;copyright&quot;:&quot;&quot;,&quot;focal_length&quot;:&quot;0&quot;,&quot;iso&quot;:&quot;0&quot;,&quot;shutter_speed&quot;:&quot;0&quot;,&quot;title&quot;:&quot;&quot;,&quot;orientation&quot;:&quot;0&quot;}\" data-image-title=\"IMG_20260107_144101_978\" data-image-description=\"\" data-medium-file=\"https:\/\/i0.wp.com\/mincomercionacional.gob.ve\/wp-content\/uploads\/2026\/01\/IMG_20260107_144101_978.jpg?fit=300%2C200&#038;ssl=1\" data-large-file=\"https:\/\/i0.wp.com\/mincomercionacional.gob.ve\/wp-content\/uploads\/2026\/01\/IMG_20260107_144101_978.jpg?fit=1024%2C684&#038;ssl=1\" src=\"https:\/\/i0.wp.com\/mincomercionacional.gob.ve\/wp-content\/uploads\/2026\/01\/IMG_20260107_144101_978.jpg?w=125&#038;h=83&#038;ssl=1\" width=\"125\" height=\"83\" loading=\"lazy\" data-original-width=\"125\" data-original-height=\"83\" itemprop=\"http:\/\/schema.org\/image\" title=\"IMG_20260107_144101_978\" alt=\"IMG_20260107_144101_978\" style=\"width: 125px; height: 83px;\" \/> <\/a> <\/div> <\/div> <!-- close group --> <div class=\"gallery-group images-1\" style=\"width: 113px; height: 87px;\" data-original-width=\"113\" data-original-height=\"87\" > <div class=\"tiled-gallery-item tiled-gallery-item-small\" itemprop=\"associatedMedia\" itemscope itemtype=\"http:\/\/schema.org\/ImageObject\"> <a href=\"https:\/\/mincomercionacional.gob.ve\/?attachment_id=25891\" border=\"0\" itemprop=\"url\"> <meta itemprop=\"width\" content=\"109\"> <meta itemprop=\"height\" content=\"83\"> <img decoding=\"async\" class=\"\" data-attachment-id=\"25891\" data-orig-file=\"https:\/\/mincomercionacional.gob.ve\/wp-content\/uploads\/2026\/01\/IMG_20260106_202300_6252.jpg\" data-orig-size=\"3333,2533\" data-comments-opened=\"\" data-image-meta=\"{&quot;aperture&quot;:&quot;4&quot;,&quot;credit&quot;:&quot;&quot;,&quot;camera&quot;:&quot;Canon EOS R3&quot;,&quot;caption&quot;:&quot;&quot;,&quot;created_timestamp&quot;:&quot;1767723045&quot;,&quot;copyright&quot;:&quot;&quot;,&quot;focal_length&quot;:&quot;28&quot;,&quot;iso&quot;:&quot;6400&quot;,&quot;shutter_speed&quot;:&quot;0.00125&quot;,&quot;title&quot;:&quot;&quot;,&quot;orientation&quot;:&quot;1&quot;}\" data-image-title=\"IMG_20260106_202300_625~2\" data-image-description=\"\" data-medium-file=\"https:\/\/i0.wp.com\/mincomercionacional.gob.ve\/wp-content\/uploads\/2026\/01\/IMG_20260106_202300_6252.jpg?fit=300%2C228&#038;ssl=1\" data-large-file=\"https:\/\/i0.wp.com\/mincomercionacional.gob.ve\/wp-content\/uploads\/2026\/01\/IMG_20260106_202300_6252.jpg?fit=1024%2C778&#038;ssl=1\" src=\"https:\/\/i0.wp.com\/mincomercionacional.gob.ve\/wp-content\/uploads\/2026\/01\/IMG_20260106_202300_6252.jpg?w=109&#038;h=83&#038;ssl=1\" width=\"109\" height=\"83\" loading=\"lazy\" data-original-width=\"109\" data-original-height=\"83\" itemprop=\"http:\/\/schema.org\/image\" title=\"IMG_20260106_202300_625~2\" alt=\"IMG_20260106_202300_625~2\" style=\"width: 109px; height: 83px;\" \/> <\/a> <\/div> <\/div> <!-- close group --> <\/div> <!-- close row --> <\/div>\n","protected":false},"excerpt":{"rendered":"<p>La presidenta encargada de la Rep\u00fablica Bolivariana de Venezuela, Delcy Rodr\u00edguez, en compa\u00f1\u00eda del ministro del Poder Popular de Comercio Nacional, Luis Antonio Villegas, y dem\u00e1s autoridades lider\u00f3 un despliegue de trabajo en la Comuna Socialista Jos\u00e9 F\u00e9lix Ribas en la parroquia Ant\u00edmano de Caracas, donde inspeccion\u00f3 los avances de los proyectos aprobados a trav\u00e9s &hellip;<\/p>\n","protected":false},"author":22,"featured_media":25868,"comment_status":"closed","ping_status":"open","sticky":false,"template":"","format":"standard","meta":{"footnotes":""},"categories":[1253],"tags":[38,2499,2501,2500,2340],"class_list":["post-25867","post","type-post","status-publish","format-standard","has-post-thumbnail","hentry","category-prensa-presidencial","tag-abastecimiento","tag-comuna-jose-felix-ribas","tag-empoderamiento-productivo","tag-impacto-social","tag-planta"],"jetpack_featured_media_url":"https:\/\/i0.wp.com\/mincomercionacional.gob.ve\/wp-content\/uploads\/2026\/01\/photo_2026-01-07_13-14-50.jpg?fit=1280%2C855&ssl=1","jetpack_shortlink":"https:\/\/wp.me\/pbvjg9-6Jd","_links":{"self":[{"href":"https:\/\/mincomercionacional.gob.ve\/index.php?rest_route=\/wp\/v2\/posts\/25867","targetHints":{"allow":["GET"]}}],"collection":[{"href":"https:\/\/mincomercionacional.gob.ve\/index.php?rest_route=\/wp\/v2\/posts"}],"about":[{"href":"https:\/\/mincomercionacional.gob.ve\/index.php?rest_route=\/wp\/v2\/types\/post"}],"author":[{"embeddable":true,"href":"https:\/\/mincomercionacional.gob.ve\/index.php?rest_route=\/wp\/v2\/users\/22"}],"replies":[{"embeddable":true,"href":"https:\/\/mincomercionacional.gob.ve\/index.php?rest_route=%2Fwp%2Fv2%2Fcomments&post=25867"}],"version-history":[{"count":3,"href":"https:\/\/mincomercionacional.gob.ve\/index.php?rest_route=\/wp\/v2\/posts\/25867\/revisions"}],"predecessor-version":[{"id":25893,"href":"https:\/\/mincomercionacional.gob.ve\/index.php?rest_route=\/wp\/v2\/posts\/25867\/revisions\/25893"}],"wp:featuredmedia":[{"embeddable":true,"href":"https:\/\/mincomercionacional.gob.ve\/index.php?rest_route=\/wp\/v2\/media\/25868"}],"wp:attachment":[{"href":"https:\/\/mincomercionacional.gob.ve\/index.php?rest_route=%2Fwp%2Fv2%2Fmedia&parent=25867"}],"wp:term":[{"taxonomy":"category","embeddable":true,"href":"https:\/\/mincomercionacional.gob.ve\/index.php?rest_route=%2Fwp%2Fv2%2Fcategories&post=25867"},{"taxonomy":"post_tag","embeddable":true,"href":"https:\/\/mincomercionacional.gob.ve\/index.php?rest_route=%2Fwp%2Fv2%2Ftags&post=25867"}],"curies":[{"name":"wp","href":"https:\/\/api.w.org\/{rel}","templated":true}]}}