{"id":25856,"date":"2026-01-06T17:29:56","date_gmt":"2026-01-06T21:29:56","guid":{"rendered":"https:\/\/mincomercionacional.gob.ve\/?p=25856"},"modified":"2026-01-06T17:36:15","modified_gmt":"2026-01-06T21:36:15","slug":"gobierno-nacional-activa-estado-mayor-agroalimentario-e-industrial-para-fortalecer-la-soberania-economica","status":"publish","type":"post","link":"https:\/\/mincomercionacional.gob.ve\/?p=25856","title":{"rendered":"Gobierno Nacional activa Estado Mayor Agroalimentario e Industrial para fortalecer la soberan\u00eda econ\u00f3mica"},"content":{"rendered":"<p style=\"text-align: justify;\">La presidenta encargada de la Rep\u00fablica Bolivariana de Venezuela, Delcy Rodr\u00edguez, instal\u00f3 la comisi\u00f3n del Estado Mayor Agroalimentario, Pesca, Comunal e Industrial, una de las dos instancias de alto nivel creadas para garantizar la continuidad administrativa y la soberan\u00eda integral de la Naci\u00f3n.<\/p>\n<p style=\"text-align: justify;\">El objetivo central de este Estado Mayor, uno de los motores ideados por el presidente Nicol\u00e1s Maduro, es garantizar y afianzar los proyectos de soberan\u00eda alimentaria y abastecimiento frente a las recientes tensiones pol\u00edticas y presiones externas.<\/p>\n<p style=\"text-align: justify;\">La creaci\u00f3n de esta comisi\u00f3n se produce simult\u00e1neamente con la conformaci\u00f3n de una instancia de alto nivel para la liberaci\u00f3n del Presidente Constitucional, Nicol\u00e1s Maduro Moros, y de la primera combatiente, Cilia Flores, tras su secuestro por parte del Gobierno de los Estados Unidos la madrugada del 3 de enero.<\/p>\n<p style=\"text-align: justify;\">El Estado Mayor Agroalimentario, Pesca, Comunal e Industrial, est\u00e1 integrado por: vicepresidente sectorial de Econom\u00eda, Calixto Ortega; ministra del Poder Popular de Econom\u00eda y Finanzas Anabel Pereira; Pesca y Acuicultura, Juan Carlos Loyo; Alimentaci\u00f3n, M\/G Carlos Leal Teller\u00eda; Agricultura Productiva y Tierras, Julio Le\u00f3n Heredia; Comercio Nacional, Luis Antonio Villegas; Industrias y Producci\u00f3n Nacional, Alex Saab y ministro del Poder Popular para las Comunas, los Movimientos Sociales y la Agricultura Urbana, \u00c1ngel Prado.<\/p>\n<p>&nbsp;<\/p>\n<div class=\"tiled-gallery type-rectangular tiled-gallery-unresized\" data-original-width=\"500\" data-carousel-extra='{&quot;blog_id&quot;:1,&quot;permalink&quot;:&quot;https:\\\/\\\/mincomercionacional.gob.ve\\\/?p=25856&quot;,&quot;likes_blog_id&quot;:170001901}' itemscope itemtype=\"http:\/\/schema.org\/ImageGallery\" > <div class=\"gallery-row\" style=\"width: 500px; height: 260px;\" data-original-width=\"500\" data-original-height=\"260\" > <div class=\"gallery-group images-1\" style=\"width: 324px; height: 260px;\" data-original-width=\"324\" data-original-height=\"260\" > <div class=\"tiled-gallery-item tiled-gallery-item-large\" itemprop=\"associatedMedia\" itemscope itemtype=\"http:\/\/schema.org\/ImageObject\"> <a href=\"https:\/\/mincomercionacional.gob.ve\/?attachment_id=25860\" border=\"0\" itemprop=\"url\"> <meta itemprop=\"width\" content=\"320\"> <meta itemprop=\"height\" content=\"256\"> <img decoding=\"async\" class=\"\" data-attachment-id=\"25860\" data-orig-file=\"https:\/\/mincomercionacional.gob.ve\/wp-content\/uploads\/2026\/01\/IMG_20260106_160345_089.jpg\" data-orig-size=\"2560,2047\" data-comments-opened=\"\" data-image-meta=\"{&quot;aperture&quot;:&quot;0&quot;,&quot;credit&quot;:&quot;&quot;,&quot;camera&quot;:&quot;&quot;,&quot;caption&quot;:&quot;&quot;,&quot;created_timestamp&quot;:&quot;0&quot;,&quot;copyright&quot;:&quot;&quot;,&quot;focal_length&quot;:&quot;0&quot;,&quot;iso&quot;:&quot;0&quot;,&quot;shutter_speed&quot;:&quot;0&quot;,&quot;title&quot;:&quot;&quot;,&quot;orientation&quot;:&quot;0&quot;}\" data-image-title=\"IMG_20260106_160345_089\" data-image-description=\"\" data-medium-file=\"https:\/\/i0.wp.com\/mincomercionacional.gob.ve\/wp-content\/uploads\/2026\/01\/IMG_20260106_160345_089.jpg?fit=300%2C240&#038;ssl=1\" data-large-file=\"https:\/\/i0.wp.com\/mincomercionacional.gob.ve\/wp-content\/uploads\/2026\/01\/IMG_20260106_160345_089.jpg?fit=1024%2C819&#038;ssl=1\" src=\"https:\/\/i0.wp.com\/mincomercionacional.gob.ve\/wp-content\/uploads\/2026\/01\/IMG_20260106_160345_089.jpg?w=320&#038;h=256&#038;ssl=1\" width=\"320\" height=\"256\" loading=\"lazy\" data-original-width=\"320\" data-original-height=\"256\" itemprop=\"http:\/\/schema.org\/image\" title=\"IMG_20260106_160345_089\" alt=\"IMG_20260106_160345_089\" style=\"width: 320px; height: 256px;\" \/> <\/a> <\/div> <\/div> <!-- close group --> <div class=\"gallery-group images-2\" style=\"width: 176px; height: 260px;\" data-original-width=\"176\" data-original-height=\"260\" > <div class=\"tiled-gallery-item tiled-gallery-item-small\" itemprop=\"associatedMedia\" itemscope itemtype=\"http:\/\/schema.org\/ImageObject\"> <a href=\"https:\/\/mincomercionacional.gob.ve\/?attachment_id=25861\" border=\"0\" itemprop=\"url\"> <meta itemprop=\"width\" content=\"172\"> <meta itemprop=\"height\" content=\"115\"> <img decoding=\"async\" class=\"\" data-attachment-id=\"25861\" data-orig-file=\"https:\/\/mincomercionacional.gob.ve\/wp-content\/uploads\/2026\/01\/IMG_20260106_160344_653.jpg\" data-orig-size=\"2560,1706\" data-comments-opened=\"\" data-image-meta=\"{&quot;aperture&quot;:&quot;0&quot;,&quot;credit&quot;:&quot;&quot;,&quot;camera&quot;:&quot;&quot;,&quot;caption&quot;:&quot;&quot;,&quot;created_timestamp&quot;:&quot;0&quot;,&quot;copyright&quot;:&quot;&quot;,&quot;focal_length&quot;:&quot;0&quot;,&quot;iso&quot;:&quot;0&quot;,&quot;shutter_speed&quot;:&quot;0&quot;,&quot;title&quot;:&quot;&quot;,&quot;orientation&quot;:&quot;0&quot;}\" data-image-title=\"IMG_20260106_160344_653\" data-image-description=\"\" data-medium-file=\"https:\/\/i0.wp.com\/mincomercionacional.gob.ve\/wp-content\/uploads\/2026\/01\/IMG_20260106_160344_653.jpg?fit=300%2C200&#038;ssl=1\" data-large-file=\"https:\/\/i0.wp.com\/mincomercionacional.gob.ve\/wp-content\/uploads\/2026\/01\/IMG_20260106_160344_653.jpg?fit=1024%2C682&#038;ssl=1\" src=\"https:\/\/i0.wp.com\/mincomercionacional.gob.ve\/wp-content\/uploads\/2026\/01\/IMG_20260106_160344_653.jpg?w=172&#038;h=115&#038;ssl=1\" width=\"172\" height=\"115\" loading=\"lazy\" data-original-width=\"172\" data-original-height=\"115\" itemprop=\"http:\/\/schema.org\/image\" title=\"IMG_20260106_160344_653\" alt=\"IMG_20260106_160344_653\" style=\"width: 172px; height: 115px;\" \/> <\/a> <\/div> <div class=\"tiled-gallery-item tiled-gallery-item-small\" itemprop=\"associatedMedia\" itemscope itemtype=\"http:\/\/schema.org\/ImageObject\"> <a href=\"https:\/\/mincomercionacional.gob.ve\/?attachment_id=25862\" border=\"0\" itemprop=\"url\"> <meta itemprop=\"width\" content=\"172\"> <meta itemprop=\"height\" content=\"137\"> <img decoding=\"async\" class=\"\" data-attachment-id=\"25862\" data-orig-file=\"https:\/\/mincomercionacional.gob.ve\/wp-content\/uploads\/2026\/01\/IMG_20260106_160344_954.jpg\" data-orig-size=\"2560,2047\" data-comments-opened=\"\" data-image-meta=\"{&quot;aperture&quot;:&quot;0&quot;,&quot;credit&quot;:&quot;&quot;,&quot;camera&quot;:&quot;&quot;,&quot;caption&quot;:&quot;&quot;,&quot;created_timestamp&quot;:&quot;0&quot;,&quot;copyright&quot;:&quot;&quot;,&quot;focal_length&quot;:&quot;0&quot;,&quot;iso&quot;:&quot;0&quot;,&quot;shutter_speed&quot;:&quot;0&quot;,&quot;title&quot;:&quot;&quot;,&quot;orientation&quot;:&quot;0&quot;}\" data-image-title=\"IMG_20260106_160344_954\" data-image-description=\"\" data-medium-file=\"https:\/\/i0.wp.com\/mincomercionacional.gob.ve\/wp-content\/uploads\/2026\/01\/IMG_20260106_160344_954.jpg?fit=300%2C240&#038;ssl=1\" data-large-file=\"https:\/\/i0.wp.com\/mincomercionacional.gob.ve\/wp-content\/uploads\/2026\/01\/IMG_20260106_160344_954.jpg?fit=1024%2C819&#038;ssl=1\" src=\"https:\/\/i0.wp.com\/mincomercionacional.gob.ve\/wp-content\/uploads\/2026\/01\/IMG_20260106_160344_954.jpg?w=172&#038;h=137&#038;ssl=1\" width=\"172\" height=\"137\" loading=\"lazy\" data-original-width=\"172\" data-original-height=\"137\" itemprop=\"http:\/\/schema.org\/image\" title=\"IMG_20260106_160344_954\" alt=\"IMG_20260106_160344_954\" style=\"width: 172px; height: 137px;\" \/> <\/a> <\/div> <\/div> <!-- close group --> <\/div> <!-- close row --> <div class=\"gallery-row\" style=\"width: 500px; height: 183px;\" data-original-width=\"500\" data-original-height=\"183\" > <div class=\"gallery-group images-1\" style=\"width: 272px; height: 183px;\" data-original-width=\"272\" data-original-height=\"183\" > <div class=\"tiled-gallery-item tiled-gallery-item-large\" itemprop=\"associatedMedia\" itemscope itemtype=\"http:\/\/schema.org\/ImageObject\"> <a href=\"https:\/\/mincomercionacional.gob.ve\/?attachment_id=25863\" border=\"0\" itemprop=\"url\"> <meta itemprop=\"width\" content=\"268\"> <meta itemprop=\"height\" content=\"179\"> <img decoding=\"async\" class=\"\" data-attachment-id=\"25863\" data-orig-file=\"https:\/\/mincomercionacional.gob.ve\/wp-content\/uploads\/2026\/01\/IMG_20260106_160345_038.jpg\" data-orig-size=\"2560,1706\" data-comments-opened=\"\" data-image-meta=\"{&quot;aperture&quot;:&quot;0&quot;,&quot;credit&quot;:&quot;&quot;,&quot;camera&quot;:&quot;&quot;,&quot;caption&quot;:&quot;&quot;,&quot;created_timestamp&quot;:&quot;0&quot;,&quot;copyright&quot;:&quot;&quot;,&quot;focal_length&quot;:&quot;0&quot;,&quot;iso&quot;:&quot;0&quot;,&quot;shutter_speed&quot;:&quot;0&quot;,&quot;title&quot;:&quot;&quot;,&quot;orientation&quot;:&quot;0&quot;}\" data-image-title=\"IMG_20260106_160345_038\" data-image-description=\"\" data-medium-file=\"https:\/\/i0.wp.com\/mincomercionacional.gob.ve\/wp-content\/uploads\/2026\/01\/IMG_20260106_160345_038.jpg?fit=300%2C200&#038;ssl=1\" data-large-file=\"https:\/\/i0.wp.com\/mincomercionacional.gob.ve\/wp-content\/uploads\/2026\/01\/IMG_20260106_160345_038.jpg?fit=1024%2C682&#038;ssl=1\" src=\"https:\/\/i0.wp.com\/mincomercionacional.gob.ve\/wp-content\/uploads\/2026\/01\/IMG_20260106_160345_038.jpg?w=268&#038;h=179&#038;ssl=1\" width=\"268\" height=\"179\" loading=\"lazy\" data-original-width=\"268\" data-original-height=\"179\" itemprop=\"http:\/\/schema.org\/image\" title=\"IMG_20260106_160345_038\" alt=\"IMG_20260106_160345_038\" style=\"width: 268px; height: 179px;\" \/> <\/a> <\/div> <\/div> <!-- close group --> <div class=\"gallery-group images-1\" style=\"width: 228px; height: 183px;\" data-original-width=\"228\" data-original-height=\"183\" > <div class=\"tiled-gallery-item tiled-gallery-item-small\" itemprop=\"associatedMedia\" itemscope itemtype=\"http:\/\/schema.org\/ImageObject\"> <a href=\"https:\/\/mincomercionacional.gob.ve\/?attachment_id=25864\" border=\"0\" itemprop=\"url\"> <meta itemprop=\"width\" content=\"224\"> <meta itemprop=\"height\" content=\"179\"> <img decoding=\"async\" class=\"\" data-attachment-id=\"25864\" data-orig-file=\"https:\/\/mincomercionacional.gob.ve\/wp-content\/uploads\/2026\/01\/IMG_20260106_160344_433.jpg\" data-orig-size=\"2560,2048\" data-comments-opened=\"\" data-image-meta=\"{&quot;aperture&quot;:&quot;0&quot;,&quot;credit&quot;:&quot;&quot;,&quot;camera&quot;:&quot;&quot;,&quot;caption&quot;:&quot;&quot;,&quot;created_timestamp&quot;:&quot;0&quot;,&quot;copyright&quot;:&quot;&quot;,&quot;focal_length&quot;:&quot;0&quot;,&quot;iso&quot;:&quot;0&quot;,&quot;shutter_speed&quot;:&quot;0&quot;,&quot;title&quot;:&quot;&quot;,&quot;orientation&quot;:&quot;0&quot;}\" data-image-title=\"IMG_20260106_160344_433\" data-image-description=\"\" data-medium-file=\"https:\/\/i0.wp.com\/mincomercionacional.gob.ve\/wp-content\/uploads\/2026\/01\/IMG_20260106_160344_433.jpg?fit=300%2C240&#038;ssl=1\" data-large-file=\"https:\/\/i0.wp.com\/mincomercionacional.gob.ve\/wp-content\/uploads\/2026\/01\/IMG_20260106_160344_433.jpg?fit=1024%2C819&#038;ssl=1\" src=\"https:\/\/i0.wp.com\/mincomercionacional.gob.ve\/wp-content\/uploads\/2026\/01\/IMG_20260106_160344_433.jpg?w=224&#038;h=179&#038;ssl=1\" width=\"224\" height=\"179\" loading=\"lazy\" data-original-width=\"224\" data-original-height=\"179\" itemprop=\"http:\/\/schema.org\/image\" title=\"IMG_20260106_160344_433\" alt=\"IMG_20260106_160344_433\" style=\"width: 224px; height: 179px;\" \/> <\/a> <\/div> <\/div> <!-- close group --> <\/div> <!-- close row --> <\/div>\n","protected":false},"excerpt":{"rendered":"<p>La presidenta encargada de la Rep\u00fablica Bolivariana de Venezuela, Delcy Rodr\u00edguez, instal\u00f3 la comisi\u00f3n del Estado Mayor Agroalimentario, Pesca, Comunal e Industrial, una de las dos instancias de alto nivel creadas para garantizar la continuidad administrativa y la soberan\u00eda integral de la Naci\u00f3n. El objetivo central de este Estado Mayor, uno de los motores ideados &hellip;<\/p>\n","protected":false},"author":22,"featured_media":25857,"comment_status":"closed","ping_status":"open","sticky":false,"template":"","format":"standard","meta":{"footnotes":""},"categories":[1253],"tags":[38,1305,2498,934,307],"class_list":["post-25856","post","type-post","status-publish","format-standard","has-post-thumbnail","hentry","category-prensa-presidencial","tag-abastecimiento","tag-encuentro","tag-estado-mayor-agroalimentario","tag-luis-antonio-villegas","tag-pueblo"],"jetpack_featured_media_url":"https:\/\/i0.wp.com\/mincomercionacional.gob.ve\/wp-content\/uploads\/2026\/01\/IMG_20260106_160120_284.jpg?fit=1280%2C853&ssl=1","jetpack_shortlink":"https:\/\/wp.me\/pbvjg9-6J2","_links":{"self":[{"href":"https:\/\/mincomercionacional.gob.ve\/index.php?rest_route=\/wp\/v2\/posts\/25856","targetHints":{"allow":["GET"]}}],"collection":[{"href":"https:\/\/mincomercionacional.gob.ve\/index.php?rest_route=\/wp\/v2\/posts"}],"about":[{"href":"https:\/\/mincomercionacional.gob.ve\/index.php?rest_route=\/wp\/v2\/types\/post"}],"author":[{"embeddable":true,"href":"https:\/\/mincomercionacional.gob.ve\/index.php?rest_route=\/wp\/v2\/users\/22"}],"replies":[{"embeddable":true,"href":"https:\/\/mincomercionacional.gob.ve\/index.php?rest_route=%2Fwp%2Fv2%2Fcomments&post=25856"}],"version-history":[{"count":3,"href":"https:\/\/mincomercionacional.gob.ve\/index.php?rest_route=\/wp\/v2\/posts\/25856\/revisions"}],"predecessor-version":[{"id":25865,"href":"https:\/\/mincomercionacional.gob.ve\/index.php?rest_route=\/wp\/v2\/posts\/25856\/revisions\/25865"}],"wp:featuredmedia":[{"embeddable":true,"href":"https:\/\/mincomercionacional.gob.ve\/index.php?rest_route=\/wp\/v2\/media\/25857"}],"wp:attachment":[{"href":"https:\/\/mincomercionacional.gob.ve\/index.php?rest_route=%2Fwp%2Fv2%2Fmedia&parent=25856"}],"wp:term":[{"taxonomy":"category","embeddable":true,"href":"https:\/\/mincomercionacional.gob.ve\/index.php?rest_route=%2Fwp%2Fv2%2Fcategories&post=25856"},{"taxonomy":"post_tag","embeddable":true,"href":"https:\/\/mincomercionacional.gob.ve\/index.php?rest_route=%2Fwp%2Fv2%2Ftags&post=25856"}],"curies":[{"name":"wp","href":"https:\/\/api.w.org\/{rel}","templated":true}]}}