{"id":25246,"date":"2025-11-19T16:00:02","date_gmt":"2025-11-19T20:00:02","guid":{"rendered":"https:\/\/mincomercionacional.gob.ve\/?p=25246"},"modified":"2025-11-19T21:05:39","modified_gmt":"2025-11-20T01:05:39","slug":"gobierno-bolivariano-avanza-en-el-fortalecimiento-del-plan-bodega-en-aragua","status":"publish","type":"post","link":"https:\/\/mincomercionacional.gob.ve\/?p=25246","title":{"rendered":"Gobierno Bolivariano avanza en el fortalecimiento del Plan Bodega en Aragua"},"content":{"rendered":"<p style=\"text-align: justify;\">Como parte del fortalecimiento a la Gran Misi\u00f3n Igualdad y Justicia Social Hugo Ch\u00e1vez, el Gobierno Bolivariano, a trav\u00e9s del Ministerio del Poder Popular de Comercio Nacional, ha realizado importantes avances en la evaluaci\u00f3n y articulaci\u00f3n del Plan Bodega en el estado Aragua, en cumplimiento de las instrucciones del presidente Nicol\u00e1s Maduro.<\/p>\n<p style=\"text-align: justify;\">El equipo multidisciplinario de Comercio Nacional, llev\u00f3 a cabo una reuni\u00f3n con la gobernadora del estado Aragua, Joana S\u00e1nchez, con el objetivo de ofrecer un balance del Plan Bodega en la entidad.<\/p>\n<p style=\"text-align: justify;\">Esta iniciativa garantiza la distribuci\u00f3n eficiente de alimentos y productos de primera necesidad, llegando a las comunidades a trav\u00e9s de una red de bodegas.<\/p>\n<p style=\"text-align: justify;\">A su vez, se llev\u00f3 a cabo un recorrido en el Mercado Mayorista de Maracay, para verificar los niveles de infraestructura del mercado y evaluar la articulaci\u00f3n con los proveedores locales.<\/p>\n<p style=\"text-align: justify;\">Se pudo conocer que estas gestiones permiten la activaci\u00f3n de canales de articulaci\u00f3n con productores de los estados occidentales, espec\u00edficamente Trujillo y M\u00e9rida, estableciendo alianzas estrat\u00e9gica para permitir la distribuci\u00f3n de producci\u00f3n de frutas, verduras y hortalizas hacia el mercado de Aragua.<\/p>\n<p style=\"text-align: justify;\">El compromiso del Gobierno Bolivariano con la articulaci\u00f3n interregional, el impulso a la producci\u00f3n nacional y la garant\u00eda de la seguridad alimentaria, contribuyen de manera directa al fortalecimiento de la econom\u00eda productiva y diversificada del pa\u00eds.<\/p>\n","protected":false},"excerpt":{"rendered":"<p>Como parte del fortalecimiento a la Gran Misi\u00f3n Igualdad y Justicia Social Hugo Ch\u00e1vez, el Gobierno Bolivariano, a trav\u00e9s del Ministerio del Poder Popular de Comercio Nacional, ha realizado importantes avances en la evaluaci\u00f3n y articulaci\u00f3n del Plan Bodega en el estado Aragua, en cumplimiento de las instrucciones del presidente Nicol\u00e1s Maduro. El equipo multidisciplinario &hellip;<\/p>\n","protected":false},"author":22,"featured_media":25247,"comment_status":"closed","ping_status":"open","sticky":false,"template":"","format":"standard","meta":{"footnotes":""},"categories":[1256,1],"tags":[],"class_list":["post-25246","post","type-post","status-publish","format-standard","has-post-thumbnail","hentry","category-comercio-nacional","category-prensa"],"jetpack_featured_media_url":"https:\/\/i0.wp.com\/mincomercionacional.gob.ve\/wp-content\/uploads\/2025\/11\/IMG_20251119_210239_469.jpg?fit=810%2C1080&ssl=1","jetpack_shortlink":"https:\/\/wp.me\/pbvjg9-6zc","_links":{"self":[{"href":"https:\/\/mincomercionacional.gob.ve\/index.php?rest_route=\/wp\/v2\/posts\/25246","targetHints":{"allow":["GET"]}}],"collection":[{"href":"https:\/\/mincomercionacional.gob.ve\/index.php?rest_route=\/wp\/v2\/posts"}],"about":[{"href":"https:\/\/mincomercionacional.gob.ve\/index.php?rest_route=\/wp\/v2\/types\/post"}],"author":[{"embeddable":true,"href":"https:\/\/mincomercionacional.gob.ve\/index.php?rest_route=\/wp\/v2\/users\/22"}],"replies":[{"embeddable":true,"href":"https:\/\/mincomercionacional.gob.ve\/index.php?rest_route=%2Fwp%2Fv2%2Fcomments&post=25246"}],"version-history":[{"count":1,"href":"https:\/\/mincomercionacional.gob.ve\/index.php?rest_route=\/wp\/v2\/posts\/25246\/revisions"}],"predecessor-version":[{"id":25248,"href":"https:\/\/mincomercionacional.gob.ve\/index.php?rest_route=\/wp\/v2\/posts\/25246\/revisions\/25248"}],"wp:featuredmedia":[{"embeddable":true,"href":"https:\/\/mincomercionacional.gob.ve\/index.php?rest_route=\/wp\/v2\/media\/25247"}],"wp:attachment":[{"href":"https:\/\/mincomercionacional.gob.ve\/index.php?rest_route=%2Fwp%2Fv2%2Fmedia&parent=25246"}],"wp:term":[{"taxonomy":"category","embeddable":true,"href":"https:\/\/mincomercionacional.gob.ve\/index.php?rest_route=%2Fwp%2Fv2%2Fcategories&post=25246"},{"taxonomy":"post_tag","embeddable":true,"href":"https:\/\/mincomercionacional.gob.ve\/index.php?rest_route=%2Fwp%2Fv2%2Ftags&post=25246"}],"curies":[{"name":"wp","href":"https:\/\/api.w.org\/{rel}","templated":true}]}}